{"id":55997,"date":"2018-03-09T22:43:40","date_gmt":"2018-03-09T22:43:40","guid":{"rendered":"https:\/\/www.deberes.net\/tesis\/sin-categoria\/analisis-contrastivo-locativo-nocional-de-la-complementacion-de-regimen-verbal-en-el-espanol-hablado-en-alicante-usos-espaciales-y-abstractos-de-salir-y-entrar\/"},"modified":"2018-03-09T22:43:40","modified_gmt":"2018-03-09T22:43:40","slug":"analisis-contrastivo-locativo-nocional-de-la-complementacion-de-regimen-verbal-en-el-espanol-hablado-en-alicante-usos-espaciales-y-abstractos-de-salir-y-entrar","status":"publish","type":"post","link":"https:\/\/www.deberes.net\/tesis\/sintaxis-y-analisis-sintactico\/analisis-contrastivo-locativo-nocional-de-la-complementacion-de-regimen-verbal-en-el-espanol-hablado-en-alicante-usos-espaciales-y-abstractos-de-salir-y-entrar\/","title":{"rendered":"An\u00e1lisis contrastivo locativo-nocional de la complementaci\u00f3n de r\u00e9gimen verbal en el espa\u00f1ol hablado en alicante: usos espaciales y abstractos de salir y entrar"},"content":{"rendered":"<h2>Tesis doctoral de <strong> L\u00f3pez Elisa Barraj\u00f3n <\/strong><\/h2>\n<p>El objetivo de esta tesis doctoral es realizar un an\u00e1lisis contrastivo de la complementaci\u00f3n preposicional local y nocional subcategorizada por dos verbos de movimiento direccionales: salir y entrar. Para ello hemos partido de dos corpus orales ?Corpus oral de la variedad juvenil universitaria del espa\u00f1ol hablado en alicante (covja) y alicante, corpus del espa\u00f1ol (alcore)? Y de uno escrito ?Crea? De los que hemos extra\u00eddo ejemplos concretos para examinar el funcionamiento de estos objetos preposicionales en lo que se refiere a sus posibilidades de omisi\u00f3n, tipo de conmutaci\u00f3n, variabilidad preposicional, etc. El complemento preposicional en espa\u00f1ol se ha abordado en los \u00faltimos treinta a\u00f1os desde una \u00f3ptica discreta basada en el cumplimiento de una serie de rasgos necesarios y suficientes (Valencialidad, sustituci\u00f3n pronominal, fijaci\u00f3n prepositiva, etc.) Con el fin de diferenciarlo de otras funciones sint\u00e1cticas, como el complemento circunstancial?Caracterizado por su marginalidad, conmutaci\u00f3n adverbial y variabilidad prepositiva? Y de crear as\u00ed una categor\u00eda funcional perfectamente n\u00edtida y delimitada. Sin embargo, la existencia de ciertos complementos preposicionales seleccionados por verbos de movimiento y de situaci\u00f3n (sus antecesores habitaban en las cuevas, residen en vigo, llegamos a casa el martes, viven en alicante, met\u00ed el coche en el garaje, entraron en la oficina, etc.) Ponen en entredicho la eficacia de estos criterios, dado que estas estructuras presentan un car\u00e1cter h\u00edbrido al compartir rasgos de ambas funciones sint\u00e1cticas. Por un lado, coinciden con el suplemento en su naturaleza argumental, pero se aproximan a los circunstanciales por su referente de funci\u00f3n (sus antecesores habitaban all\u00ed, residen all\u00ed, llegamos all\u00ed el martes, viven all\u00ed, met\u00ed el coche all\u00ed, entraron all\u00ed) y por sus posibilidades de alternancia preposicional (residen en\/cerca de\/al lado de vigo, entraron en\/dentro de la oficina, etc.). Ante la exis<\/p>\n<p>&nbsp;<\/p>\n<h3>Datos acad\u00e9micos de la tesis doctoral \u00ab<strong>An\u00e1lisis contrastivo locativo-nocional de la complementaci\u00f3n de r\u00e9gimen verbal en el espa\u00f1ol hablado en alicante: usos espaciales y abstractos de salir y entrar<\/strong>\u00ab<\/h3>\n<ul>\n<li><strong>T\u00edtulo de la tesis:<\/strong>\u00a0 An\u00e1lisis contrastivo locativo-nocional de la complementaci\u00f3n de r\u00e9gimen verbal en el espa\u00f1ol hablado en alicante: usos espaciales y abstractos de salir y entrar <\/li>\n<li><strong>Autor:<\/strong>\u00a0 L\u00f3pez Elisa Barraj\u00f3n <\/li>\n<li><strong>Universidad:<\/strong>\u00a0 Alicante<\/li>\n<li><strong>Fecha de lectura de la tesis:<\/strong>\u00a0 13\/12\/2006<\/li>\n<\/ul>\n<p>&nbsp;<\/p>\n<h3>Direcci\u00f3n y tribunal<\/h3>\n<ul>\n<li><strong>Director de la tesis<\/strong>\n<ul>\n<li>Mar\u00eda Antonia Mart\u00ednez Linares<\/li>\n<\/ul>\n<\/li>\n<li><strong>Tribunal<\/strong>\n<ul>\n<li>Presidente del tribunal: manuel Alvar ezquerra <\/li>\n<li>guillermo Rojo s\u00e1nchez (vocal)<\/li>\n<li>llorca Carmen marim\u00f3n (vocal)<\/li>\n<li>enrique Alcar\u00e1z var\u00f3 (vocal)<\/li>\n<\/ul>\n<\/li>\n<\/ul>\n<p>&nbsp;<\/p>\n","protected":false},"excerpt":{"rendered":"<p>Tesis doctoral de L\u00f3pez Elisa Barraj\u00f3n El objetivo de esta tesis doctoral es realizar un an\u00e1lisis contrastivo de la complementaci\u00f3n [&hellip;]<\/p>\n","protected":false},"author":1,"featured_media":0,"comment_status":"open","ping_status":"open","sticky":false,"template":"","format":"standard","meta":{"site-sidebar-layout":"default","site-content-layout":"","ast-site-content-layout":"","site-content-style":"default","site-sidebar-style":"default","ast-global-header-display":"","ast-banner-title-visibility":"","ast-main-header-display":"","ast-hfb-above-header-display":"","ast-hfb-below-header-display":"","ast-hfb-mobile-header-display":"","site-post-title":"","ast-breadcrumbs-content":"","ast-featured-img":"","footer-sml-layout":"","theme-transparent-header-meta":"","adv-header-id-meta":"","stick-header-meta":"","header-above-stick-meta":"","header-main-stick-meta":"","header-below-stick-meta":"","astra-migrate-meta-layouts":"default","ast-page-background-enabled":"default","ast-page-background-meta":{"desktop":{"background-color":"var(--ast-global-color-4)","background-image":"","background-repeat":"repeat","background-position":"center center","background-size":"auto","background-attachment":"scroll","background-type":"","background-media":"","overlay-type":"","overlay-color":"","overlay-gradient":""},"tablet":{"background-color":"","background-image":"","background-repeat":"repeat","background-position":"center center","background-size":"auto","background-attachment":"scroll","background-type":"","background-media":"","overlay-type":"","overlay-color":"","overlay-gradient":""},"mobile":{"background-color":"","background-image":"","background-repeat":"repeat","background-position":"center center","background-size":"auto","background-attachment":"scroll","background-type":"","background-media":"","overlay-type":"","overlay-color":"","overlay-gradient":""}},"ast-content-background-meta":{"desktop":{"background-color":"var(--ast-global-color-5)","background-image":"","background-repeat":"repeat","background-position":"center center","background-size":"auto","background-attachment":"scroll","background-type":"","background-media":"","overlay-type":"","overlay-color":"","overlay-gradient":""},"tablet":{"background-color":"var(--ast-global-color-5)","background-image":"","background-repeat":"repeat","background-position":"center center","background-size":"auto","background-attachment":"scroll","background-type":"","background-media":"","overlay-type":"","overlay-color":"","overlay-gradient":""},"mobile":{"background-color":"var(--ast-global-color-5)","background-image":"","background-repeat":"repeat","background-position":"center center","background-size":"auto","background-attachment":"scroll","background-type":"","background-media":"","overlay-type":"","overlay-color":"","overlay-gradient":""}},"footnotes":""},"categories":[19166,409],"tags":[11745,632,123700,123698,5467,123699],"class_list":["post-55997","post","type-post","status-publish","format-standard","hentry","category-alicante","category-sintaxis-y-analisis-sintactico","tag-enrique-alcaraz-varo","tag-guillermo-rojo-sanchez","tag-llorca-carmen-marimon","tag-lopez-elisa-barrajon","tag-manuel-alvar-ezquerra","tag-maria-antonia-Martinez-linares"],"_links":{"self":[{"href":"https:\/\/www.deberes.net\/tesis\/wp-json\/wp\/v2\/posts\/55997","targetHints":{"allow":["GET"]}}],"collection":[{"href":"https:\/\/www.deberes.net\/tesis\/wp-json\/wp\/v2\/posts"}],"about":[{"href":"https:\/\/www.deberes.net\/tesis\/wp-json\/wp\/v2\/types\/post"}],"author":[{"embeddable":true,"href":"https:\/\/www.deberes.net\/tesis\/wp-json\/wp\/v2\/users\/1"}],"replies":[{"embeddable":true,"href":"https:\/\/www.deberes.net\/tesis\/wp-json\/wp\/v2\/comments?post=55997"}],"version-history":[{"count":0,"href":"https:\/\/www.deberes.net\/tesis\/wp-json\/wp\/v2\/posts\/55997\/revisions"}],"wp:attachment":[{"href":"https:\/\/www.deberes.net\/tesis\/wp-json\/wp\/v2\/media?parent=55997"}],"wp:term":[{"taxonomy":"category","embeddable":true,"href":"https:\/\/www.deberes.net\/tesis\/wp-json\/wp\/v2\/categories?post=55997"},{"taxonomy":"post_tag","embeddable":true,"href":"https:\/\/www.deberes.net\/tesis\/wp-json\/wp\/v2\/tags?post=55997"}],"curies":[{"name":"wp","href":"https:\/\/api.w.org\/{rel}","templated":true}]}}