{"id":55998,"date":"2018-03-09T22:43:40","date_gmt":"2018-03-09T22:43:40","guid":{"rendered":"https:\/\/www.deberes.net\/tesis\/sin-categoria\/galegos-no-rio-de-janeiro\/"},"modified":"2018-03-09T22:43:40","modified_gmt":"2018-03-09T22:43:40","slug":"galegos-no-rio-de-janeiro","status":"publish","type":"post","link":"https:\/\/www.deberes.net\/tesis\/santiago-de-compostela\/galegos-no-rio-de-janeiro\/","title":{"rendered":"Galegos no rio de janeiro"},"content":{"rendered":"<h2>Tesis doctoral de <strong>  Sarmiento Da Silva Erica <\/strong><\/h2>\n<p>La historia de la emigraci\u00f3n gallega a rio de janeiro a traves de estudios de fuentes cualitativas y cuantitativas, con el objectivo de construir una tipolox\u00eda de la emigraci\u00f3n y su inserci\u00f3n socioprofesional en la sociedade receptora. El periodo cronol\u00f3gico corresponde a la primera y segunda emigraci\u00f3n masiva, dando enf\u00e1sis al siglo xix y comienzos del siglo xx.  los gallegos son el tercero grupo migratorio m\u00e1s importante en rio de janero, despu\u00e9s de los portugueses y de los italianos. Entretanto, hay un vac\u00edo bibliogr\u00e1fico en la historiograf\u00eda, tanto brasile\u00f1a, como espa\u00f1ola\/gallega, relacionada con el tema. Por ello, se estudia en esta tese las caracter\u00edsticas de la emigraci\u00f3n a traves de la construcci\u00f3n de una tipolog\u00eda del colectivo, adem\u00e1s del an\u00e1lisis del grupo migratorio en el contexto social, pol\u00edtico y cultural de la sociedad carioca de principios del siglo xx. en este estudio, tambi\u00e9n se aborda la emigraci\u00f3n desde la sociedad de origen hasta la de recepci\u00f3n, buscando comprender las cadenas migratorias  formadas a lo largo de m\u00e1s de un siglo. La b\u00fasqueda de los primeros emigrantes en el siglo xix (en fuentes brasile\u00f1as intercruzadas con fuentes gallegas) hasta el cierre del flujo migratorio en la d\u00e9cada de setenta del siglo xx  fue unos de los puntos claves para entender el ciclo migratorio en su totalidad.  Para ello, se realizaron estudios a nivel micro en los ayuntamientos gallegos m\u00e1s representativos de la emigraci\u00f3n a rio de janeiro.<\/p>\n<p>&nbsp;<\/p>\n<h3>Datos acad\u00e9micos de la tesis doctoral \u00ab<strong>Galegos no rio de janeiro<\/strong>\u00ab<\/h3>\n<ul>\n<li><strong>T\u00edtulo de la tesis:<\/strong>\u00a0 Galegos no rio de janeiro <\/li>\n<li><strong>Autor:<\/strong>\u00a0  Sarmiento Da Silva Erica <\/li>\n<li><strong>Universidad:<\/strong>\u00a0 Santiago de compostela<\/li>\n<li><strong>Fecha de lectura de la tesis:<\/strong>\u00a0 13\/12\/2006<\/li>\n<\/ul>\n<p>&nbsp;<\/p>\n<h3>Direcci\u00f3n y tribunal<\/h3>\n<ul>\n<li><strong>Director de la tesis<\/strong>\n<ul>\n<li> N\u00fa\u00f1ez Seixas Xos\u00e9 Manuel<\/li>\n<\/ul>\n<\/li>\n<li><strong>Tribunal<\/strong>\n<ul>\n<li>Presidente del tribunal: ramon Villares paz <\/li>\n<li>elda Mart\u00ednez gonz\u00e1lez (vocal)<\/li>\n<li>alexandre V\u00e1zquez (vocal)<\/li>\n<li>\u00e1lvaro Gila (vocal)<\/li>\n<\/ul>\n<\/li>\n<\/ul>\n<p>&nbsp;<\/p>\n","protected":false},"excerpt":{"rendered":"<p>Tesis doctoral de Sarmiento Da Silva Erica La historia de la emigraci\u00f3n gallega a rio de janeiro a traves de [&hellip;]<\/p>\n","protected":false},"author":1,"featured_media":0,"comment_status":"open","ping_status":"open","sticky":false,"template":"","format":"standard","meta":{"site-sidebar-layout":"default","site-content-layout":"","ast-site-content-layout":"","site-content-style":"default","site-sidebar-style":"default","ast-global-header-display":"","ast-banner-title-visibility":"","ast-main-header-display":"","ast-hfb-above-header-display":"","ast-hfb-below-header-display":"","ast-hfb-mobile-header-display":"","site-post-title":"","ast-breadcrumbs-content":"","ast-featured-img":"","footer-sml-layout":"","theme-transparent-header-meta":"","adv-header-id-meta":"","stick-header-meta":"","header-above-stick-meta":"","header-main-stick-meta":"","header-below-stick-meta":"","astra-migrate-meta-layouts":"default","ast-page-background-enabled":"default","ast-page-background-meta":{"desktop":{"background-color":"var(--ast-global-color-4)","background-image":"","background-repeat":"repeat","background-position":"center center","background-size":"auto","background-attachment":"scroll","background-type":"","background-media":"","overlay-type":"","overlay-color":"","overlay-gradient":""},"tablet":{"background-color":"","background-image":"","background-repeat":"repeat","background-position":"center center","background-size":"auto","background-attachment":"scroll","background-type":"","background-media":"","overlay-type":"","overlay-color":"","overlay-gradient":""},"mobile":{"background-color":"","background-image":"","background-repeat":"repeat","background-position":"center center","background-size":"auto","background-attachment":"scroll","background-type":"","background-media":"","overlay-type":"","overlay-color":"","overlay-gradient":""}},"ast-content-background-meta":{"desktop":{"background-color":"var(--ast-global-color-5)","background-image":"","background-repeat":"repeat","background-position":"center center","background-size":"auto","background-attachment":"scroll","background-type":"","background-media":"","overlay-type":"","overlay-color":"","overlay-gradient":""},"tablet":{"background-color":"var(--ast-global-color-5)","background-image":"","background-repeat":"repeat","background-position":"center center","background-size":"auto","background-attachment":"scroll","background-type":"","background-media":"","overlay-type":"","overlay-color":"","overlay-gradient":""},"mobile":{"background-color":"var(--ast-global-color-5)","background-image":"","background-repeat":"repeat","background-position":"center center","background-size":"auto","background-attachment":"scroll","background-type":"","background-media":"","overlay-type":"","overlay-color":"","overlay-gradient":""}},"footnotes":""},"categories":[1816,977],"tags":[123704,123705,123703,123702,2911,123701],"class_list":["post-55998","post","type-post","status-publish","format-standard","hentry","category-historia-contemporanea","category-santiago-de-compostela","tag-alexandre-vazquez","tag-alvaro-gila","tag-elda-Martinez-gonzalez","tag-nunez-seixas-xose-manuel","tag-ramon-villares-paz","tag-sarmiento-da-silva-erica"],"_links":{"self":[{"href":"https:\/\/www.deberes.net\/tesis\/wp-json\/wp\/v2\/posts\/55998","targetHints":{"allow":["GET"]}}],"collection":[{"href":"https:\/\/www.deberes.net\/tesis\/wp-json\/wp\/v2\/posts"}],"about":[{"href":"https:\/\/www.deberes.net\/tesis\/wp-json\/wp\/v2\/types\/post"}],"author":[{"embeddable":true,"href":"https:\/\/www.deberes.net\/tesis\/wp-json\/wp\/v2\/users\/1"}],"replies":[{"embeddable":true,"href":"https:\/\/www.deberes.net\/tesis\/wp-json\/wp\/v2\/comments?post=55998"}],"version-history":[{"count":0,"href":"https:\/\/www.deberes.net\/tesis\/wp-json\/wp\/v2\/posts\/55998\/revisions"}],"wp:attachment":[{"href":"https:\/\/www.deberes.net\/tesis\/wp-json\/wp\/v2\/media?parent=55998"}],"wp:term":[{"taxonomy":"category","embeddable":true,"href":"https:\/\/www.deberes.net\/tesis\/wp-json\/wp\/v2\/categories?post=55998"},{"taxonomy":"post_tag","embeddable":true,"href":"https:\/\/www.deberes.net\/tesis\/wp-json\/wp\/v2\/tags?post=55998"}],"curies":[{"name":"wp","href":"https:\/\/api.w.org\/{rel}","templated":true}]}}