{"id":56001,"date":"2018-03-09T22:43:40","date_gmt":"2018-03-09T22:43:40","guid":{"rendered":"https:\/\/www.deberes.net\/tesis\/sin-categoria\/la-opcion-de-compra-en-el-leasing-financiero\/"},"modified":"2018-03-09T22:43:40","modified_gmt":"2018-03-09T22:43:40","slug":"la-opcion-de-compra-en-el-leasing-financiero","status":"publish","type":"post","link":"https:\/\/www.deberes.net\/tesis\/sin-categoria\/la-opcion-de-compra-en-el-leasing-financiero\/","title":{"rendered":"La opci\u00f3n de compra en el leasing financiero"},"content":{"rendered":"<h2>Tesis doctoral de <strong> Fernando Garcia Sole <\/strong><\/h2>\n<p>El contrato de arrendamiento financiero-leasing, introducido en espa\u00f1a en los a\u00f1os 60 del pasado siglo ha tenido un desarrollo espectacular en la pr\u00e1ctica mercantil espa\u00f1ola como instrumento de financiaci\u00f3n al servicio de los empresarios.     entre los diferentes problemas jur\u00eddicos que plantea se encuentra la configuraci\u00f3n del pacto de opci\u00f3n de compra, de manera que se han debatido distintas cuestiones en torno a este pacto, entre ellos, si el escaso importe del precio se\u00f1alado, implica la existencia de una simulaci\u00f3n contractual. En la tesis se defiende la libertad en su fijaci\u00f3n, sin que un precio escaso implique necesariamente simulaci\u00f3n contractual.     tambi\u00e9n se analiza si el pacto de opci\u00f3n de compra es esencial al contrato de leasing financiero, concluy\u00e9ndose en sentido negativo.     por \u00faltimo de \u00ablege ferenda\u00bb se propone la conveniencia de articular un sistema de resoluci\u00f3n contractual que permita en determinados supuestos al usuario recuperar parte de su inversi\u00f3n. tambi\u00e9n de lege ferenda se propone la posibilidad de que se posibilite \u00abex lege\u00bb el cambio de usuario en materia de lesing inmobiliario sin necesidad de consentimiento del arrendador financiero.<\/p>\n<p>&nbsp;<\/p>\n<h3>Datos acad\u00e9micos de la tesis doctoral \u00ab<strong>La opci\u00f3n de compra en el leasing financiero<\/strong>\u00ab<\/h3>\n<ul>\n<li><strong>T\u00edtulo de la tesis:<\/strong>\u00a0 La opci\u00f3n de compra en el leasing financiero <\/li>\n<li><strong>Autor:<\/strong>\u00a0 Fernando Garcia Sole <\/li>\n<li><strong>Universidad:<\/strong>\u00a0 Complutense de Madrid<\/li>\n<li><strong>Fecha de lectura de la tesis:<\/strong>\u00a0 13\/12\/2006<\/li>\n<\/ul>\n<p>&nbsp;<\/p>\n<h3>Direcci\u00f3n y tribunal<\/h3>\n<ul>\n<li><strong>Director de la tesis<\/strong>\n<ul>\n<li> Vara De Paz Nemesio<\/li>\n<\/ul>\n<\/li>\n<li><strong>Tribunal<\/strong>\n<ul>\n<li>Presidente del tribunal: carmen Alonso ledesma <\/li>\n<li>Andr\u00e9s Guti\u00e9rrez gilsanz (vocal)<\/li>\n<li>Francisco j. Leon sanz (vocal)<\/li>\n<li>Fernando Sacrist\u00e1n bergia (vocal)<\/li>\n<\/ul>\n<\/li>\n<\/ul>\n<p>&nbsp;<\/p>\n","protected":false},"excerpt":{"rendered":"<p>Tesis doctoral de Fernando Garcia Sole El contrato de arrendamiento financiero-leasing, introducido en espa\u00f1a en los a\u00f1os 60 del pasado [&hellip;]<\/p>\n","protected":false},"author":1,"featured_media":0,"comment_status":"open","ping_status":"open","sticky":false,"template":"","format":"standard","meta":{"site-sidebar-layout":"default","site-content-layout":"","ast-site-content-layout":"","site-content-style":"default","site-sidebar-style":"default","ast-global-header-display":"","ast-banner-title-visibility":"","ast-main-header-display":"","ast-hfb-above-header-display":"","ast-hfb-below-header-display":"","ast-hfb-mobile-header-display":"","site-post-title":"","ast-breadcrumbs-content":"","ast-featured-img":"","footer-sml-layout":"","theme-transparent-header-meta":"","adv-header-id-meta":"","stick-header-meta":"","header-above-stick-meta":"","header-main-stick-meta":"","header-below-stick-meta":"","astra-migrate-meta-layouts":"default","ast-page-background-enabled":"default","ast-page-background-meta":{"desktop":{"background-color":"var(--ast-global-color-4)","background-image":"","background-repeat":"repeat","background-position":"center center","background-size":"auto","background-attachment":"scroll","background-type":"","background-media":"","overlay-type":"","overlay-color":"","overlay-gradient":""},"tablet":{"background-color":"","background-image":"","background-repeat":"repeat","background-position":"center center","background-size":"auto","background-attachment":"scroll","background-type":"","background-media":"","overlay-type":"","overlay-color":"","overlay-gradient":""},"mobile":{"background-color":"","background-image":"","background-repeat":"repeat","background-position":"center center","background-size":"auto","background-attachment":"scroll","background-type":"","background-media":"","overlay-type":"","overlay-color":"","overlay-gradient":""}},"ast-content-background-meta":{"desktop":{"background-color":"var(--ast-global-color-5)","background-image":"","background-repeat":"repeat","background-position":"center center","background-size":"auto","background-attachment":"scroll","background-type":"","background-media":"","overlay-type":"","overlay-color":"","overlay-gradient":""},"tablet":{"background-color":"var(--ast-global-color-5)","background-image":"","background-repeat":"repeat","background-position":"center center","background-size":"auto","background-attachment":"scroll","background-type":"","background-media":"","overlay-type":"","overlay-color":"","overlay-gradient":""},"mobile":{"background-color":"var(--ast-global-color-5)","background-image":"","background-repeat":"repeat","background-position":"center center","background-size":"auto","background-attachment":"scroll","background-type":"","background-media":"","overlay-type":"","overlay-color":"","overlay-gradient":""}},"footnotes":""},"categories":[1],"tags":[123712,47864,123710,44351,123713,123711],"class_list":["post-56001","post","type-post","status-publish","format-standard","hentry","category-sin-categoria","tag-andres-gutierrez-gilsanz","tag-carmen-alonso-ledesma","tag-fernando-garcia-sole","tag-fernando-sacristan-bergia","tag-francisco-j-leon-sanz","tag-vara-de-paz-nemesio"],"_links":{"self":[{"href":"https:\/\/www.deberes.net\/tesis\/wp-json\/wp\/v2\/posts\/56001","targetHints":{"allow":["GET"]}}],"collection":[{"href":"https:\/\/www.deberes.net\/tesis\/wp-json\/wp\/v2\/posts"}],"about":[{"href":"https:\/\/www.deberes.net\/tesis\/wp-json\/wp\/v2\/types\/post"}],"author":[{"embeddable":true,"href":"https:\/\/www.deberes.net\/tesis\/wp-json\/wp\/v2\/users\/1"}],"replies":[{"embeddable":true,"href":"https:\/\/www.deberes.net\/tesis\/wp-json\/wp\/v2\/comments?post=56001"}],"version-history":[{"count":0,"href":"https:\/\/www.deberes.net\/tesis\/wp-json\/wp\/v2\/posts\/56001\/revisions"}],"wp:attachment":[{"href":"https:\/\/www.deberes.net\/tesis\/wp-json\/wp\/v2\/media?parent=56001"}],"wp:term":[{"taxonomy":"category","embeddable":true,"href":"https:\/\/www.deberes.net\/tesis\/wp-json\/wp\/v2\/categories?post=56001"},{"taxonomy":"post_tag","embeddable":true,"href":"https:\/\/www.deberes.net\/tesis\/wp-json\/wp\/v2\/tags?post=56001"}],"curies":[{"name":"wp","href":"https:\/\/api.w.org\/{rel}","templated":true}]}}