{"id":56051,"date":"2018-03-09T22:43:43","date_gmt":"2018-03-09T22:43:43","guid":{"rendered":"https:\/\/www.deberes.net\/tesis\/sin-categoria\/variantes-organizativas-generadas-por-las-tecnologa%c2%adas-de-la-informacion-un-estudio-en-los-centros-de-primaria-de-la-comunidad-valenciana\/"},"modified":"2018-03-09T22:43:43","modified_gmt":"2018-03-09T22:43:43","slug":"variantes-organizativas-generadas-por-las-tecnologa%c2%adas-de-la-informacion-un-estudio-en-los-centros-de-primaria-de-la-comunidad-valenciana","status":"publish","type":"post","link":"https:\/\/www.deberes.net\/tesis\/metodos-audiovisuales-en-pedagogia\/variantes-organizativas-generadas-por-las-tecnologa%c2%adas-de-la-informacion-un-estudio-en-los-centros-de-primaria-de-la-comunidad-valenciana\/","title":{"rendered":"Variantes organizativas generadas por las tecnolog\u00edas de la informaci\u00f3n. un estudio en los centros de primaria de la comunidad Valenciana."},"content":{"rendered":"<h2>Tesis doctoral de <strong> Jos\u00e9 Peirats Chac\u00f3n <\/strong><\/h2>\n<p>En esta investigaci\u00f3n se analizan las variantes organizativas que se producen en dos centros educativos de primaria de la comunidad Valenciana al introducir las tecnolog\u00edas inform\u00e1ticas. Para analizar este fen\u00f3meno educativos hemos optado por la corriente de investigaci\u00f3n educativa basada en la metodolog\u00eda de corte cualitativo y por el estudio de casos como instrumento metodol\u00f3gico. Si la investigaci\u00f3n etnogr\u00e1fica determina la precisi\u00f3n de sus conclusiones efectuando triangulaciones con fuentes de distinta naturaleza, hemos utilizado fuentes documentales a trav\u00e9s del an\u00e1lisis de los documentos escritos de los centros, tanto administrativos, legislativos, organizativos y did\u00e1cticos. Tambi\u00e9n han sido fuentes los informantes a trav\u00e9s de entrevistas semiestructuradas, grupos de discusi\u00f3n y conversaciones informales. Asimismo hemos contemplado los elementos materiales como artefactos, soportes, estancias, etc. Que mediantes la observaci\u00f3n no participante, la manipulaci\u00f3n y el estudio han informado a la investigaci\u00f3n. Entre los resultados alcanzados cabe se\u00f1alar que si encontramos en la actualidad tecnolog\u00edas inform\u00e1ticas no s\u00f3lo en el aula de inform\u00e1tica sino en todo tipo de dependencias de las escuelas, es necesario el establecimiento de criterios para la organizaci\u00f3n de su utilizaci\u00f3n. Tambi\u00e9n destacamos que la cantidad de tecnolog\u00edas inform\u00e1ticas del centro ha de ser proporcionada a la capacidad de mantenimiento de las mismas, ya sea por parte del coordinador o de un servicio t\u00e9cnico. Otro aspecto resaltado se refiere a la disposici\u00f3n y el n\u00famero de equipos que deben guardar relaci\u00f3n con los alumnos que asisten al aula y con la metodolog\u00eda de trabajo elegido; tambi\u00e9n se debe buscar la mayor versatilidad con la finalidad de dar respuesta a posibles trabajos individuales, cooperativo, en equipos, etc. Y por \u00faltimo anotamos la medida de asignar, formalmente, los equipos inform\u00e1ticos a los alumnos que trabajan en ellos como medida conv<\/p>\n<p>&nbsp;<\/p>\n<h3>Datos acad\u00e9micos de la tesis doctoral \u00ab<strong>Variantes organizativas generadas por las tecnolog\u00edas de la informaci\u00f3n. un estudio en los centros de primaria de la comunidad Valenciana.<\/strong>\u00ab<\/h3>\n<ul>\n<li><strong>T\u00edtulo de la tesis:<\/strong>\u00a0 Variantes organizativas generadas por las tecnolog\u00edas de la informaci\u00f3n. un estudio en los centros de primaria de la comunidad Valenciana. <\/li>\n<li><strong>Autor:<\/strong>\u00a0 Jos\u00e9 Peirats Chac\u00f3n <\/li>\n<li><strong>Universidad:<\/strong>\u00a0 Universitat de val\u00e9ncia (estudi general)<\/li>\n<li><strong>Fecha de lectura de la tesis:<\/strong>\u00a0 14\/12\/2006<\/li>\n<\/ul>\n<p>&nbsp;<\/p>\n<h3>Direcci\u00f3n y tribunal<\/h3>\n<ul>\n<li><strong>Director de la tesis<\/strong>\n<ul>\n<li>Angel Sanmartin Alonso<\/li>\n<\/ul>\n<\/li>\n<li><strong>Tribunal<\/strong>\n<ul>\n<li>Presidente del tribunal: jose Gimeno sacristan <\/li>\n<li>bego\u00f1a Gros salvat (vocal)<\/li>\n<li>eustaquio Mart\u00edn rodr\u00edguez (vocal)<\/li>\n<li>Francisco Alcantud marin (vocal)<\/li>\n<\/ul>\n<\/li>\n<\/ul>\n<p>&nbsp;<\/p>\n","protected":false},"excerpt":{"rendered":"<p>Tesis doctoral de Jos\u00e9 Peirats Chac\u00f3n En esta investigaci\u00f3n se analizan las variantes organizativas que se producen en dos centros [&hellip;]<\/p>\n","protected":false},"author":1,"featured_media":0,"comment_status":"open","ping_status":"open","sticky":false,"template":"","format":"standard","meta":{"site-sidebar-layout":"default","site-content-layout":"","ast-site-content-layout":"","site-content-style":"default","site-sidebar-style":"default","ast-global-header-display":"","ast-banner-title-visibility":"","ast-main-header-display":"","ast-hfb-above-header-display":"","ast-hfb-below-header-display":"","ast-hfb-mobile-header-display":"","site-post-title":"","ast-breadcrumbs-content":"","ast-featured-img":"","footer-sml-layout":"","theme-transparent-header-meta":"","adv-header-id-meta":"","stick-header-meta":"","header-above-stick-meta":"","header-main-stick-meta":"","header-below-stick-meta":"","astra-migrate-meta-layouts":"default","ast-page-background-enabled":"default","ast-page-background-meta":{"desktop":{"background-color":"var(--ast-global-color-4)","background-image":"","background-repeat":"repeat","background-position":"center center","background-size":"auto","background-attachment":"scroll","background-type":"","background-media":"","overlay-type":"","overlay-color":"","overlay-gradient":""},"tablet":{"background-color":"","background-image":"","background-repeat":"repeat","background-position":"center center","background-size":"auto","background-attachment":"scroll","background-type":"","background-media":"","overlay-type":"","overlay-color":"","overlay-gradient":""},"mobile":{"background-color":"","background-image":"","background-repeat":"repeat","background-position":"center center","background-size":"auto","background-attachment":"scroll","background-type":"","background-media":"","overlay-type":"","overlay-color":"","overlay-gradient":""}},"ast-content-background-meta":{"desktop":{"background-color":"var(--ast-global-color-5)","background-image":"","background-repeat":"repeat","background-position":"center center","background-size":"auto","background-attachment":"scroll","background-type":"","background-media":"","overlay-type":"","overlay-color":"","overlay-gradient":""},"tablet":{"background-color":"var(--ast-global-color-5)","background-image":"","background-repeat":"repeat","background-position":"center center","background-size":"auto","background-attachment":"scroll","background-type":"","background-media":"","overlay-type":"","overlay-color":"","overlay-gradient":""},"mobile":{"background-color":"var(--ast-global-color-5)","background-image":"","background-repeat":"repeat","background-position":"center center","background-size":"auto","background-attachment":"scroll","background-type":"","background-media":"","overlay-type":"","overlay-color":"","overlay-gradient":""}},"footnotes":""},"categories":[4907,7611,14126],"tags":[5523,47876,22812,12134,7484,123818],"class_list":["post-56051","post","type-post","status-publish","format-standard","hentry","category-metodos-audiovisuales-en-pedagogia","category-organizacion-y-direccion-de-las-instituciones-educativas","category-tecnologia-y-cambio-social","tag-angel-sanmartin-alonso","tag-begona-gros-salvat","tag-eustaquio-martin-rodriguez","tag-francisco-alcantud-marin","tag-jose-gimeno-sacristan","tag-jose-peirats-chacon"],"_links":{"self":[{"href":"https:\/\/www.deberes.net\/tesis\/wp-json\/wp\/v2\/posts\/56051","targetHints":{"allow":["GET"]}}],"collection":[{"href":"https:\/\/www.deberes.net\/tesis\/wp-json\/wp\/v2\/posts"}],"about":[{"href":"https:\/\/www.deberes.net\/tesis\/wp-json\/wp\/v2\/types\/post"}],"author":[{"embeddable":true,"href":"https:\/\/www.deberes.net\/tesis\/wp-json\/wp\/v2\/users\/1"}],"replies":[{"embeddable":true,"href":"https:\/\/www.deberes.net\/tesis\/wp-json\/wp\/v2\/comments?post=56051"}],"version-history":[{"count":0,"href":"https:\/\/www.deberes.net\/tesis\/wp-json\/wp\/v2\/posts\/56051\/revisions"}],"wp:attachment":[{"href":"https:\/\/www.deberes.net\/tesis\/wp-json\/wp\/v2\/media?parent=56051"}],"wp:term":[{"taxonomy":"category","embeddable":true,"href":"https:\/\/www.deberes.net\/tesis\/wp-json\/wp\/v2\/categories?post=56051"},{"taxonomy":"post_tag","embeddable":true,"href":"https:\/\/www.deberes.net\/tesis\/wp-json\/wp\/v2\/tags?post=56051"}],"curies":[{"name":"wp","href":"https:\/\/api.w.org\/{rel}","templated":true}]}}