{"id":56060,"date":"2018-03-09T22:43:43","date_gmt":"2018-03-09T22:43:43","guid":{"rendered":"https:\/\/www.deberes.net\/tesis\/sin-categoria\/los-acuerdos-de-asociacion-euro-mediterraneos-y-su-impacto-sobre-la-agricultura-de-los-paa%c2%adses-terceros-mediterraneos-caso-de-argelia\/"},"modified":"2018-03-09T22:43:43","modified_gmt":"2018-03-09T22:43:43","slug":"los-acuerdos-de-asociacion-euro-mediterraneos-y-su-impacto-sobre-la-agricultura-de-los-paa%c2%adses-terceros-mediterraneos-caso-de-argelia","status":"publish","type":"post","link":"https:\/\/www.deberes.net\/tesis\/economia-internacional\/los-acuerdos-de-asociacion-euro-mediterraneos-y-su-impacto-sobre-la-agricultura-de-los-paa%c2%adses-terceros-mediterraneos-caso-de-argelia\/","title":{"rendered":"Los acuerdos de asociaci\u00f3n euro-mediterr\u00e1neos y su impacto sobre la agricultura de los pa\u00edses terceros mediterr\u00e1neos, caso de argelia"},"content":{"rendered":"<h2>Tesis doctoral de <strong> Fella Bendouda <\/strong><\/h2>\n<p>El prop\u00f3sito de esta investigaci\u00f3n es analizar los efectos que podr\u00eda tener una liberalizaci\u00f3n comercial agraria causada por la entrada en vigor del acuerdo de asociaci\u00f3n entre argelia y la uni\u00f3n europea. Particularmente se analiza los efectos derivados del incremento de las importaciones procedentes de la ue sobre el sector agr\u00edcola nacional. Este incremento de la importaci\u00f3n seria consecuencia inmediata de la rebaja arancelaria concretada en el acuerdo.   para el estudio de los efectos se hizo un an\u00e1lisis del sector agr\u00edcola argelino, destacando las pol\u00edticas aplicadas, los rendimientos por producto, entre otros aspectos. As\u00ed mismo, se observa la competitividad de la producci\u00f3n agr\u00edcola compar\u00e1ndola con otros pa\u00edses de la cuenca mediterr\u00e1nea y se analiza la pol\u00edtica de protecci\u00f3n arancelaria de los principales productos. Pero lo m\u00e1s destacable y novedoso en el trabajo es el an\u00e1lisis cuantitativo de los principales productos importados por argelia mediante la estimaci\u00f3n de unos modelos de importaci\u00f3n.  los resultados del an\u00e1lisis resaltan la falta de competitividad y la situaci\u00f3n critica en que se encuentra la producci\u00f3n agr\u00edcola con unos rendimientos insuficientes para cubrir las necesidades de consumo interno. A\u00f1adido a esto la pol\u00edtica de protecci\u00f3n &#8211; mediante ayudas directas al precio y barreras al libre comercio &#8211; aplicada desde la independencia fue incapaz de solucionar este problema porque las ayudas se ofrec\u00edan de manera directa a los precios de unos productos no competitivos como el trigo y la carne; mientras hubiese sido mejor ofrecer ayudas menos directas como de divulgaci\u00f3n o de infraestructura. Dejando la ayuda directa a productos m\u00e1s competitivos como los d\u00e1tiles. Finalmente, la investigaci\u00f3n ha revelado que el precio de la importaci\u00f3n es un factor importante que explica los cambios de esta. Por lo que una rebaja arancelaria afectar\u00eda de manera significativa a la importaci\u00f3n. Y del mismo modo afecta a las rent<\/p>\n<p>&nbsp;<\/p>\n<h3>Datos acad\u00e9micos de la tesis doctoral \u00ab<strong>Los acuerdos de asociaci\u00f3n euro-mediterr\u00e1neos y su impacto sobre la agricultura de los pa\u00edses terceros mediterr\u00e1neos, caso de argelia<\/strong>\u00ab<\/h3>\n<ul>\n<li><strong>T\u00edtulo de la tesis:<\/strong>\u00a0 Los acuerdos de asociaci\u00f3n euro-mediterr\u00e1neos y su impacto sobre la agricultura de los pa\u00edses terceros mediterr\u00e1neos, caso de argelia <\/li>\n<li><strong>Autor:<\/strong>\u00a0 Fella Bendouda <\/li>\n<li><strong>Universidad:<\/strong>\u00a0 Polit\u00e9cnica de Valencia<\/li>\n<li><strong>Fecha de lectura de la tesis:<\/strong>\u00a0 14\/12\/2006<\/li>\n<\/ul>\n<p>&nbsp;<\/p>\n<h3>Direcci\u00f3n y tribunal<\/h3>\n<ul>\n<li><strong>Director de la tesis<\/strong>\n<ul>\n<li>coque Jos\u00e9 Mar\u00eda Garc\u00eda Alvarez<\/li>\n<\/ul>\n<\/li>\n<li><strong>Tribunal<\/strong>\n<ul>\n<li>Presidente del tribunal: Jos\u00e9 Mar\u00eda Jord\u00e1n galduf <\/li>\n<li>ignacio Fernandez de lucio (vocal)<\/li>\n<li>alejandro Lorca corrons (vocal)<\/li>\n<li>alejandro Molla descals (vocal)<\/li>\n<\/ul>\n<\/li>\n<\/ul>\n<p>&nbsp;<\/p>\n","protected":false},"excerpt":{"rendered":"<p>Tesis doctoral de Fella Bendouda El prop\u00f3sito de esta investigaci\u00f3n es analizar los efectos que podr\u00eda tener una liberalizaci\u00f3n comercial [&hellip;]<\/p>\n","protected":false},"author":1,"featured_media":0,"comment_status":"open","ping_status":"open","sticky":false,"template":"","format":"standard","meta":{"site-sidebar-layout":"default","site-content-layout":"","ast-site-content-layout":"","site-content-style":"default","site-sidebar-style":"default","ast-global-header-display":"","ast-banner-title-visibility":"","ast-main-header-display":"","ast-hfb-above-header-display":"","ast-hfb-below-header-display":"","ast-hfb-mobile-header-display":"","site-post-title":"","ast-breadcrumbs-content":"","ast-featured-img":"","footer-sml-layout":"","theme-transparent-header-meta":"","adv-header-id-meta":"","stick-header-meta":"","header-above-stick-meta":"","header-main-stick-meta":"","header-below-stick-meta":"","astra-migrate-meta-layouts":"default","ast-page-background-enabled":"default","ast-page-background-meta":{"desktop":{"background-color":"var(--ast-global-color-4)","background-image":"","background-repeat":"repeat","background-position":"center center","background-size":"auto","background-attachment":"scroll","background-type":"","background-media":"","overlay-type":"","overlay-color":"","overlay-gradient":""},"tablet":{"background-color":"","background-image":"","background-repeat":"repeat","background-position":"center center","background-size":"auto","background-attachment":"scroll","background-type":"","background-media":"","overlay-type":"","overlay-color":"","overlay-gradient":""},"mobile":{"background-color":"","background-image":"","background-repeat":"repeat","background-position":"center center","background-size":"auto","background-attachment":"scroll","background-type":"","background-media":"","overlay-type":"","overlay-color":"","overlay-gradient":""}},"ast-content-background-meta":{"desktop":{"background-color":"var(--ast-global-color-5)","background-image":"","background-repeat":"repeat","background-position":"center center","background-size":"auto","background-attachment":"scroll","background-type":"","background-media":"","overlay-type":"","overlay-color":"","overlay-gradient":""},"tablet":{"background-color":"var(--ast-global-color-5)","background-image":"","background-repeat":"repeat","background-position":"center center","background-size":"auto","background-attachment":"scroll","background-type":"","background-media":"","overlay-type":"","overlay-color":"","overlay-gradient":""},"mobile":{"background-color":"var(--ast-global-color-5)","background-image":"","background-repeat":"repeat","background-position":"center center","background-size":"auto","background-attachment":"scroll","background-type":"","background-media":"","overlay-type":"","overlay-color":"","overlay-gradient":""}},"footnotes":""},"categories":[910,16820],"tags":[15272,11520,119797,123836,69259,11698],"class_list":["post-56060","post","type-post","status-publish","format-standard","hentry","category-economia-internacional","category-politecnica-de-valencia","tag-alejandro-lorca-corrons","tag-alejandro-molla-descals","tag-coque-jose-maria-garcia-alvarez","tag-fella-bendouda","tag-ignacio-fernandez-de-lucio","tag-jose-maria-jordan-galduf"],"_links":{"self":[{"href":"https:\/\/www.deberes.net\/tesis\/wp-json\/wp\/v2\/posts\/56060","targetHints":{"allow":["GET"]}}],"collection":[{"href":"https:\/\/www.deberes.net\/tesis\/wp-json\/wp\/v2\/posts"}],"about":[{"href":"https:\/\/www.deberes.net\/tesis\/wp-json\/wp\/v2\/types\/post"}],"author":[{"embeddable":true,"href":"https:\/\/www.deberes.net\/tesis\/wp-json\/wp\/v2\/users\/1"}],"replies":[{"embeddable":true,"href":"https:\/\/www.deberes.net\/tesis\/wp-json\/wp\/v2\/comments?post=56060"}],"version-history":[{"count":0,"href":"https:\/\/www.deberes.net\/tesis\/wp-json\/wp\/v2\/posts\/56060\/revisions"}],"wp:attachment":[{"href":"https:\/\/www.deberes.net\/tesis\/wp-json\/wp\/v2\/media?parent=56060"}],"wp:term":[{"taxonomy":"category","embeddable":true,"href":"https:\/\/www.deberes.net\/tesis\/wp-json\/wp\/v2\/categories?post=56060"},{"taxonomy":"post_tag","embeddable":true,"href":"https:\/\/www.deberes.net\/tesis\/wp-json\/wp\/v2\/tags?post=56060"}],"curies":[{"name":"wp","href":"https:\/\/api.w.org\/{rel}","templated":true}]}}