{"id":56109,"date":"2018-03-09T22:43:47","date_gmt":"2018-03-09T22:43:47","guid":{"rendered":"https:\/\/www.deberes.net\/tesis\/sin-categoria\/tomicus-destruens-wollaston-1856-coleoptera-scolytidae-un-estudio-a-multiple-escala\/"},"modified":"2018-03-09T22:43:47","modified_gmt":"2018-03-09T22:43:47","slug":"tomicus-destruens-wollaston-1856-coleoptera-scolytidae-un-estudio-a-multiple-escala","status":"publish","type":"post","link":"https:\/\/www.deberes.net\/tesis\/invertebrados\/tomicus-destruens-wollaston-1856-coleoptera-scolytidae-un-estudio-a-multiple-escala\/","title":{"rendered":"Tomicus destruens (wollaston, 1856) (coleoptera, scolytidae); un estudio a m\u00faltiple escala"},"content":{"rendered":"<h2>Tesis doctoral de <strong> Diego Gallego Cambronero <\/strong><\/h2>\n<p>Los escol\u00edtidos del g\u00e9nero tomicus constituyen una de las principales plagas de los pinares euroasi\u00e1ticos. Dos de sus especies m\u00e1s representativas, tomicus piniperda (linneo, 1758) y tomicus destruens (wollaston, 1856), han sido consideradas durante largo tiempo por algunos autores como una sola especie, t.Piniperda. Se ha desarrollado un m\u00e9todo r\u00e1pido en pcr para distinguir estas especies utilizando los its i y ii del adn ribosomal. Se estudian diferencias en la secuencia y el patr\u00f3n de restricci\u00f3n del itsii en 75 individuos de ambas especies. Existen diferencias de unas 100 pb en el tama\u00f1o del its i entre ambas especies. Tambi\u00e9n existen diferencias entre las secuencia de bases del its ii as\u00ed como del patr\u00f3n de restricci\u00f3n de las enzimas hincll y dral. Estos datos confirman la validez de t.Destruens con una entidad filogen\u00e9tica diferenciada de t.Piniperda. en espa\u00f1a se distribuyen tres especies del g\u00e9nero tomicus, t.Destruens, t.Piniperda y tomicus minor (harting, 1834). La consideraci\u00f3n de t.Destriuens como especie implica que se desconoce su distribuci\u00f3n, as\u00ed como la de t.Piniperda. Se han modelado y establecido los l\u00edmites de la distribuci\u00f3n potencial de los tomicus en espa\u00f1a. Se prueba la eficacia de los diferentes modelos comparando los resultados predichos con los datos observados. estos resultados tendr\u00e1n aplicaci\u00f3n en el manejo de plagas forestales. Se aplicaron modelos aditivos (gam) y an\u00e1lisis de factores de nicho ecol\u00f3gico (enfa). T.Destruens es la especie predominante en espa\u00f1a, habitando \u00e1reas bajas y c\u00e1lidas. T.Piniperda es menos frecuente y prefiere \u00e1reas h\u00famedas y c\u00e1lidas de la mitad norte y centro de espa\u00f1a. Se han detectado simpat\u00edas entre ambas especies, en la costa norte, sobre pinus pinaster principalmente. T. Minor es la especie m\u00e1s rara, con distribuci\u00f3n fragmentada en zonas altas y h\u00famedas. el concepto cohesivo de especie es una s\u00edntesis que cubre todo el respecto reproductivo, desde los taxa asexuale<\/p>\n<p>&nbsp;<\/p>\n<h3>Datos acad\u00e9micos de la tesis doctoral \u00ab<strong>Tomicus destruens (wollaston, 1856) (coleoptera, scolytidae); un estudio a m\u00faltiple escala<\/strong>\u00ab<\/h3>\n<ul>\n<li><strong>T\u00edtulo de la tesis:<\/strong>\u00a0 Tomicus destruens (wollaston, 1856) (coleoptera, scolytidae); un estudio a m\u00faltiple escala <\/li>\n<li><strong>Autor:<\/strong>\u00a0 Diego Gallego Cambronero <\/li>\n<li><strong>Universidad:<\/strong>\u00a0 Murcia<\/li>\n<li><strong>Fecha de lectura de la tesis:<\/strong>\u00a0 15\/12\/2006<\/li>\n<\/ul>\n<p>&nbsp;<\/p>\n<h3>Direcci\u00f3n y tribunal<\/h3>\n<ul>\n<li><strong>Director de la tesis<\/strong>\n<ul>\n<li>Miguel Angel Esteve Selma<\/li>\n<\/ul>\n<\/li>\n<li><strong>Tribunal<\/strong>\n<ul>\n<li>Presidente del tribunal: jose Serrano marino <\/li>\n<li> Lombardero d\u00edaz Mar\u00eda  josefa (vocal)<\/li>\n<li> Pajares alonso ju\u00e1n Alberto (vocal)<\/li>\n<li>susana Bautista aguilar (vocal)<\/li>\n<\/ul>\n<\/li>\n<\/ul>\n<p>&nbsp;<\/p>\n","protected":false},"excerpt":{"rendered":"<p>Tesis doctoral de Diego Gallego Cambronero Los escol\u00edtidos del g\u00e9nero tomicus constituyen una de las principales plagas de los pinares [&hellip;]<\/p>\n","protected":false},"author":1,"featured_media":0,"comment_status":"open","ping_status":"open","sticky":false,"template":"","format":"standard","meta":{"site-sidebar-layout":"default","site-content-layout":"","ast-site-content-layout":"","site-content-style":"default","site-sidebar-style":"default","ast-global-header-display":"","ast-banner-title-visibility":"","ast-main-header-display":"","ast-hfb-above-header-display":"","ast-hfb-below-header-display":"","ast-hfb-mobile-header-display":"","site-post-title":"","ast-breadcrumbs-content":"","ast-featured-img":"","footer-sml-layout":"","theme-transparent-header-meta":"","adv-header-id-meta":"","stick-header-meta":"","header-above-stick-meta":"","header-main-stick-meta":"","header-below-stick-meta":"","astra-migrate-meta-layouts":"default","ast-page-background-enabled":"default","ast-page-background-meta":{"desktop":{"background-color":"var(--ast-global-color-4)","background-image":"","background-repeat":"repeat","background-position":"center center","background-size":"auto","background-attachment":"scroll","background-type":"","background-media":"","overlay-type":"","overlay-color":"","overlay-gradient":""},"tablet":{"background-color":"","background-image":"","background-repeat":"repeat","background-position":"center center","background-size":"auto","background-attachment":"scroll","background-type":"","background-media":"","overlay-type":"","overlay-color":"","overlay-gradient":""},"mobile":{"background-color":"","background-image":"","background-repeat":"repeat","background-position":"center center","background-size":"auto","background-attachment":"scroll","background-type":"","background-media":"","overlay-type":"","overlay-color":"","overlay-gradient":""}},"ast-content-background-meta":{"desktop":{"background-color":"var(--ast-global-color-5)","background-image":"","background-repeat":"repeat","background-position":"center center","background-size":"auto","background-attachment":"scroll","background-type":"","background-media":"","overlay-type":"","overlay-color":"","overlay-gradient":""},"tablet":{"background-color":"var(--ast-global-color-5)","background-image":"","background-repeat":"repeat","background-position":"center center","background-size":"auto","background-attachment":"scroll","background-type":"","background-media":"","overlay-type":"","overlay-color":"","overlay-gradient":""},"mobile":{"background-color":"var(--ast-global-color-5)","background-image":"","background-repeat":"repeat","background-position":"center center","background-size":"auto","background-attachment":"scroll","background-type":"","background-media":"","overlay-type":"","overlay-color":"","overlay-gradient":""}},"footnotes":""},"categories":[99192,976,1820,367,8235],"tags":[123938,15400,123939,8407,123940,123941],"class_list":["post-56109","post","type-post","status-publish","format-standard","hentry","category-comunicacion-animal","category-ecologia-animal","category-genetica-de-poblaciones","category-invertebrados","category-murcia","tag-diego-gallego-cambronero","tag-jose-serrano-marino","tag-lombardero-diaz-maria-josefa","tag-miguel-angel-esteve-selma","tag-pajares-alonso-juan-alberto","tag-susana-bautista-aguilar"],"_links":{"self":[{"href":"https:\/\/www.deberes.net\/tesis\/wp-json\/wp\/v2\/posts\/56109","targetHints":{"allow":["GET"]}}],"collection":[{"href":"https:\/\/www.deberes.net\/tesis\/wp-json\/wp\/v2\/posts"}],"about":[{"href":"https:\/\/www.deberes.net\/tesis\/wp-json\/wp\/v2\/types\/post"}],"author":[{"embeddable":true,"href":"https:\/\/www.deberes.net\/tesis\/wp-json\/wp\/v2\/users\/1"}],"replies":[{"embeddable":true,"href":"https:\/\/www.deberes.net\/tesis\/wp-json\/wp\/v2\/comments?post=56109"}],"version-history":[{"count":0,"href":"https:\/\/www.deberes.net\/tesis\/wp-json\/wp\/v2\/posts\/56109\/revisions"}],"wp:attachment":[{"href":"https:\/\/www.deberes.net\/tesis\/wp-json\/wp\/v2\/media?parent=56109"}],"wp:term":[{"taxonomy":"category","embeddable":true,"href":"https:\/\/www.deberes.net\/tesis\/wp-json\/wp\/v2\/categories?post=56109"},{"taxonomy":"post_tag","embeddable":true,"href":"https:\/\/www.deberes.net\/tesis\/wp-json\/wp\/v2\/tags?post=56109"}],"curies":[{"name":"wp","href":"https:\/\/api.w.org\/{rel}","templated":true}]}}