{"id":56196,"date":"2018-03-09T22:43:54","date_gmt":"2018-03-09T22:43:54","guid":{"rendered":"https:\/\/www.deberes.net\/tesis\/sin-categoria\/crecimiento-economico-y-convergencia-regional-en-mexico\/"},"modified":"2018-03-09T22:43:54","modified_gmt":"2018-03-09T22:43:54","slug":"crecimiento-economico-y-convergencia-regional-en-mexico","status":"publish","type":"post","link":"https:\/\/www.deberes.net\/tesis\/modelos-econometricos\/crecimiento-economico-y-convergencia-regional-en-mexico\/","title":{"rendered":"Crecimiento economico y convergencia regional en mexico"},"content":{"rendered":"<h2>Tesis doctoral de <strong> Vicente German Soto <\/strong><\/h2>\n<p>Este trabajo investiga la cuesti\u00f3n emp\u00edrica del crecimiento econ\u00f3mico y la convergencia regional en m\u00e9xico. Aplicamos t\u00e9cnicas de la econometr\u00eda espacial, de series temporales y de panel din\u00e1mico tanto a producto per capita (durante 19402001) como a producto industrial por ocupado (durante 1960-1998) de los estados. Con ese fin estimamos y homologamos las principales variables econ\u00f3micas (producto total, producto industrial, stock de capital f\u00edsico y humano) en series de informaci\u00f3n compatibles, ocupando as\u00ed la generaci\u00f3n de datos un lugar relevante del trabajo que puede ser aprovechada en diversos estudios de esta naturaleza.     debido al enorme auge de la investigaci\u00f3n en crecimiento econ\u00f3mico, iniciamos con una revisi\u00f3n bibliogr\u00e1fica bastante exhaustiva y metodol\u00f3gica resumida en un meta-an\u00e1lisis revisi\u00f3n bibliogr\u00e1fica bastante exhaustiva y metodol\u00f3gica resumida en un meta-an\u00e1lisis sobre las publicaciones de una muestra de 30 revistas l\u00edderes de la econom\u00eda durante 1992&#8211;2002. El ejercicio analizado el estado actual de la investigaci\u00f3n, las tendencias, los modelos y los cambios cualitativos y cuantitativos que han tomado lugar en los \u00faltimos a\u00f1os.     el argumento central desarrollo es que en m\u00e9xico ven\u00eda operando un proceso de convergencia regional porque los estados con ingresos relativamente elevados ejercieron una fuerte demanda de los insumos productivos de las econom\u00edas de menor ingreso. De esta forma se impuls\u00f3 la econom\u00eda de los m\u00e1s pobres. Sin embargo, al apertura comercial, favoreci\u00f3 la entrada de insumos y componentes m\u00e1s baratos y desvi\u00f3 la demanda interna hacia el exterior. Los resultados indican que se debilitaron los v\u00ednculos de producci\u00f3n entre estados ricos y pobres del pa\u00eds, cambiaron las relaciones de capital y trabajo y se gener\u00f3 una tendencia hacia la desigualdad de ingresos. Encontramos una fuerte relaci\u00f3n directa y positiva entre convergencia regional y dependencia espacial.     los resultados<\/p>\n<p>&nbsp;<\/p>\n<h3>Datos acad\u00e9micos de la tesis doctoral \u00ab<strong>Crecimiento economico y convergencia regional en mexico<\/strong>\u00ab<\/h3>\n<ul>\n<li><strong>T\u00edtulo de la tesis:<\/strong>\u00a0 Crecimiento economico y convergencia regional en mexico <\/li>\n<li><strong>Autor:<\/strong>\u00a0 Vicente German Soto <\/li>\n<li><strong>Universidad:<\/strong>\u00a0 Barcelona<\/li>\n<li><strong>Fecha de lectura de la tesis:<\/strong>\u00a0 18\/12\/2006<\/li>\n<\/ul>\n<p>&nbsp;<\/p>\n<h3>Direcci\u00f3n y tribunal<\/h3>\n<ul>\n<li><strong>Director de la tesis<\/strong>\n<ul>\n<li>Josep Llu\u00eds Carrion Silvestre<\/li>\n<\/ul>\n<\/li>\n<li><strong>Tribunal<\/strong>\n<ul>\n<li>Presidente del tribunal: francesc Granell trias <\/li>\n<li> Jose mora corral Antonio (vocal)<\/li>\n<li>Rafael Dom\u00e9nech vilari\u00f1o (vocal)<\/li>\n<li>  (vocal)<\/li>\n<\/ul>\n<\/li>\n<\/ul>\n<p>&nbsp;<\/p>\n","protected":false},"excerpt":{"rendered":"<p>Tesis doctoral de Vicente German Soto Este trabajo investiga la cuesti\u00f3n emp\u00edrica del crecimiento econ\u00f3mico y la convergencia regional en [&hellip;]<\/p>\n","protected":false},"author":1,"featured_media":0,"comment_status":"open","ping_status":"open","sticky":false,"template":"","format":"standard","meta":{"site-sidebar-layout":"default","site-content-layout":"","ast-site-content-layout":"","site-content-style":"default","site-sidebar-style":"default","ast-global-header-display":"","ast-banner-title-visibility":"","ast-main-header-display":"","ast-hfb-above-header-display":"","ast-hfb-below-header-display":"","ast-hfb-mobile-header-display":"","site-post-title":"","ast-breadcrumbs-content":"","ast-featured-img":"","footer-sml-layout":"","theme-transparent-header-meta":"","adv-header-id-meta":"","stick-header-meta":"","header-above-stick-meta":"","header-main-stick-meta":"","header-below-stick-meta":"","astra-migrate-meta-layouts":"default","ast-page-background-enabled":"default","ast-page-background-meta":{"desktop":{"background-color":"var(--ast-global-color-4)","background-image":"","background-repeat":"repeat","background-position":"center center","background-size":"auto","background-attachment":"scroll","background-type":"","background-media":"","overlay-type":"","overlay-color":"","overlay-gradient":""},"tablet":{"background-color":"","background-image":"","background-repeat":"repeat","background-position":"center center","background-size":"auto","background-attachment":"scroll","background-type":"","background-media":"","overlay-type":"","overlay-color":"","overlay-gradient":""},"mobile":{"background-color":"","background-image":"","background-repeat":"repeat","background-position":"center center","background-size":"auto","background-attachment":"scroll","background-type":"","background-media":"","overlay-type":"","overlay-color":"","overlay-gradient":""}},"ast-content-background-meta":{"desktop":{"background-color":"var(--ast-global-color-5)","background-image":"","background-repeat":"repeat","background-position":"center center","background-size":"auto","background-attachment":"scroll","background-type":"","background-media":"","overlay-type":"","overlay-color":"","overlay-gradient":""},"tablet":{"background-color":"var(--ast-global-color-5)","background-image":"","background-repeat":"repeat","background-position":"center center","background-size":"auto","background-attachment":"scroll","background-type":"","background-media":"","overlay-type":"","overlay-color":"","overlay-gradient":""},"mobile":{"background-color":"var(--ast-global-color-5)","background-image":"","background-repeat":"repeat","background-position":"center center","background-size":"auto","background-attachment":"scroll","background-type":"","background-media":"","overlay-type":"","overlay-color":"","overlay-gradient":""}},"footnotes":""},"categories":[951,524,890],"tags":[20103,124148,107397,45892,124147],"class_list":["post-56196","post","type-post","status-publish","format-standard","hentry","category-barcelona","category-modelos-econometricos","category-teoria-del-crecimiento-economico","tag-francesc-granell-trias","tag-jose-mora-corral-antonio","tag-josep-lluis-carrion-silvestre","tag-rafael-domenech-vilarino","tag-vicente-german-soto"],"_links":{"self":[{"href":"https:\/\/www.deberes.net\/tesis\/wp-json\/wp\/v2\/posts\/56196","targetHints":{"allow":["GET"]}}],"collection":[{"href":"https:\/\/www.deberes.net\/tesis\/wp-json\/wp\/v2\/posts"}],"about":[{"href":"https:\/\/www.deberes.net\/tesis\/wp-json\/wp\/v2\/types\/post"}],"author":[{"embeddable":true,"href":"https:\/\/www.deberes.net\/tesis\/wp-json\/wp\/v2\/users\/1"}],"replies":[{"embeddable":true,"href":"https:\/\/www.deberes.net\/tesis\/wp-json\/wp\/v2\/comments?post=56196"}],"version-history":[{"count":0,"href":"https:\/\/www.deberes.net\/tesis\/wp-json\/wp\/v2\/posts\/56196\/revisions"}],"wp:attachment":[{"href":"https:\/\/www.deberes.net\/tesis\/wp-json\/wp\/v2\/media?parent=56196"}],"wp:term":[{"taxonomy":"category","embeddable":true,"href":"https:\/\/www.deberes.net\/tesis\/wp-json\/wp\/v2\/categories?post=56196"},{"taxonomy":"post_tag","embeddable":true,"href":"https:\/\/www.deberes.net\/tesis\/wp-json\/wp\/v2\/tags?post=56196"}],"curies":[{"name":"wp","href":"https:\/\/api.w.org\/{rel}","templated":true}]}}