{"id":56230,"date":"2018-03-09T22:43:54","date_gmt":"2018-03-09T22:43:54","guid":{"rendered":"https:\/\/www.deberes.net\/tesis\/sin-categoria\/los-organos-unipersonales-territoriales-de-gestion-academica-en-la-universidad-contexto-problemaaticas-y-propuestas-de-mejora\/"},"modified":"2018-03-09T22:43:54","modified_gmt":"2018-03-09T22:43:54","slug":"los-organos-unipersonales-territoriales-de-gestion-academica-en-la-universidad-contexto-problemaaticas-y-propuestas-de-mejora","status":"publish","type":"post","link":"https:\/\/www.deberes.net\/tesis\/educacion-superior\/los-organos-unipersonales-territoriales-de-gestion-academica-en-la-universidad-contexto-problemaaticas-y-propuestas-de-mejora\/","title":{"rendered":"Los organos unipersonales territoriales de gesti\u00f3n acad\u00e9mica en la universidad: contexto, problem\u00e1aticas y propuestas de mejora."},"content":{"rendered":"<h2>Tesis doctoral de <strong> Diego Castro Ceacero <\/strong><\/h2>\n<p>La investigaci\u00f3n de corte eminentemente cualitativo pretende dar a conocer las dificultades que en la actualidad se producen en el desempe\u00f1o de la funci\u00f3n directiva de los \u00f3rganos intermedios de getsi\u00f3n universitaria.  el trabajo se desarrolla a partir de entrevistas focalizadas y un focus grup. Los datos generados se operan con el programa aquad v.6 y bajo los planteamientos de la teor\u00eda fundamentada de los datos.  se aborda especialmente la funci\u00f3n de gesti\u00f3n asignada al profesorado universitario, en relaci\u00f3n con la de docencia e investigaci\u00f3n. Adem\u00e1s del actual sistema en el que la gesti\u00f3n no requiere de formaci\u00f3n espec\u00edfica y plantea importantes dificultades y retos.  las conclusiones del trabajo abordan diversos \u00e1mbitos y permiten establecer acciones para la mejora institucional de la universidad.<\/p>\n<p>&nbsp;<\/p>\n<h3>Datos acad\u00e9micos de la tesis doctoral \u00ab<strong>Los organos unipersonales territoriales de gesti\u00f3n acad\u00e9mica en la universidad: contexto, problem\u00e1aticas y propuestas de mejora.<\/strong>\u00ab<\/h3>\n<ul>\n<li><strong>T\u00edtulo de la tesis:<\/strong>\u00a0 Los organos unipersonales territoriales de gesti\u00f3n acad\u00e9mica en la universidad: contexto, problem\u00e1aticas y propuestas de mejora. <\/li>\n<li><strong>Autor:<\/strong>\u00a0 Diego Castro Ceacero <\/li>\n<li><strong>Universidad:<\/strong>\u00a0 Aut\u00f3noma de barcelona<\/li>\n<li><strong>Fecha de lectura de la tesis:<\/strong>\u00a0 18\/12\/2006<\/li>\n<\/ul>\n<p>&nbsp;<\/p>\n<h3>Direcci\u00f3n y tribunal<\/h3>\n<ul>\n<li><strong>Director de la tesis<\/strong>\n<ul>\n<li>Marina Tomas  Folch<\/li>\n<\/ul>\n<\/li>\n<li><strong>Tribunal<\/strong>\n<ul>\n<li>Presidente del tribunal: joaquin Gairin sallan <\/li>\n<li>merce Gisber cervera (vocal)<\/li>\n<li>Mar\u00eda rita S\u00e1nchez moreno (vocal)<\/li>\n<li>joan Teixido saballs (vocal)<\/li>\n<\/ul>\n<\/li>\n<\/ul>\n<p>&nbsp;<\/p>\n","protected":false},"excerpt":{"rendered":"<p>Tesis doctoral de Diego Castro Ceacero La investigaci\u00f3n de corte eminentemente cualitativo pretende dar a conocer las dificultades que en [&hellip;]<\/p>\n","protected":false},"author":1,"featured_media":0,"comment_status":"open","ping_status":"open","sticky":false,"template":"","format":"standard","meta":{"site-sidebar-layout":"default","site-content-layout":"","ast-site-content-layout":"","site-content-style":"default","site-sidebar-style":"default","ast-global-header-display":"","ast-banner-title-visibility":"","ast-main-header-display":"","ast-hfb-above-header-display":"","ast-hfb-below-header-display":"","ast-hfb-mobile-header-display":"","site-post-title":"","ast-breadcrumbs-content":"","ast-featured-img":"","footer-sml-layout":"","theme-transparent-header-meta":"","adv-header-id-meta":"","stick-header-meta":"","header-above-stick-meta":"","header-main-stick-meta":"","header-below-stick-meta":"","astra-migrate-meta-layouts":"default","ast-page-background-enabled":"default","ast-page-background-meta":{"desktop":{"background-color":"var(--ast-global-color-4)","background-image":"","background-repeat":"repeat","background-position":"center center","background-size":"auto","background-attachment":"scroll","background-type":"","background-media":"","overlay-type":"","overlay-color":"","overlay-gradient":""},"tablet":{"background-color":"","background-image":"","background-repeat":"repeat","background-position":"center center","background-size":"auto","background-attachment":"scroll","background-type":"","background-media":"","overlay-type":"","overlay-color":"","overlay-gradient":""},"mobile":{"background-color":"","background-image":"","background-repeat":"repeat","background-position":"center center","background-size":"auto","background-attachment":"scroll","background-type":"","background-media":"","overlay-type":"","overlay-color":"","overlay-gradient":""}},"ast-content-background-meta":{"desktop":{"background-color":"var(--ast-global-color-5)","background-image":"","background-repeat":"repeat","background-position":"center center","background-size":"auto","background-attachment":"scroll","background-type":"","background-media":"","overlay-type":"","overlay-color":"","overlay-gradient":""},"tablet":{"background-color":"var(--ast-global-color-5)","background-image":"","background-repeat":"repeat","background-position":"center center","background-size":"auto","background-attachment":"scroll","background-type":"","background-media":"","overlay-type":"","overlay-color":"","overlay-gradient":""},"mobile":{"background-color":"var(--ast-global-color-5)","background-image":"","background-repeat":"repeat","background-position":"center center","background-size":"auto","background-attachment":"scroll","background-type":"","background-media":"","overlay-type":"","overlay-color":"","overlay-gradient":""}},"footnotes":""},"categories":[4394,7611],"tags":[124224,29491,6624,52231,29492,124225],"class_list":["post-56230","post","type-post","status-publish","format-standard","hentry","category-educacion-superior","category-organizacion-y-direccion-de-las-instituciones-educativas","tag-diego-castro-ceacero","tag-joan-teixido-saballs","tag-joaquin-gairin-sallan","tag-maria-rita-sanchez-moreno","tag-marina-tomas-folch","tag-merce-gisber-cervera"],"_links":{"self":[{"href":"https:\/\/www.deberes.net\/tesis\/wp-json\/wp\/v2\/posts\/56230","targetHints":{"allow":["GET"]}}],"collection":[{"href":"https:\/\/www.deberes.net\/tesis\/wp-json\/wp\/v2\/posts"}],"about":[{"href":"https:\/\/www.deberes.net\/tesis\/wp-json\/wp\/v2\/types\/post"}],"author":[{"embeddable":true,"href":"https:\/\/www.deberes.net\/tesis\/wp-json\/wp\/v2\/users\/1"}],"replies":[{"embeddable":true,"href":"https:\/\/www.deberes.net\/tesis\/wp-json\/wp\/v2\/comments?post=56230"}],"version-history":[{"count":0,"href":"https:\/\/www.deberes.net\/tesis\/wp-json\/wp\/v2\/posts\/56230\/revisions"}],"wp:attachment":[{"href":"https:\/\/www.deberes.net\/tesis\/wp-json\/wp\/v2\/media?parent=56230"}],"wp:term":[{"taxonomy":"category","embeddable":true,"href":"https:\/\/www.deberes.net\/tesis\/wp-json\/wp\/v2\/categories?post=56230"},{"taxonomy":"post_tag","embeddable":true,"href":"https:\/\/www.deberes.net\/tesis\/wp-json\/wp\/v2\/tags?post=56230"}],"curies":[{"name":"wp","href":"https:\/\/api.w.org\/{rel}","templated":true}]}}