{"id":56243,"date":"2018-03-09T22:43:54","date_gmt":"2018-03-09T22:43:54","guid":{"rendered":"https:\/\/www.deberes.net\/tesis\/sin-categoria\/interpretaciones-y-perspectivas-de-la-modernidad-el-sujeto-en-el-pensamiento-de-ernst-tugendhat\/"},"modified":"2018-03-09T22:43:54","modified_gmt":"2018-03-09T22:43:54","slug":"interpretaciones-y-perspectivas-de-la-modernidad-el-sujeto-en-el-pensamiento-de-ernst-tugendhat","status":"publish","type":"post","link":"https:\/\/www.deberes.net\/tesis\/etica-filosofica\/interpretaciones-y-perspectivas-de-la-modernidad-el-sujeto-en-el-pensamiento-de-ernst-tugendhat\/","title":{"rendered":"Interpretaciones y perspectivas de la modernidad: el sujeto en el pensamiento de ernst tugendhat"},"content":{"rendered":"<h2>Tesis doctoral de <strong> Pedro S\u00e1nchez Limi\u00f1ana <\/strong><\/h2>\n<p>El pensamiento de ernst tugendhat ofrece una nueva noci\u00f3n de sujeto y gira en torno a la deliberaci\u00f3n, como una de las claves sobre las que se sustenta su planteamiento, adem\u00e1s de la original relaci\u00f3n entre racionalidad y voluntad propuesta por nuestro autor, la cuesti\u00f3n de la fundamentaci\u00f3n de la moral y la propia concepci\u00f3n moral desarrollada por tugendhat, la motivaci\u00f3n para la moral y el problema de los derechos humanos. Y todo ello abordado siempre desde la perspectiva que le proporciona el m\u00e9todo ling\u00ed\u00bc\u00edstico-anal\u00edtico. en autoconciencia y autodeterminaci\u00f3n tugendhat se propone, en primer lugar, mostrar las paradojas a las que necesariamente conduce el modelo tradicional de la filosof\u00eda del sujeto-objeto cuando desde \u00e9l se pretende dar cuenta del fen\u00f3meno de la autoconciencia. Para ello propondr\u00e1 abandonar el significado de la reflexi\u00f3n consigo mismo mantenido por la teor\u00eda tradicional y sustituirlo por el de deliberaci\u00f3n, de tal forma que al de liberar consigo mismo el sujeto se comporta consigo mismo y encuentra razones que justifican objetivamente sus decisiones. esta dimensi\u00f3n reacional habr\u00e1 de ir necesariamente asociada a la intersubjetividad, mas no por ello el sujeto queda diluido en el espacio intersubjetivo porque la libertada del individuo consise, por una parte, en mantener una actitud deliberativa consigo mismo mediante la que la toma de decisiones es fundamente en razones, pero por otra, y en \u00faltima instancia, la decisi\u00f3n tiene un componente volitivo sin el cual no podr\u00eda hablarse de autodeterminaci\u00f3n. tugendhat retoma la cuesti\u00f3n de la fundamentaci\u00f3n en problemas de la \u00e9tica, donde se\u00f1ala que la moral s\u00f3lo puede ser racional en el sentido d\u00e9bil de atender a razones, pero no en el fuerte de encontrar en la raz\u00f3n un fundamento absoluto. As\u00ed, frente al intento de habermas de fundamentar discursivamente la moral nos aclara de manera brillante que muchos de los aspectos dela fundamentaci\u00f3n que \u00e9ste propone no son<\/p>\n<p>&nbsp;<\/p>\n<h3>Datos acad\u00e9micos de la tesis doctoral \u00ab<strong>Interpretaciones y perspectivas de la modernidad: el sujeto en el pensamiento de ernst tugendhat<\/strong>\u00ab<\/h3>\n<ul>\n<li><strong>T\u00edtulo de la tesis:<\/strong>\u00a0 Interpretaciones y perspectivas de la modernidad: el sujeto en el pensamiento de ernst tugendhat <\/li>\n<li><strong>Autor:<\/strong>\u00a0 Pedro S\u00e1nchez Limi\u00f1ana <\/li>\n<li><strong>Universidad:<\/strong>\u00a0 Nacional de educaci\u00f3n a distancia<\/li>\n<li><strong>Fecha de lectura de la tesis:<\/strong>\u00a0 18\/12\/2006<\/li>\n<\/ul>\n<p>&nbsp;<\/p>\n<h3>Direcci\u00f3n y tribunal<\/h3>\n<ul>\n<li><strong>Director de la tesis<\/strong>\n<ul>\n<li>Javier Muguerza Carpintier<\/li>\n<\/ul>\n<\/li>\n<li><strong>Tribunal<\/strong>\n<ul>\n<li>Presidente del tribunal: victoria Camps cervera <\/li>\n<li>joaqu\u00edn Rodr\u00edguez feo (vocal)<\/li>\n<li>Carlos Thiebaut Luis-andre (vocal)<\/li>\n<li>pablo R\u00f3denas utray (vocal)<\/li>\n<\/ul>\n<\/li>\n<\/ul>\n<p>&nbsp;<\/p>\n","protected":false},"excerpt":{"rendered":"<p>Tesis doctoral de Pedro S\u00e1nchez Limi\u00f1ana El pensamiento de ernst tugendhat ofrece una nueva noci\u00f3n de sujeto y gira en [&hellip;]<\/p>\n","protected":false},"author":1,"featured_media":0,"comment_status":"open","ping_status":"open","sticky":false,"template":"","format":"standard","meta":{"site-sidebar-layout":"default","site-content-layout":"","ast-site-content-layout":"","site-content-style":"default","site-sidebar-style":"default","ast-global-header-display":"","ast-banner-title-visibility":"","ast-main-header-display":"","ast-hfb-above-header-display":"","ast-hfb-below-header-display":"","ast-hfb-mobile-header-display":"","site-post-title":"","ast-breadcrumbs-content":"","ast-featured-img":"","footer-sml-layout":"","theme-transparent-header-meta":"","adv-header-id-meta":"","stick-header-meta":"","header-above-stick-meta":"","header-main-stick-meta":"","header-below-stick-meta":"","astra-migrate-meta-layouts":"default","ast-page-background-enabled":"default","ast-page-background-meta":{"desktop":{"background-color":"var(--ast-global-color-4)","background-image":"","background-repeat":"repeat","background-position":"center center","background-size":"auto","background-attachment":"scroll","background-type":"","background-media":"","overlay-type":"","overlay-color":"","overlay-gradient":""},"tablet":{"background-color":"","background-image":"","background-repeat":"repeat","background-position":"center center","background-size":"auto","background-attachment":"scroll","background-type":"","background-media":"","overlay-type":"","overlay-color":"","overlay-gradient":""},"mobile":{"background-color":"","background-image":"","background-repeat":"repeat","background-position":"center center","background-size":"auto","background-attachment":"scroll","background-type":"","background-media":"","overlay-type":"","overlay-color":"","overlay-gradient":""}},"ast-content-background-meta":{"desktop":{"background-color":"var(--ast-global-color-5)","background-image":"","background-repeat":"repeat","background-position":"center center","background-size":"auto","background-attachment":"scroll","background-type":"","background-media":"","overlay-type":"","overlay-color":"","overlay-gradient":""},"tablet":{"background-color":"var(--ast-global-color-5)","background-image":"","background-repeat":"repeat","background-position":"center center","background-size":"auto","background-attachment":"scroll","background-type":"","background-media":"","overlay-type":"","overlay-color":"","overlay-gradient":""},"mobile":{"background-color":"var(--ast-global-color-5)","background-image":"","background-repeat":"repeat","background-position":"center center","background-size":"auto","background-attachment":"scroll","background-type":"","background-media":"","overlay-type":"","overlay-color":"","overlay-gradient":""}},"footnotes":""},"categories":[8649,17070],"tags":[27105,26193,107536,10047,124259,32929],"class_list":["post-56243","post","type-post","status-publish","format-standard","hentry","category-etica-filosofica","category-nacional-de-educacion-a-distancia","tag-carlos-thiebaut-luis-andre","tag-javier-muguerza-carpintier","tag-joaquin-rodriguez-feo","tag-pablo-rodenas-utray","tag-pedro-sanchez-liminana","tag-victoria-camps-cervera"],"_links":{"self":[{"href":"https:\/\/www.deberes.net\/tesis\/wp-json\/wp\/v2\/posts\/56243","targetHints":{"allow":["GET"]}}],"collection":[{"href":"https:\/\/www.deberes.net\/tesis\/wp-json\/wp\/v2\/posts"}],"about":[{"href":"https:\/\/www.deberes.net\/tesis\/wp-json\/wp\/v2\/types\/post"}],"author":[{"embeddable":true,"href":"https:\/\/www.deberes.net\/tesis\/wp-json\/wp\/v2\/users\/1"}],"replies":[{"embeddable":true,"href":"https:\/\/www.deberes.net\/tesis\/wp-json\/wp\/v2\/comments?post=56243"}],"version-history":[{"count":0,"href":"https:\/\/www.deberes.net\/tesis\/wp-json\/wp\/v2\/posts\/56243\/revisions"}],"wp:attachment":[{"href":"https:\/\/www.deberes.net\/tesis\/wp-json\/wp\/v2\/media?parent=56243"}],"wp:term":[{"taxonomy":"category","embeddable":true,"href":"https:\/\/www.deberes.net\/tesis\/wp-json\/wp\/v2\/categories?post=56243"},{"taxonomy":"post_tag","embeddable":true,"href":"https:\/\/www.deberes.net\/tesis\/wp-json\/wp\/v2\/tags?post=56243"}],"curies":[{"name":"wp","href":"https:\/\/api.w.org\/{rel}","templated":true}]}}