{"id":56279,"date":"2018-03-09T22:43:59","date_gmt":"2018-03-09T22:43:59","guid":{"rendered":"https:\/\/www.deberes.net\/tesis\/sin-categoria\/la-impugnacion-legal-de-los-actos-definitivos-del-seguro-social-en-mexico\/"},"modified":"2018-03-09T22:43:59","modified_gmt":"2018-03-09T22:43:59","slug":"la-impugnacion-legal-de-los-actos-definitivos-del-seguro-social-en-mexico","status":"publish","type":"post","link":"https:\/\/www.deberes.net\/tesis\/derecho-del-trabajo-y-de-la-seguridad-social\/la-impugnacion-legal-de-los-actos-definitivos-del-seguro-social-en-mexico\/","title":{"rendered":"La impugnacion legal de los actos definitivos del seguro social en mexico"},"content":{"rendered":"<h2>Tesis doctoral de <strong> Angel Guillermo Ruiz Moreno <\/strong><\/h2>\n<p>Considerando la complejidad de la seguridad social contempor\u00e1nea a inicios del siglo xxi, la operaci\u00f3n de los seguros sociales creados al efecto por el estado  mexicano, conlleva la necesidad de establecer la crisis existente en la administracion de justicia en esta compleja  disciplina jur\u00eddica. mediante el an\u00e1lisis integral actualizado del r\u00e9gimen obligatorio del seguro social b\u00e1sico en m\u00e9xico, al cargo del instituto mexicano del seguro social (imss) y la legislaci\u00f3n vigente que le sirve de marco jur\u00eddico en su operaci\u00f3n cotidiana, la ley del seguro social, determina la  necesidad de conceptualizar adecuadamente los actos definitivos impugnables, los recursos administrativos previstos en ley, sus procedimientos reglamentarios, as\u00ed como los diversos medios de defensa que deben ser agotados por los derechohabientes y sujetos obligados, tanto en materia de prestaciones de la seguridad social como respecto de los cobros de las aportaciones de seguridad social, respectivamente,  lo cual incluye un an\u00e1lisis completo de cada uno de los diversos juicios a interponer por el interesado ante actos definitivos del seguro social en m\u00e9xico, que resulten lesivos a sus intereses particulares.<\/p>\n<p>&nbsp;<\/p>\n<h3>Datos acad\u00e9micos de la tesis doctoral \u00ab<strong>La impugnacion legal de los actos definitivos del seguro social en mexico<\/strong>\u00ab<\/h3>\n<ul>\n<li><strong>T\u00edtulo de la tesis:<\/strong>\u00a0 La impugnacion legal de los actos definitivos del seguro social en mexico <\/li>\n<li><strong>Autor:<\/strong>\u00a0 Angel Guillermo Ruiz Moreno <\/li>\n<li><strong>Universidad:<\/strong>\u00a0 San pablo-ceu<\/li>\n<li><strong>Fecha de lectura de la tesis:<\/strong>\u00a0 18\/12\/2006<\/li>\n<\/ul>\n<p>&nbsp;<\/p>\n<h3>Direcci\u00f3n y tribunal<\/h3>\n<ul>\n<li><strong>Director de la tesis<\/strong>\n<ul>\n<li>Jos\u00e9 Luis Pi\u00f1ar Ma\u00f1as<\/li>\n<\/ul>\n<\/li>\n<li><strong>Tribunal<\/strong>\n<ul>\n<li>Presidente del tribunal: alfredo Montoya melgar <\/li>\n<li>ricardo Escudero rodriguez (vocal)<\/li>\n<li>bel\u00e9n Alonso-olea Garc\u00eda (vocal)<\/li>\n<li>ricardo Garcia macho (vocal)<\/li>\n<\/ul>\n<\/li>\n<\/ul>\n<p>&nbsp;<\/p>\n","protected":false},"excerpt":{"rendered":"<p>Tesis doctoral de Angel Guillermo Ruiz Moreno Considerando la complejidad de la seguridad social contempor\u00e1nea a inicios del siglo xxi, [&hellip;]<\/p>\n","protected":false},"author":1,"featured_media":0,"comment_status":"open","ping_status":"open","sticky":false,"template":"","format":"standard","meta":{"site-sidebar-layout":"default","site-content-layout":"","ast-site-content-layout":"","site-content-style":"default","site-sidebar-style":"default","ast-global-header-display":"","ast-banner-title-visibility":"","ast-main-header-display":"","ast-hfb-above-header-display":"","ast-hfb-below-header-display":"","ast-hfb-mobile-header-display":"","site-post-title":"","ast-breadcrumbs-content":"","ast-featured-img":"","footer-sml-layout":"","theme-transparent-header-meta":"","adv-header-id-meta":"","stick-header-meta":"","header-above-stick-meta":"","header-main-stick-meta":"","header-below-stick-meta":"","astra-migrate-meta-layouts":"default","ast-page-background-enabled":"default","ast-page-background-meta":{"desktop":{"background-color":"var(--ast-global-color-4)","background-image":"","background-repeat":"repeat","background-position":"center center","background-size":"auto","background-attachment":"scroll","background-type":"","background-media":"","overlay-type":"","overlay-color":"","overlay-gradient":""},"tablet":{"background-color":"","background-image":"","background-repeat":"repeat","background-position":"center center","background-size":"auto","background-attachment":"scroll","background-type":"","background-media":"","overlay-type":"","overlay-color":"","overlay-gradient":""},"mobile":{"background-color":"","background-image":"","background-repeat":"repeat","background-position":"center center","background-size":"auto","background-attachment":"scroll","background-type":"","background-media":"","overlay-type":"","overlay-color":"","overlay-gradient":""}},"ast-content-background-meta":{"desktop":{"background-color":"var(--ast-global-color-5)","background-image":"","background-repeat":"repeat","background-position":"center center","background-size":"auto","background-attachment":"scroll","background-type":"","background-media":"","overlay-type":"","overlay-color":"","overlay-gradient":""},"tablet":{"background-color":"var(--ast-global-color-5)","background-image":"","background-repeat":"repeat","background-position":"center center","background-size":"auto","background-attachment":"scroll","background-type":"","background-media":"","overlay-type":"","overlay-color":"","overlay-gradient":""},"mobile":{"background-color":"var(--ast-global-color-5)","background-image":"","background-repeat":"repeat","background-position":"center center","background-size":"auto","background-attachment":"scroll","background-type":"","background-media":"","overlay-type":"","overlay-color":"","overlay-gradient":""}},"footnotes":""},"categories":[2170,39800],"tags":[5169,124335,124336,6455,26866,23360],"class_list":["post-56279","post","type-post","status-publish","format-standard","hentry","category-derecho-del-trabajo-y-de-la-seguridad-social","category-san-pablo-ceu","tag-alfredo-montoya-melgar","tag-angel-guillermo-ruiz-moreno","tag-belen-alonso-olea-garcia","tag-jose-luis-pinar-manas","tag-ricardo-escudero-rodriguez","tag-ricardo-garcia-macho"],"_links":{"self":[{"href":"https:\/\/www.deberes.net\/tesis\/wp-json\/wp\/v2\/posts\/56279","targetHints":{"allow":["GET"]}}],"collection":[{"href":"https:\/\/www.deberes.net\/tesis\/wp-json\/wp\/v2\/posts"}],"about":[{"href":"https:\/\/www.deberes.net\/tesis\/wp-json\/wp\/v2\/types\/post"}],"author":[{"embeddable":true,"href":"https:\/\/www.deberes.net\/tesis\/wp-json\/wp\/v2\/users\/1"}],"replies":[{"embeddable":true,"href":"https:\/\/www.deberes.net\/tesis\/wp-json\/wp\/v2\/comments?post=56279"}],"version-history":[{"count":0,"href":"https:\/\/www.deberes.net\/tesis\/wp-json\/wp\/v2\/posts\/56279\/revisions"}],"wp:attachment":[{"href":"https:\/\/www.deberes.net\/tesis\/wp-json\/wp\/v2\/media?parent=56279"}],"wp:term":[{"taxonomy":"category","embeddable":true,"href":"https:\/\/www.deberes.net\/tesis\/wp-json\/wp\/v2\/categories?post=56279"},{"taxonomy":"post_tag","embeddable":true,"href":"https:\/\/www.deberes.net\/tesis\/wp-json\/wp\/v2\/tags?post=56279"}],"curies":[{"name":"wp","href":"https:\/\/api.w.org\/{rel}","templated":true}]}}