{"id":56327,"date":"2018-03-09T22:44:04","date_gmt":"2018-03-09T22:44:04","guid":{"rendered":"https:\/\/www.deberes.net\/tesis\/sin-categoria\/hacia-la-desaparicion-del-regimen-especial-agrario-de-la-seguridad-social\/"},"modified":"2018-03-09T22:44:04","modified_gmt":"2018-03-09T22:44:04","slug":"hacia-la-desaparicion-del-regimen-especial-agrario-de-la-seguridad-social","status":"publish","type":"post","link":"https:\/\/www.deberes.net\/tesis\/ciencias-juridicas-y-derecho\/hacia-la-desaparicion-del-regimen-especial-agrario-de-la-seguridad-social\/","title":{"rendered":"Hacia la desaparicion del regimen especial agrario de la seguridad social"},"content":{"rendered":"<h2>Tesis doctoral de <strong> Margarita Arenas Viruez <\/strong><\/h2>\n<p>En el trabajo que se presenta para la colaci\u00f3n del grado de doctor, titulado \u00abhacia la desaparici\u00f3n del r\u00e9gimen especial agrario de la seguridad social\u00bb, se lleva a cabo un an\u00e1lisis de los distintos problemas que se plantean en el proceso de integraci\u00f3n de los trabajadores agrarios por cuenta ajena en el r\u00e9gimen general de la seguridad social y de los trabajadores agrarios por cuenta propia en el r\u00e9gimen especial de trabajadores aut\u00f3nomos.  se abordan las cuestiones complejas que se presentan en el camino hacia la desaparici\u00f3n del r\u00e9gimen especial agrario, abarc\u00e1ndose desde el campo de aplicaci\u00f3n de dicho r\u00e9gimen especial hasta los actos de encuadramiento, financiaci\u00f3n y acci\u00f3n protectora de un colectivo -los trabajadores del campo- que tradicionalmente se ha caracterizado por una gran debilidad econ\u00f3mica y social, que permite, si no justificar, si explicar la existencia de una seguridad social agraria. con la integraci\u00f3n del r\u00e9gimen especial agrario en el r\u00e9gimen general y en el r\u00e9gimen especial de trabajadores por cuenta propia, se pretende dar cumplimiento, al menos parcial, a la tendencia a la unidad que ha de presidir el sistema de seguridad social, tal y como dispone el art\u00edculo 10.5 de la lgss; tendencia que recientemente ha sido elevada a principio en el art\u00edculo 2.1 de la citada ley.<\/p>\n<p>&nbsp;<\/p>\n<h3>Datos acad\u00e9micos de la tesis doctoral \u00ab<strong>Hacia la desaparicion del regimen especial agrario de la seguridad social<\/strong>\u00ab<\/h3>\n<ul>\n<li><strong>T\u00edtulo de la tesis:<\/strong>\u00a0 Hacia la desaparicion del regimen especial agrario de la seguridad social <\/li>\n<li><strong>Autor:<\/strong>\u00a0 Margarita Arenas Viruez <\/li>\n<li><strong>Universidad:<\/strong>\u00a0 Pablo de olavide<\/li>\n<li><strong>Fecha de lectura de la tesis:<\/strong>\u00a0 19\/12\/2006<\/li>\n<\/ul>\n<p>&nbsp;<\/p>\n<h3>Direcci\u00f3n y tribunal<\/h3>\n<ul>\n<li><strong>Director de la tesis<\/strong>\n<ul>\n<li>Manuel Ramon Alarcon Caracuel<\/li>\n<\/ul>\n<\/li>\n<li><strong>Tribunal<\/strong>\n<ul>\n<li>Presidente del tribunal: Santiago Gonzalez Ortega <\/li>\n<li>Jos\u00e9 Lujan Alcaraz (vocal)<\/li>\n<li>Joaqu\u00edn Garc\u00eda Murcia (vocal)<\/li>\n<li>Juan L\u00f3pez Gand\u00eda (vocal)<\/li>\n<\/ul>\n<\/li>\n<\/ul>\n<p>&nbsp;<\/p>\n","protected":false},"excerpt":{"rendered":"<p>Tesis doctoral de Margarita Arenas Viruez En el trabajo que se presenta para la colaci\u00f3n del grado de doctor, titulado [&hellip;]<\/p>\n","protected":false},"author":1,"featured_media":0,"comment_status":"open","ping_status":"open","sticky":false,"template":"","format":"standard","meta":{"site-sidebar-layout":"default","site-content-layout":"","ast-site-content-layout":"","site-content-style":"default","site-sidebar-style":"default","ast-global-header-display":"","ast-banner-title-visibility":"","ast-main-header-display":"","ast-hfb-above-header-display":"","ast-hfb-below-header-display":"","ast-hfb-mobile-header-display":"","site-post-title":"","ast-breadcrumbs-content":"","ast-featured-img":"","footer-sml-layout":"","theme-transparent-header-meta":"","adv-header-id-meta":"","stick-header-meta":"","header-above-stick-meta":"","header-main-stick-meta":"","header-below-stick-meta":"","astra-migrate-meta-layouts":"default","ast-page-background-enabled":"default","ast-page-background-meta":{"desktop":{"background-color":"var(--ast-global-color-4)","background-image":"","background-repeat":"repeat","background-position":"center center","background-size":"auto","background-attachment":"scroll","background-type":"","background-media":"","overlay-type":"","overlay-color":"","overlay-gradient":""},"tablet":{"background-color":"","background-image":"","background-repeat":"repeat","background-position":"center center","background-size":"auto","background-attachment":"scroll","background-type":"","background-media":"","overlay-type":"","overlay-color":"","overlay-gradient":""},"mobile":{"background-color":"","background-image":"","background-repeat":"repeat","background-position":"center center","background-size":"auto","background-attachment":"scroll","background-type":"","background-media":"","overlay-type":"","overlay-color":"","overlay-gradient":""}},"ast-content-background-meta":{"desktop":{"background-color":"var(--ast-global-color-5)","background-image":"","background-repeat":"repeat","background-position":"center center","background-size":"auto","background-attachment":"scroll","background-type":"","background-media":"","overlay-type":"","overlay-color":"","overlay-gradient":""},"tablet":{"background-color":"var(--ast-global-color-5)","background-image":"","background-repeat":"repeat","background-position":"center center","background-size":"auto","background-attachment":"scroll","background-type":"","background-media":"","overlay-type":"","overlay-color":"","overlay-gradient":""},"mobile":{"background-color":"var(--ast-global-color-5)","background-image":"","background-repeat":"repeat","background-position":"center center","background-size":"auto","background-attachment":"scroll","background-type":"","background-media":"","overlay-type":"","overlay-color":"","overlay-gradient":""}},"footnotes":""},"categories":[612,2170,37286],"tags":[32506,46085,26860,13967,124435,22763],"class_list":["post-56327","post","type-post","status-publish","format-standard","hentry","category-ciencias-juridicas-y-derecho","category-derecho-del-trabajo-y-de-la-seguridad-social","category-pablo-de-olavide","tag-joaquin-garcia-murcia","tag-jose-lujan-alcaraz","tag-juan-lopez-gandia","tag-manuel-ramon-alarcon-caracuel","tag-margarita-arenas-viruez","tag-santiago-gonzalez-ortega"],"_links":{"self":[{"href":"https:\/\/www.deberes.net\/tesis\/wp-json\/wp\/v2\/posts\/56327","targetHints":{"allow":["GET"]}}],"collection":[{"href":"https:\/\/www.deberes.net\/tesis\/wp-json\/wp\/v2\/posts"}],"about":[{"href":"https:\/\/www.deberes.net\/tesis\/wp-json\/wp\/v2\/types\/post"}],"author":[{"embeddable":true,"href":"https:\/\/www.deberes.net\/tesis\/wp-json\/wp\/v2\/users\/1"}],"replies":[{"embeddable":true,"href":"https:\/\/www.deberes.net\/tesis\/wp-json\/wp\/v2\/comments?post=56327"}],"version-history":[{"count":0,"href":"https:\/\/www.deberes.net\/tesis\/wp-json\/wp\/v2\/posts\/56327\/revisions"}],"wp:attachment":[{"href":"https:\/\/www.deberes.net\/tesis\/wp-json\/wp\/v2\/media?parent=56327"}],"wp:term":[{"taxonomy":"category","embeddable":true,"href":"https:\/\/www.deberes.net\/tesis\/wp-json\/wp\/v2\/categories?post=56327"},{"taxonomy":"post_tag","embeddable":true,"href":"https:\/\/www.deberes.net\/tesis\/wp-json\/wp\/v2\/tags?post=56327"}],"curies":[{"name":"wp","href":"https:\/\/api.w.org\/{rel}","templated":true}]}}