{"id":56328,"date":"2018-03-09T22:44:04","date_gmt":"2018-03-09T22:44:04","guid":{"rendered":"https:\/\/www.deberes.net\/tesis\/sin-categoria\/evolucion-del-consumo-de-medicamentos-para-epoc-y-asma-e-impacto-economico-en-atencion-primaria-de-madrid-1996-2005\/"},"modified":"2018-03-09T22:44:04","modified_gmt":"2018-03-09T22:44:04","slug":"evolucion-del-consumo-de-medicamentos-para-epoc-y-asma-e-impacto-economico-en-atencion-primaria-de-madrid-1996-2005","status":"publish","type":"post","link":"https:\/\/www.deberes.net\/tesis\/evaluacion-de-farmacos\/evolucion-del-consumo-de-medicamentos-para-epoc-y-asma-e-impacto-economico-en-atencion-primaria-de-madrid-1996-2005\/","title":{"rendered":"Evolucion del consumo de medicamentos para epoc y asma e impacto economico en atencion primaria de Madrid (1996-2005)"},"content":{"rendered":"<h2>Tesis doctoral de <strong> Cristina Rodriguez Escolar <\/strong><\/h2>\n<p>Se ha llevado a cabo este estudio de utilizaci\u00f3n de medicamentos para evaluar la evoluci\u00f3n de la oferta, consumo y coste de los medicamentos del grupo r03 (medicamentos para enfermedades obstructivas de las v\u00edas a\u00e9reas) prescritos por m\u00e9dicos de familia y pediatras  en atenci\u00f3n primaria en Madrid durante el periodo 1996-2005. La oferta se estudia desglosada por v\u00edas de administraci\u00f3n en monof\u00e1rmacos y asociaciones a dosis fijas; par ello se utiliza como fuente de datos los catalogos de especialidades  faramaceutics. Los datos de consumo y gasto  a pvp han sido facilitados por el servicio madrile\u00f1o de salud. El consumo se expresa en dosis diarias definidas (dd) pro 1.000 habitantes y dia (dhd). Los datos poblacionales corresponden a la poblaci\u00f3n con tarjeta sanitaria individual (tsi) que figura en los contratos de gesti\u00f3n anual de la gerencias de atenci\u00f3n primaria. Los costes se han calculado en moneda (\u00c2\u00bf) constante, descontando el incremento del \u00edndice de precios al consumo (ipc) y tambi\u00e9n se ha calculado el ctd (coste tratamiento pro ddd). se han producido notables cambios en la oferta y consumo de medicamentos para enfermedades obstructivas de las v\u00edas a\u00e9reas en Madrid. La oferta de medicamentos experimenta pocas variaciones cuantitativas aunque de gran inter\u00e9s cualitativo, al desaparecer f\u00e1rmacos sin utilidad terap\u00e9utica y de dudosa seguridad y por la comercializaci\u00f3n de seis novedades terap\u00e9uticas. La incorporaci\u00f3n de asociaciones a dosis fijas en un \u00fanico dispositivo de agonistas b2 selectivos inhalados de acci\u00f3n larga y glucocorticoides por inhalaci\u00f3n para el tratamiento del asma y epoc, junto con la comercializaci\u00f3n de tiotropio para epoc, son los eventos que m\u00e1s han contribuido a los cambios observados en la prescripci\u00f3n. Se ha detectado mejora en la calidad de prescripci\u00f3n al incrementarse la utilizaci\u00f3n de la v\u00eda inhalada frente a la sist\u00e9mica y la desaparici\u00f3n de medicamentos de utilidad terap\u00e9utica baja. La preValencia de consumo de medicamentos para epoc y asma se incrementa un 12.48% entre 1996- y 2005, con un incremento del gasto  del 256.32% y del ctd del 146.25%. La v\u00eda inhalada se impone como v\u00eda de elecci\u00f3n para el tratamiento del epoc y asma, y es la que determina las variaciones de consumo y gasto de grupo r03. Entre 1996 y 2005 el impacto del gasto del grupo r03 en la factura farmac\u00e9utica imputada a atenci\u00f3n primaria se duplica, teniendo gran repercusi\u00f3n las novedades terap\u00e9uticas. Sin embargo, la mayor\u00eda de estas novedades terap\u00e9uticas solamente ofrecen alguna limitada ventaja frente a los f\u00e1rmacos existentes a un precio muy superior. El patr\u00f3n de uso de medicamentos para epoc y asma en Madrid no presenta diferencias cualitativas importantes en relaci\u00f3n con otros estudios nacionales e internacionales.<\/p>\n<p>&nbsp;<\/p>\n<h3>Datos acad\u00e9micos de la tesis doctoral \u00ab<strong>Evolucion del consumo de medicamentos para epoc y asma e impacto economico en atencion primaria de Madrid (1996-2005)<\/strong>\u00ab<\/h3>\n<ul>\n<li><strong>T\u00edtulo de la tesis:<\/strong>\u00a0 Evolucion del consumo de medicamentos para epoc y asma e impacto economico en atencion primaria de Madrid (1996-2005) <\/li>\n<li><strong>Autor:<\/strong>\u00a0 Cristina Rodriguez Escolar <\/li>\n<li><strong>Universidad:<\/strong>\u00a0 Alcal\u00e1<\/li>\n<li><strong>Fecha de lectura de la tesis:<\/strong>\u00a0 19\/12\/2006<\/li>\n<\/ul>\n<p>&nbsp;<\/p>\n<h3>Direcci\u00f3n y tribunal<\/h3>\n<ul>\n<li><strong>Director de la tesis<\/strong>\n<ul>\n<li>M\u00aaluz Fidalgo Garcia<\/li>\n<\/ul>\n<\/li>\n<li><strong>Tribunal<\/strong>\n<ul>\n<li>Presidente del tribunal: Fernando Carrillo arias <\/li>\n<li>alejandro Reyes (vocal)<\/li>\n<li>Marta Martinez cabarga (vocal)<\/li>\n<li>Mar\u00eda  Jos\u00e9 Calvo alcantara (vocal)<\/li>\n<\/ul>\n<\/li>\n<\/ul>\n<p>&nbsp;<\/p>\n","protected":false},"excerpt":{"rendered":"<p>Tesis doctoral de Cristina Rodriguez Escolar Se ha llevado a cabo este estudio de utilizaci\u00f3n de medicamentos para evaluar la [&hellip;]<\/p>\n","protected":false},"author":1,"featured_media":0,"comment_status":"open","ping_status":"open","sticky":false,"template":"","format":"standard","meta":{"site-sidebar-layout":"default","site-content-layout":"","ast-site-content-layout":"","site-content-style":"default","site-sidebar-style":"default","ast-global-header-display":"","ast-banner-title-visibility":"","ast-main-header-display":"","ast-hfb-above-header-display":"","ast-hfb-below-header-display":"","ast-hfb-mobile-header-display":"","site-post-title":"","ast-breadcrumbs-content":"","ast-featured-img":"","footer-sml-layout":"","theme-transparent-header-meta":"","adv-header-id-meta":"","stick-header-meta":"","header-above-stick-meta":"","header-main-stick-meta":"","header-below-stick-meta":"","astra-migrate-meta-layouts":"default","ast-page-background-enabled":"default","ast-page-background-meta":{"desktop":{"background-color":"var(--ast-global-color-4)","background-image":"","background-repeat":"repeat","background-position":"center center","background-size":"auto","background-attachment":"scroll","background-type":"","background-media":"","overlay-type":"","overlay-color":"","overlay-gradient":""},"tablet":{"background-color":"","background-image":"","background-repeat":"repeat","background-position":"center center","background-size":"auto","background-attachment":"scroll","background-type":"","background-media":"","overlay-type":"","overlay-color":"","overlay-gradient":""},"mobile":{"background-color":"","background-image":"","background-repeat":"repeat","background-position":"center center","background-size":"auto","background-attachment":"scroll","background-type":"","background-media":"","overlay-type":"","overlay-color":"","overlay-gradient":""}},"ast-content-background-meta":{"desktop":{"background-color":"var(--ast-global-color-5)","background-image":"","background-repeat":"repeat","background-position":"center center","background-size":"auto","background-attachment":"scroll","background-type":"","background-media":"","overlay-type":"","overlay-color":"","overlay-gradient":""},"tablet":{"background-color":"var(--ast-global-color-5)","background-image":"","background-repeat":"repeat","background-position":"center center","background-size":"auto","background-attachment":"scroll","background-type":"","background-media":"","overlay-type":"","overlay-color":"","overlay-gradient":""},"mobile":{"background-color":"var(--ast-global-color-5)","background-image":"","background-repeat":"repeat","background-position":"center center","background-size":"auto","background-attachment":"scroll","background-type":"","background-media":"","overlay-type":"","overlay-color":"","overlay-gradient":""}},"footnotes":""},"categories":[17426,2445],"tags":[124438,124436,96699,124439,103231,124437],"class_list":["post-56328","post","type-post","status-publish","format-standard","hentry","category-alcala","category-evaluacion-de-farmacos","tag-alejandro-reyes","tag-cristina-rodriguez-escolar","tag-fernando-carrillo-arias","tag-maria-jose-calvo-alcantara","tag-marta-Martinez-cabarga","tag-maluz-fidalgo-garcia"],"_links":{"self":[{"href":"https:\/\/www.deberes.net\/tesis\/wp-json\/wp\/v2\/posts\/56328","targetHints":{"allow":["GET"]}}],"collection":[{"href":"https:\/\/www.deberes.net\/tesis\/wp-json\/wp\/v2\/posts"}],"about":[{"href":"https:\/\/www.deberes.net\/tesis\/wp-json\/wp\/v2\/types\/post"}],"author":[{"embeddable":true,"href":"https:\/\/www.deberes.net\/tesis\/wp-json\/wp\/v2\/users\/1"}],"replies":[{"embeddable":true,"href":"https:\/\/www.deberes.net\/tesis\/wp-json\/wp\/v2\/comments?post=56328"}],"version-history":[{"count":0,"href":"https:\/\/www.deberes.net\/tesis\/wp-json\/wp\/v2\/posts\/56328\/revisions"}],"wp:attachment":[{"href":"https:\/\/www.deberes.net\/tesis\/wp-json\/wp\/v2\/media?parent=56328"}],"wp:term":[{"taxonomy":"category","embeddable":true,"href":"https:\/\/www.deberes.net\/tesis\/wp-json\/wp\/v2\/categories?post=56328"},{"taxonomy":"post_tag","embeddable":true,"href":"https:\/\/www.deberes.net\/tesis\/wp-json\/wp\/v2\/tags?post=56328"}],"curies":[{"name":"wp","href":"https:\/\/api.w.org\/{rel}","templated":true}]}}