{"id":56423,"date":"2018-03-09T22:44:10","date_gmt":"2018-03-09T22:44:10","guid":{"rendered":"https:\/\/www.deberes.net\/tesis\/sin-categoria\/fatiga-en-esclerosis-multiple-aspectos-cla%c2%adnicos-biologicos-y-radiologicos\/"},"modified":"2018-03-09T22:44:10","modified_gmt":"2018-03-09T22:44:10","slug":"fatiga-en-esclerosis-multiple-aspectos-cla%c2%adnicos-biologicos-y-radiologicos","status":"publish","type":"post","link":"https:\/\/www.deberes.net\/tesis\/neurologia\/fatiga-en-esclerosis-multiple-aspectos-cla%c2%adnicos-biologicos-y-radiologicos\/","title":{"rendered":"Fatiga en esclerosis m\u00faltiple: aspectos cl\u00ednicos biol\u00f3gicos y radiol\u00f3gicos"},"content":{"rendered":"<h2>Tesis doctoral de <strong> M.nieves T\u00e9llez Lara <\/strong><\/h2>\n<p>La esclerosis m\u00faltiple es una enfermedad mediada inmunol\u00f3gicamente que afecta de forma selectiva al sistema nervioso central. Aunque la cl\u00ednica depende en gran medida de la topograf\u00eda lesional y del sustrato anatomopatol\u00f3gico, existen s\u00edntomas muy frecuentes, como la fatiga, a los que no se atribuye ninguna localizaci\u00f3n concreta, su origen est\u00e1 a\u00fan por determinar y para la que no existe un tratamiento aprobado.  esta tesis recoge cuatro trabajos que aportan informaci\u00f3n adicional al conocimiento actual sobre la fatiga relacionada con la esclerosis m\u00faltiple. Nuestra aproximaci\u00f3n ha sido triple: cl\u00ednica, biol\u00f3gica y radiol\u00f3gico-bioqu\u00edmica.  el enfoque cl\u00ednico nos ha permitido concluir sobre la idoneidad de algunas escalas de medida y sobre la evoluci\u00f3n del s\u00edntoma a lo largo del tiempo. Desde un punto de vista biol\u00f3gico hemos observado una relaci\u00f3n entre el grado de fatiga y una menor concentraci\u00f3n de determinadas hormonas, que nos conducen a un planteamiento terap\u00e9utico. El enfoque radiol\u00f3gico-bioqu\u00edmico es un experimento de espectroscopia de prot\u00f3n que nos ha permitido sugerir la participaci\u00f3n de determinadas regiones cerebrales en la presencia de la fatiga relacionada con la esclerosis m\u00faltiple.<\/p>\n<p>&nbsp;<\/p>\n<h3>Datos acad\u00e9micos de la tesis doctoral \u00ab<strong>Fatiga en esclerosis m\u00faltiple: aspectos cl\u00ednicos biol\u00f3gicos y radiol\u00f3gicos<\/strong>\u00ab<\/h3>\n<ul>\n<li><strong>T\u00edtulo de la tesis:<\/strong>\u00a0 Fatiga en esclerosis m\u00faltiple: aspectos cl\u00ednicos biol\u00f3gicos y radiol\u00f3gicos <\/li>\n<li><strong>Autor:<\/strong>\u00a0 M.nieves T\u00e9llez Lara <\/li>\n<li><strong>Universidad:<\/strong>\u00a0 Aut\u00f3noma de barcelona<\/li>\n<li><strong>Fecha de lectura de la tesis:<\/strong>\u00a0 21\/12\/2006<\/li>\n<\/ul>\n<p>&nbsp;<\/p>\n<h3>Direcci\u00f3n y tribunal<\/h3>\n<ul>\n<li><strong>Director de la tesis<\/strong>\n<ul>\n<li>Jordi R\u00edo Izquierdo<\/li>\n<\/ul>\n<\/li>\n<li><strong>Tribunal<\/strong>\n<ul>\n<li>Presidente del tribunal: Juan  jose Zarranz imirizaldu <\/li>\n<li>domingo Arbizu urdiain (vocal)<\/li>\n<li>Jaime Gili planas (vocal)<\/li>\n<li>eva Mart\u00ednez c\u00e1ceres (vocal)<\/li>\n<\/ul>\n<\/li>\n<\/ul>\n<p>&nbsp;<\/p>\n","protected":false},"excerpt":{"rendered":"<p>Tesis doctoral de M.nieves T\u00e9llez Lara La esclerosis m\u00faltiple es una enfermedad mediada inmunol\u00f3gicamente que afecta de forma selectiva al [&hellip;]<\/p>\n","protected":false},"author":1,"featured_media":0,"comment_status":"open","ping_status":"open","sticky":false,"template":"","format":"standard","meta":{"site-sidebar-layout":"default","site-content-layout":"","ast-site-content-layout":"","site-content-style":"default","site-sidebar-style":"default","ast-global-header-display":"","ast-banner-title-visibility":"","ast-main-header-display":"","ast-hfb-above-header-display":"","ast-hfb-below-header-display":"","ast-hfb-mobile-header-display":"","site-post-title":"","ast-breadcrumbs-content":"","ast-featured-img":"","footer-sml-layout":"","theme-transparent-header-meta":"","adv-header-id-meta":"","stick-header-meta":"","header-above-stick-meta":"","header-main-stick-meta":"","header-below-stick-meta":"","astra-migrate-meta-layouts":"default","ast-page-background-enabled":"default","ast-page-background-meta":{"desktop":{"background-color":"var(--ast-global-color-4)","background-image":"","background-repeat":"repeat","background-position":"center center","background-size":"auto","background-attachment":"scroll","background-type":"","background-media":"","overlay-type":"","overlay-color":"","overlay-gradient":""},"tablet":{"background-color":"","background-image":"","background-repeat":"repeat","background-position":"center center","background-size":"auto","background-attachment":"scroll","background-type":"","background-media":"","overlay-type":"","overlay-color":"","overlay-gradient":""},"mobile":{"background-color":"","background-image":"","background-repeat":"repeat","background-position":"center center","background-size":"auto","background-attachment":"scroll","background-type":"","background-media":"","overlay-type":"","overlay-color":"","overlay-gradient":""}},"ast-content-background-meta":{"desktop":{"background-color":"var(--ast-global-color-5)","background-image":"","background-repeat":"repeat","background-position":"center center","background-size":"auto","background-attachment":"scroll","background-type":"","background-media":"","overlay-type":"","overlay-color":"","overlay-gradient":""},"tablet":{"background-color":"var(--ast-global-color-5)","background-image":"","background-repeat":"repeat","background-position":"center center","background-size":"auto","background-attachment":"scroll","background-type":"","background-media":"","overlay-type":"","overlay-color":"","overlay-gradient":""},"mobile":{"background-color":"var(--ast-global-color-5)","background-image":"","background-repeat":"repeat","background-position":"center center","background-size":"auto","background-attachment":"scroll","background-type":"","background-media":"","overlay-type":"","overlay-color":"","overlay-gradient":""}},"footnotes":""},"categories":[1880],"tags":[74547,85191,31708,124647,13452,124646],"class_list":["post-56423","post","type-post","status-publish","format-standard","hentry","category-neurologia","tag-domingo-arbizu-urdiain","tag-eva-Martinez-caceres","tag-jaime-gili-planas","tag-jordi-rio-izquierdo","tag-juan-jose-zarranz-imirizaldu","tag-m-nieves-tellez-lara"],"_links":{"self":[{"href":"https:\/\/www.deberes.net\/tesis\/wp-json\/wp\/v2\/posts\/56423","targetHints":{"allow":["GET"]}}],"collection":[{"href":"https:\/\/www.deberes.net\/tesis\/wp-json\/wp\/v2\/posts"}],"about":[{"href":"https:\/\/www.deberes.net\/tesis\/wp-json\/wp\/v2\/types\/post"}],"author":[{"embeddable":true,"href":"https:\/\/www.deberes.net\/tesis\/wp-json\/wp\/v2\/users\/1"}],"replies":[{"embeddable":true,"href":"https:\/\/www.deberes.net\/tesis\/wp-json\/wp\/v2\/comments?post=56423"}],"version-history":[{"count":0,"href":"https:\/\/www.deberes.net\/tesis\/wp-json\/wp\/v2\/posts\/56423\/revisions"}],"wp:attachment":[{"href":"https:\/\/www.deberes.net\/tesis\/wp-json\/wp\/v2\/media?parent=56423"}],"wp:term":[{"taxonomy":"category","embeddable":true,"href":"https:\/\/www.deberes.net\/tesis\/wp-json\/wp\/v2\/categories?post=56423"},{"taxonomy":"post_tag","embeddable":true,"href":"https:\/\/www.deberes.net\/tesis\/wp-json\/wp\/v2\/tags?post=56423"}],"curies":[{"name":"wp","href":"https:\/\/api.w.org\/{rel}","templated":true}]}}