{"id":56441,"date":"2018-03-09T22:44:14","date_gmt":"2018-03-09T22:44:14","guid":{"rendered":"https:\/\/www.deberes.net\/tesis\/sin-categoria\/o-professor-como-agente-de-mediaa%c2%a7ao-no-conflito-escolar-um-estudio-na-regiao-do-alto-tamega\/"},"modified":"2018-03-09T22:44:14","modified_gmt":"2018-03-09T22:44:14","slug":"o-professor-como-agente-de-mediaa%c2%a7ao-no-conflito-escolar-um-estudio-na-regiao-do-alto-tamega","status":"publish","type":"post","link":"https:\/\/www.deberes.net\/tesis\/organizacion-y-direccion-de-las-instituciones-educativas\/o-professor-como-agente-de-mediaa%c2%a7ao-no-conflito-escolar-um-estudio-na-regiao-do-alto-tamega\/","title":{"rendered":"O professor como agente de media\u00c1\u00a7ao no conflito escolar. um estudio na regi\u00e1o do alto t\u00e1mega"},"content":{"rendered":"<h2>Tesis doctoral de <strong> Jos\u00e9 Antonio Da Silva Teixeira <\/strong><\/h2>\n<p>La necesidad de despertar a los alumnos para la conciencia democr\u00e1tica, para la tolerancia y para la apertura a los otros ha sido, en los \u00faltimos a\u00f1os, una preocupaci\u00f3n de los profesores y una fuente de investigaci\u00f3n, obras e iniciativas que tratan los diferentes aspectos que la educaci\u00f3n para la regulaci\u00f3n de conflictos observa. Parece as\u00ed, querer combatir una especie de \u00abd\u00e9ficit\u00bb en el mundo en que vivimos. el conflicto a pesar de formar parte de la vida y de afectar a todos los \u00e1mbitos de la nuestra existencia, es el motor de progreso. Sin embargo, en determinadas circunstancias puede llevar a la violencia, incluso en contextos, como la escuela. Por eso, con el fin de mejorar la convivencia y prevenir la indisciplina es necesario promover la regulaci\u00f3n de conflictos de forma constructiva, dialogando, y negociando a trav\u00e9s de la cooperaci\u00f3n y de la mediaci\u00f3n. Para llevarlo a la pr\u00e1ctica, es nuestra intenci\u00f3n conocer el significado del conflicto, de las posibles causas que lo provocan, de los elementos que lo constituyen, de las estrategias m\u00e1s adecuadas para su regulaci\u00f3n. as\u00ed, con la ilusi\u00f3n de realizar una humilde aportaci\u00f3n, procuraremos exponer una visi\u00f3n positiva y optimista del conflicto, valor\u00e1ndolo y apreci\u00e1ndolo de forma evidente en las consecuencias positivas que \u00e9ste aporta para el desarrollo educativo de las escuelas.<\/p>\n<p>&nbsp;<\/p>\n<h3>Datos acad\u00e9micos de la tesis doctoral \u00ab<strong>O professor como agente de media\u00c1\u00a7ao no conflito escolar. um estudio na regi\u00e1o do alto t\u00e1mega<\/strong>\u00ab<\/h3>\n<ul>\n<li><strong>T\u00edtulo de la tesis:<\/strong>\u00a0 O professor como agente de media\u00c1\u00a7ao no conflito escolar. um estudio na regi\u00e1o do alto t\u00e1mega <\/li>\n<li><strong>Autor:<\/strong>\u00a0 Jos\u00e9 Antonio Da Silva Teixeira <\/li>\n<li><strong>Universidad:<\/strong>\u00a0 Vigo<\/li>\n<li><strong>Fecha de lectura de la tesis:<\/strong>\u00a0 21\/12\/2006<\/li>\n<\/ul>\n<p>&nbsp;<\/p>\n<h3>Direcci\u00f3n y tribunal<\/h3>\n<ul>\n<li><strong>Director de la tesis<\/strong>\n<ul>\n<li>Margarita R. Pino Juste<\/li>\n<\/ul>\n<\/li>\n<li><strong>Tribunal<\/strong>\n<ul>\n<li>Presidente del tribunal: Carlos Rosales lopez <\/li>\n<li>am\u00e9rico Nuno peres (vocal)<\/li>\n<li>el\u00edas Blanco fern\u00e1ndez (vocal)<\/li>\n<li>mari carmen Ricoy lorenzo (vocal)<\/li>\n<\/ul>\n<\/li>\n<\/ul>\n<p>&nbsp;<\/p>\n","protected":false},"excerpt":{"rendered":"<p>Tesis doctoral de Jos\u00e9 Antonio Da Silva Teixeira La necesidad de despertar a los alumnos para la conciencia democr\u00e1tica, para [&hellip;]<\/p>\n","protected":false},"author":1,"featured_media":0,"comment_status":"open","ping_status":"open","sticky":false,"template":"","format":"standard","meta":{"site-sidebar-layout":"default","site-content-layout":"","ast-site-content-layout":"","site-content-style":"default","site-sidebar-style":"default","ast-global-header-display":"","ast-banner-title-visibility":"","ast-main-header-display":"","ast-hfb-above-header-display":"","ast-hfb-below-header-display":"","ast-hfb-mobile-header-display":"","site-post-title":"","ast-breadcrumbs-content":"","ast-featured-img":"","footer-sml-layout":"","theme-transparent-header-meta":"","adv-header-id-meta":"","stick-header-meta":"","header-above-stick-meta":"","header-main-stick-meta":"","header-below-stick-meta":"","astra-migrate-meta-layouts":"default","ast-page-background-enabled":"default","ast-page-background-meta":{"desktop":{"background-color":"var(--ast-global-color-4)","background-image":"","background-repeat":"repeat","background-position":"center center","background-size":"auto","background-attachment":"scroll","background-type":"","background-media":"","overlay-type":"","overlay-color":"","overlay-gradient":""},"tablet":{"background-color":"","background-image":"","background-repeat":"repeat","background-position":"center center","background-size":"auto","background-attachment":"scroll","background-type":"","background-media":"","overlay-type":"","overlay-color":"","overlay-gradient":""},"mobile":{"background-color":"","background-image":"","background-repeat":"repeat","background-position":"center center","background-size":"auto","background-attachment":"scroll","background-type":"","background-media":"","overlay-type":"","overlay-color":"","overlay-gradient":""}},"ast-content-background-meta":{"desktop":{"background-color":"var(--ast-global-color-5)","background-image":"","background-repeat":"repeat","background-position":"center center","background-size":"auto","background-attachment":"scroll","background-type":"","background-media":"","overlay-type":"","overlay-color":"","overlay-gradient":""},"tablet":{"background-color":"var(--ast-global-color-5)","background-image":"","background-repeat":"repeat","background-position":"center center","background-size":"auto","background-attachment":"scroll","background-type":"","background-media":"","overlay-type":"","overlay-color":"","overlay-gradient":""},"mobile":{"background-color":"var(--ast-global-color-5)","background-image":"","background-repeat":"repeat","background-position":"center center","background-size":"auto","background-attachment":"scroll","background-type":"","background-media":"","overlay-type":"","overlay-color":"","overlay-gradient":""}},"footnotes":""},"categories":[7611,18657],"tags":[124685,2626,124686,124683,124684,124687],"class_list":["post-56441","post","type-post","status-publish","format-standard","hentry","category-organizacion-y-direccion-de-las-instituciones-educativas","category-vigo","tag-americo-nuno-peres","tag-carlos-rosales-lopez","tag-elias-blanco-fernandez","tag-jose-antonio-da-silva-teixeira","tag-margarita-r-pino-juste","tag-mari-carmen-ricoy-lorenzo"],"_links":{"self":[{"href":"https:\/\/www.deberes.net\/tesis\/wp-json\/wp\/v2\/posts\/56441","targetHints":{"allow":["GET"]}}],"collection":[{"href":"https:\/\/www.deberes.net\/tesis\/wp-json\/wp\/v2\/posts"}],"about":[{"href":"https:\/\/www.deberes.net\/tesis\/wp-json\/wp\/v2\/types\/post"}],"author":[{"embeddable":true,"href":"https:\/\/www.deberes.net\/tesis\/wp-json\/wp\/v2\/users\/1"}],"replies":[{"embeddable":true,"href":"https:\/\/www.deberes.net\/tesis\/wp-json\/wp\/v2\/comments?post=56441"}],"version-history":[{"count":0,"href":"https:\/\/www.deberes.net\/tesis\/wp-json\/wp\/v2\/posts\/56441\/revisions"}],"wp:attachment":[{"href":"https:\/\/www.deberes.net\/tesis\/wp-json\/wp\/v2\/media?parent=56441"}],"wp:term":[{"taxonomy":"category","embeddable":true,"href":"https:\/\/www.deberes.net\/tesis\/wp-json\/wp\/v2\/categories?post=56441"},{"taxonomy":"post_tag","embeddable":true,"href":"https:\/\/www.deberes.net\/tesis\/wp-json\/wp\/v2\/tags?post=56441"}],"curies":[{"name":"wp","href":"https:\/\/api.w.org\/{rel}","templated":true}]}}