{"id":56465,"date":"2018-03-09T22:44:14","date_gmt":"2018-03-09T22:44:14","guid":{"rendered":"https:\/\/www.deberes.net\/tesis\/sin-categoria\/el-aprendizaje-como-experiencia-de-accion-reflexion-perspectivas-para-un-contexto-profesional\/"},"modified":"2018-03-09T22:44:14","modified_gmt":"2018-03-09T22:44:14","slug":"el-aprendizaje-como-experiencia-de-accion-reflexion-perspectivas-para-un-contexto-profesional","status":"publish","type":"post","link":"https:\/\/www.deberes.net\/tesis\/psicologia-social\/el-aprendizaje-como-experiencia-de-accion-reflexion-perspectivas-para-un-contexto-profesional\/","title":{"rendered":"El aprendizaje como experiencia de acci\u00f3n-reflexi\u00f3n. perspectivas para un contexto profesional."},"content":{"rendered":"<h2>Tesis doctoral de <strong>  Amezqueta De La Fuente  Ana <\/strong><\/h2>\n<p>Este trabajo de investigaci\u00f3n abarca la problem\u00e1tica del aprendizaje humano en tanto que proceso de construcci\u00f3n y desarrollo de conocimiento en diversas dimensiones (t\u00e1cito, explicito, te\u00f3rico, practico,individual, colectivo&#8230;). El objetivo que lo ha impulsado ha sido enriquecer la teor\u00eda existente sobre el desarrollo de conocimiento, proponer algunos elementos de soluciones aplicable a la organizaci\u00f3n de la \u00abempresa que aprende\u00bb y abrir pistas para posteriores trabajos dirigidos hacia la mejora de las modalidades de aprendizaje que emergen desde la autonom\u00eda del sujeto y desde su interacci\u00f3n con el entorno (\u00abhumanos\u00bb y \u00abno humanos\u00bb). as\u00ed, la problem\u00e1tica que ha guiado este trabajo ha sido buscar \u00abc\u00f3mo\u00bb se construye el proceso de adquisi\u00f3n y desarrollo de conocimiento, a partir de los procesos socio-cognitivos que el sujeto activa y de la conciencia que tiene de ellos.<\/p>\n<p>&nbsp;<\/p>\n<h3>Datos acad\u00e9micos de la tesis doctoral \u00ab<strong>El aprendizaje como experiencia de acci\u00f3n-reflexi\u00f3n. perspectivas para un contexto profesional.<\/strong>\u00ab<\/h3>\n<ul>\n<li><strong>T\u00edtulo de la tesis:<\/strong>\u00a0 El aprendizaje como experiencia de acci\u00f3n-reflexi\u00f3n. perspectivas para un contexto profesional. <\/li>\n<li><strong>Autor:<\/strong>\u00a0  Amezqueta De La Fuente  Ana <\/li>\n<li><strong>Universidad:<\/strong>\u00a0 Mondrag\u00f3n unibertsitatea<\/li>\n<li><strong>Fecha de lectura de la tesis:<\/strong>\u00a0 22\/12\/2006<\/li>\n<\/ul>\n<p>&nbsp;<\/p>\n<h3>Direcci\u00f3n y tribunal<\/h3>\n<ul>\n<li><strong>Director de la tesis<\/strong>\n<ul>\n<li>Luxio Ugarte Elorza<\/li>\n<\/ul>\n<\/li>\n<li><strong>Tribunal<\/strong>\n<ul>\n<li>Presidente del tribunal:  Bourret cristian jean francois <\/li>\n<li>Luis Sarries sanz (vocal)<\/li>\n<li> Oses gorraiz Jes\u00fas Mar\u00eda (vocal)<\/li>\n<li>i\u00f1aki Beti s\u00e1ez (vocal)<\/li>\n<\/ul>\n<\/li>\n<\/ul>\n<p>&nbsp;<\/p>\n","protected":false},"excerpt":{"rendered":"<p>Tesis doctoral de Amezqueta De La Fuente Ana Este trabajo de investigaci\u00f3n abarca la problem\u00e1tica del aprendizaje humano en tanto [&hellip;]<\/p>\n","protected":false},"author":1,"featured_media":0,"comment_status":"open","ping_status":"open","sticky":false,"template":"","format":"standard","meta":{"site-sidebar-layout":"default","site-content-layout":"","ast-site-content-layout":"","site-content-style":"default","site-sidebar-style":"default","ast-global-header-display":"","ast-banner-title-visibility":"","ast-main-header-display":"","ast-hfb-above-header-display":"","ast-hfb-below-header-display":"","ast-hfb-mobile-header-display":"","site-post-title":"","ast-breadcrumbs-content":"","ast-featured-img":"","footer-sml-layout":"","theme-transparent-header-meta":"","adv-header-id-meta":"","stick-header-meta":"","header-above-stick-meta":"","header-main-stick-meta":"","header-below-stick-meta":"","astra-migrate-meta-layouts":"default","ast-page-background-enabled":"default","ast-page-background-meta":{"desktop":{"background-color":"var(--ast-global-color-4)","background-image":"","background-repeat":"repeat","background-position":"center center","background-size":"auto","background-attachment":"scroll","background-type":"","background-media":"","overlay-type":"","overlay-color":"","overlay-gradient":""},"tablet":{"background-color":"","background-image":"","background-repeat":"repeat","background-position":"center center","background-size":"auto","background-attachment":"scroll","background-type":"","background-media":"","overlay-type":"","overlay-color":"","overlay-gradient":""},"mobile":{"background-color":"","background-image":"","background-repeat":"repeat","background-position":"center center","background-size":"auto","background-attachment":"scroll","background-type":"","background-media":"","overlay-type":"","overlay-color":"","overlay-gradient":""}},"ast-content-background-meta":{"desktop":{"background-color":"var(--ast-global-color-5)","background-image":"","background-repeat":"repeat","background-position":"center center","background-size":"auto","background-attachment":"scroll","background-type":"","background-media":"","overlay-type":"","overlay-color":"","overlay-gradient":""},"tablet":{"background-color":"var(--ast-global-color-5)","background-image":"","background-repeat":"repeat","background-position":"center center","background-size":"auto","background-attachment":"scroll","background-type":"","background-media":"","overlay-type":"","overlay-color":"","overlay-gradient":""},"mobile":{"background-color":"var(--ast-global-color-5)","background-image":"","background-repeat":"repeat","background-position":"center center","background-size":"auto","background-attachment":"scroll","background-type":"","background-media":"","overlay-type":"","overlay-color":"","overlay-gradient":""}},"footnotes":""},"categories":[7570,54137,7611,996,1496],"tags":[124735,124737,124739,51068,124736,124738],"class_list":["post-56465","post","type-post","status-publish","format-standard","hentry","category-gestion-de-recursos-humanos","category-mondragon-unibertsitatea","category-organizacion-y-direccion-de-las-instituciones-educativas","category-psicologia-social","category-sociologia-del-trabajo","tag-amezqueta-de-la-fuente-ana","tag-bourret-cristian-jean-francois","tag-inaki-beti-saez","tag-luis-sarries-sanz","tag-luxio-ugarte-elorza","tag-oses-gorraiz-jesus-maria"],"_links":{"self":[{"href":"https:\/\/www.deberes.net\/tesis\/wp-json\/wp\/v2\/posts\/56465","targetHints":{"allow":["GET"]}}],"collection":[{"href":"https:\/\/www.deberes.net\/tesis\/wp-json\/wp\/v2\/posts"}],"about":[{"href":"https:\/\/www.deberes.net\/tesis\/wp-json\/wp\/v2\/types\/post"}],"author":[{"embeddable":true,"href":"https:\/\/www.deberes.net\/tesis\/wp-json\/wp\/v2\/users\/1"}],"replies":[{"embeddable":true,"href":"https:\/\/www.deberes.net\/tesis\/wp-json\/wp\/v2\/comments?post=56465"}],"version-history":[{"count":0,"href":"https:\/\/www.deberes.net\/tesis\/wp-json\/wp\/v2\/posts\/56465\/revisions"}],"wp:attachment":[{"href":"https:\/\/www.deberes.net\/tesis\/wp-json\/wp\/v2\/media?parent=56465"}],"wp:term":[{"taxonomy":"category","embeddable":true,"href":"https:\/\/www.deberes.net\/tesis\/wp-json\/wp\/v2\/categories?post=56465"},{"taxonomy":"post_tag","embeddable":true,"href":"https:\/\/www.deberes.net\/tesis\/wp-json\/wp\/v2\/tags?post=56465"}],"curies":[{"name":"wp","href":"https:\/\/api.w.org\/{rel}","templated":true}]}}