{"id":56487,"date":"2007-05-01T00:00:00","date_gmt":"2007-05-01T00:00:00","guid":{"rendered":"https:\/\/www.deberes.net\/tesis\/sin-categoria\/estudio-de-la-obra-fotografica-de-pierre-verger\/"},"modified":"2007-05-01T00:00:00","modified_gmt":"2007-05-01T00:00:00","slug":"estudio-de-la-obra-fotografica-de-pierre-verger","status":"publish","type":"post","link":"https:\/\/www.deberes.net\/tesis\/barcelona\/estudio-de-la-obra-fotografica-de-pierre-verger\/","title":{"rendered":"Estudio de la obra fotogr\u00e1fica de pierre verger"},"content":{"rendered":"<h2>Tesis doctoral de <strong>  Moura Possa Cl\u00e1udia Mar\u00eda  De <\/strong><\/h2>\n<p>La investigaci\u00f3n se centra en la obra fotogr\u00e1fica de pierre verger, autor polifac\u00e9tico con notables trabajos en los terrenos de la antropolog\u00eda, la etnograf\u00eda, la historia y la fotograf\u00eda. el n\u00facleo del trabajo de pierre verger est\u00e1 formado por la convergencia entre la descripci\u00f3n de la cotidianidad y del universo simb\u00f3lico e imaginario que envuelve a las culturas m\u00e1s diversas, y en especial, la cultura negra de africa y de brasil. La tesis est\u00e1 subdividida en cinco cap\u00edtulos.      el primero es una introducci\u00f3n.     el segundo trata de la formaci\u00f3n est\u00e9tica de verger.     en el tercer cap\u00edtulo se traza el panorama del fot\u00f3grafo profesional, haciendo hincapi\u00e9 en su participaci\u00f3n en las agencias fotogr\u00e1ficas de la \u00e9poca. el trabajo se vuelca en el cuarto cap\u00edtulo hacia el estudio y el an\u00e1lisis de algunos de sus ensayos fotogr\u00e1ficos.     el quinto cap\u00edtulo se plantean las relaciones existentes entre la fotograf\u00eda y la etnograf\u00eda en la obra del autor. Al final, la investigaci\u00f3n se condujo hacia la reflexi\u00f3n sobre la caracter\u00edstica identificadora de su obra, aquello que se ha denominado \u00abel toque verger\u00bb, caracter\u00edstica marcada principalmente por la manera de aproximarse al sujeto, soporta el afecto y la diferencia, y de acuerdo con esta interacci\u00f3n captar la imagen.<\/p>\n<p>&nbsp;<\/p>\n<h3>Datos acad\u00e9micos de la tesis doctoral \u00ab<strong>Estudio de la obra fotogr\u00e1fica de pierre verger<\/strong>\u00ab<\/h3>\n<ul>\n<li><strong>T\u00edtulo de la tesis:<\/strong>\u00a0 Estudio de la obra fotogr\u00e1fica de pierre verger <\/li>\n<li><strong>Autor:<\/strong>\u00a0  Moura Possa Cl\u00e1udia Mar\u00eda  De <\/li>\n<li><strong>Universidad:<\/strong>\u00a0 Barcelona<\/li>\n<li><strong>Fecha de lectura de la tesis:<\/strong>\u00a0 05\/01\/2007<\/li>\n<\/ul>\n<p>&nbsp;<\/p>\n<h3>Direcci\u00f3n y tribunal<\/h3>\n<ul>\n<li><strong>Director de la tesis<\/strong>\n<ul>\n<li>Mar\u00eda T\u00e1pias Gil<\/li>\n<\/ul>\n<\/li>\n<li><strong>Tribunal<\/strong>\n<ul>\n<li>Presidente del tribunal: Luis Nicolau Par\u00e9s <\/li>\n<li>Jos\u00e9 Lahuerta Juan (vocal)<\/li>\n<li>Rafael Trobat Bernier (vocal)<\/li>\n<li>  (vocal)<\/li>\n<\/ul>\n<\/li>\n<\/ul>\n<p>&nbsp;<\/p>\n","protected":false},"excerpt":{"rendered":"<p>Tesis doctoral de Moura Possa Cl\u00e1udia Mar\u00eda De La investigaci\u00f3n se centra en la obra fotogr\u00e1fica de pierre verger, autor [&hellip;]<\/p>\n","protected":false},"author":1,"featured_media":0,"comment_status":"open","ping_status":"open","sticky":false,"template":"","format":"standard","meta":{"site-sidebar-layout":"default","site-content-layout":"","ast-site-content-layout":"","site-content-style":"default","site-sidebar-style":"default","ast-global-header-display":"","ast-banner-title-visibility":"","ast-main-header-display":"","ast-hfb-above-header-display":"","ast-hfb-below-header-display":"","ast-hfb-mobile-header-display":"","site-post-title":"","ast-breadcrumbs-content":"","ast-featured-img":"","footer-sml-layout":"","theme-transparent-header-meta":"","adv-header-id-meta":"","stick-header-meta":"","header-above-stick-meta":"","header-main-stick-meta":"","header-below-stick-meta":"","astra-migrate-meta-layouts":"default","ast-page-background-enabled":"default","ast-page-background-meta":{"desktop":{"background-color":"var(--ast-global-color-4)","background-image":"","background-repeat":"repeat","background-position":"center center","background-size":"auto","background-attachment":"scroll","background-type":"","background-media":"","overlay-type":"","overlay-color":"","overlay-gradient":""},"tablet":{"background-color":"","background-image":"","background-repeat":"repeat","background-position":"center center","background-size":"auto","background-attachment":"scroll","background-type":"","background-media":"","overlay-type":"","overlay-color":"","overlay-gradient":""},"mobile":{"background-color":"","background-image":"","background-repeat":"repeat","background-position":"center center","background-size":"auto","background-attachment":"scroll","background-type":"","background-media":"","overlay-type":"","overlay-color":"","overlay-gradient":""}},"ast-content-background-meta":{"desktop":{"background-color":"var(--ast-global-color-5)","background-image":"","background-repeat":"repeat","background-position":"center center","background-size":"auto","background-attachment":"scroll","background-type":"","background-media":"","overlay-type":"","overlay-color":"","overlay-gradient":""},"tablet":{"background-color":"var(--ast-global-color-5)","background-image":"","background-repeat":"repeat","background-position":"center center","background-size":"auto","background-attachment":"scroll","background-type":"","background-media":"","overlay-type":"","overlay-color":"","overlay-gradient":""},"mobile":{"background-color":"var(--ast-global-color-5)","background-image":"","background-repeat":"repeat","background-position":"center center","background-size":"auto","background-attachment":"scroll","background-type":"","background-media":"","overlay-type":"","overlay-color":"","overlay-gradient":""}},"footnotes":""},"categories":[951,4510,5270,1014],"tags":[70040,124779,124778,124777,124780],"class_list":["post-56487","post","type-post","status-publish","format-standard","hentry","category-barcelona","category-estetica-de-las-bellas-artes","category-fotografia","category-historia-del-arte","tag-jose-lahuerta-juan","tag-luis-nicolau-pares","tag-maria-tapias-gil","tag-moura-possa-claudia-maria-de","tag-rafael-trobat-bernier"],"_links":{"self":[{"href":"https:\/\/www.deberes.net\/tesis\/wp-json\/wp\/v2\/posts\/56487","targetHints":{"allow":["GET"]}}],"collection":[{"href":"https:\/\/www.deberes.net\/tesis\/wp-json\/wp\/v2\/posts"}],"about":[{"href":"https:\/\/www.deberes.net\/tesis\/wp-json\/wp\/v2\/types\/post"}],"author":[{"embeddable":true,"href":"https:\/\/www.deberes.net\/tesis\/wp-json\/wp\/v2\/users\/1"}],"replies":[{"embeddable":true,"href":"https:\/\/www.deberes.net\/tesis\/wp-json\/wp\/v2\/comments?post=56487"}],"version-history":[{"count":0,"href":"https:\/\/www.deberes.net\/tesis\/wp-json\/wp\/v2\/posts\/56487\/revisions"}],"wp:attachment":[{"href":"https:\/\/www.deberes.net\/tesis\/wp-json\/wp\/v2\/media?parent=56487"}],"wp:term":[{"taxonomy":"category","embeddable":true,"href":"https:\/\/www.deberes.net\/tesis\/wp-json\/wp\/v2\/categories?post=56487"},{"taxonomy":"post_tag","embeddable":true,"href":"https:\/\/www.deberes.net\/tesis\/wp-json\/wp\/v2\/tags?post=56487"}],"curies":[{"name":"wp","href":"https:\/\/api.w.org\/{rel}","templated":true}]}}