{"id":56584,"date":"2007-12-01T00:00:00","date_gmt":"2007-12-01T00:00:00","guid":{"rendered":"https:\/\/www.deberes.net\/tesis\/sin-categoria\/el-corazon-de-madera-de-africa-dinamicas-de-concesiones-forestales-en-la-cuenca-del-congo\/"},"modified":"2007-12-01T00:00:00","modified_gmt":"2007-12-01T00:00:00","slug":"el-corazon-de-madera-de-africa-dinamicas-de-concesiones-forestales-en-la-cuenca-del-congo","status":"publish","type":"post","link":"https:\/\/www.deberes.net\/tesis\/ecologia-humana\/el-corazon-de-madera-de-africa-dinamicas-de-concesiones-forestales-en-la-cuenca-del-congo\/","title":{"rendered":"El coraz\u00f3n de madera de \u00e1frica: din\u00e1micas de concesiones forestales en la cuenca del congo."},"content":{"rendered":"<h2>Tesis doctoral de <strong> Driss Ezzine De Blas <\/strong><\/h2>\n<p>La cuenca del congo es el segundo ecosistema tropical m\u00e1s importante del mundo despu\u00e9s del amazonas. El sector forestal ha experimentado a lo largo de las dos \u00faltimas d\u00e9cadas una importancia creciente en la vida cultural, social pero sobre todo pol\u00edtica y econ\u00f3mica de los pa\u00edses de la regi\u00f3n. Y act\u00faa como principal catalizador de la intregraci\u00f3n regional de los bosques de la cuenca del congo en el sistema socioecon\u00f3mico de la regi\u00f3n. el objetivo de la tesis es identificar los factores que permiten definir las tipolog\u00edas de concesiones forestales en la regi\u00f3n y c\u00f3mo esos factores interrelacionan para explicar las din\u00e1micas en el espacio y en el tiempo del sector forestal en la regi\u00f3n. con una perspectiva de lo regional a lo local se analizan las concesiones forestales en toda la cuenca del congo y posteriormente se estudian los bosques comunitarios de camer\u00fan, \u00fanico pa\u00eds de la regi\u00f3n que por el momento dispone de este tipo de concesiones forestales comunitarias operativas. Se explora su papel como herramienta de lucha contra la pobreza y gesti\u00f3n democr\u00e1tica y descentralizada de recursos naturales.<\/p>\n<p>&nbsp;<\/p>\n<h3>Datos acad\u00e9micos de la tesis doctoral \u00ab<strong>El coraz\u00f3n de madera de \u00e1frica: din\u00e1micas de concesiones forestales en la cuenca del congo.<\/strong>\u00ab<\/h3>\n<ul>\n<li><strong>T\u00edtulo de la tesis:<\/strong>\u00a0 El coraz\u00f3n de madera de \u00e1frica: din\u00e1micas de concesiones forestales en la cuenca del congo. <\/li>\n<li><strong>Autor:<\/strong>\u00a0 Driss Ezzine De Blas <\/li>\n<li><strong>Universidad:<\/strong>\u00a0 Aut\u00f3noma de Madrid<\/li>\n<li><strong>Fecha de lectura de la tesis:<\/strong>\u00a0 12\/01\/2007<\/li>\n<\/ul>\n<p>&nbsp;<\/p>\n<h3>Direcci\u00f3n y tribunal<\/h3>\n<ul>\n<li><strong>Director de la tesis<\/strong>\n<ul>\n<li>Manuel Ruiz P\u00e9rez<\/li>\n<\/ul>\n<\/li>\n<li><strong>Tribunal<\/strong>\n<ul>\n<li>Presidente del tribunal: Carlos Montes del olmo <\/li>\n<li>Fernando Prieto del campo (vocal)<\/li>\n<li>Jos\u00e9 Antonio Gonzalez novoa (vocal)<\/li>\n<li>robert Nasi (vocal)<\/li>\n<\/ul>\n<\/li>\n<\/ul>\n<p>&nbsp;<\/p>\n","protected":false},"excerpt":{"rendered":"<p>Tesis doctoral de Driss Ezzine De Blas La cuenca del congo es el segundo ecosistema tropical m\u00e1s importante del mundo [&hellip;]<\/p>\n","protected":false},"author":1,"featured_media":0,"comment_status":"open","ping_status":"open","sticky":false,"template":"","format":"standard","meta":{"site-sidebar-layout":"default","site-content-layout":"","ast-site-content-layout":"","site-content-style":"default","site-sidebar-style":"default","ast-global-header-display":"","ast-banner-title-visibility":"","ast-main-header-display":"","ast-hfb-above-header-display":"","ast-hfb-below-header-display":"","ast-hfb-mobile-header-display":"","site-post-title":"","ast-breadcrumbs-content":"","ast-featured-img":"","footer-sml-layout":"","theme-transparent-header-meta":"","adv-header-id-meta":"","stick-header-meta":"","header-above-stick-meta":"","header-main-stick-meta":"","header-below-stick-meta":"","astra-migrate-meta-layouts":"default","ast-page-background-enabled":"default","ast-page-background-meta":{"desktop":{"background-color":"var(--ast-global-color-4)","background-image":"","background-repeat":"repeat","background-position":"center center","background-size":"auto","background-attachment":"scroll","background-type":"","background-media":"","overlay-type":"","overlay-color":"","overlay-gradient":""},"tablet":{"background-color":"","background-image":"","background-repeat":"repeat","background-position":"center center","background-size":"auto","background-attachment":"scroll","background-type":"","background-media":"","overlay-type":"","overlay-color":"","overlay-gradient":""},"mobile":{"background-color":"","background-image":"","background-repeat":"repeat","background-position":"center center","background-size":"auto","background-attachment":"scroll","background-type":"","background-media":"","overlay-type":"","overlay-color":"","overlay-gradient":""}},"ast-content-background-meta":{"desktop":{"background-color":"var(--ast-global-color-5)","background-image":"","background-repeat":"repeat","background-position":"center center","background-size":"auto","background-attachment":"scroll","background-type":"","background-media":"","overlay-type":"","overlay-color":"","overlay-gradient":""},"tablet":{"background-color":"var(--ast-global-color-5)","background-image":"","background-repeat":"repeat","background-position":"center center","background-size":"auto","background-attachment":"scroll","background-type":"","background-media":"","overlay-type":"","overlay-color":"","overlay-gradient":""},"mobile":{"background-color":"var(--ast-global-color-5)","background-image":"","background-repeat":"repeat","background-position":"center center","background-size":"auto","background-attachment":"scroll","background-type":"","background-media":"","overlay-type":"","overlay-color":"","overlay-gradient":""}},"footnotes":""},"categories":[7486],"tags":[5858,124999,125000,125001,63612,125002],"class_list":["post-56584","post","type-post","status-publish","format-standard","hentry","category-ecologia-humana","tag-carlos-montes-del-olmo","tag-driss-ezzine-de-blas","tag-fernando-prieto-del-campo","tag-jose-antonio-gonzalez-novoa","tag-manuel-ruiz-perez","tag-robert-nasi"],"_links":{"self":[{"href":"https:\/\/www.deberes.net\/tesis\/wp-json\/wp\/v2\/posts\/56584","targetHints":{"allow":["GET"]}}],"collection":[{"href":"https:\/\/www.deberes.net\/tesis\/wp-json\/wp\/v2\/posts"}],"about":[{"href":"https:\/\/www.deberes.net\/tesis\/wp-json\/wp\/v2\/types\/post"}],"author":[{"embeddable":true,"href":"https:\/\/www.deberes.net\/tesis\/wp-json\/wp\/v2\/users\/1"}],"replies":[{"embeddable":true,"href":"https:\/\/www.deberes.net\/tesis\/wp-json\/wp\/v2\/comments?post=56584"}],"version-history":[{"count":0,"href":"https:\/\/www.deberes.net\/tesis\/wp-json\/wp\/v2\/posts\/56584\/revisions"}],"wp:attachment":[{"href":"https:\/\/www.deberes.net\/tesis\/wp-json\/wp\/v2\/media?parent=56584"}],"wp:term":[{"taxonomy":"category","embeddable":true,"href":"https:\/\/www.deberes.net\/tesis\/wp-json\/wp\/v2\/categories?post=56584"},{"taxonomy":"post_tag","embeddable":true,"href":"https:\/\/www.deberes.net\/tesis\/wp-json\/wp\/v2\/tags?post=56584"}],"curies":[{"name":"wp","href":"https:\/\/api.w.org\/{rel}","templated":true}]}}