{"id":56609,"date":"2018-03-09T22:44:25","date_gmt":"2018-03-09T22:44:25","guid":{"rendered":"https:\/\/www.deberes.net\/tesis\/sin-categoria\/autoformaa%c2%a7ao-caminho-compromisso-e-luta-dos-profissionais-da-educaa%c2%a7ao\/"},"modified":"2018-03-09T22:44:25","modified_gmt":"2018-03-09T22:44:25","slug":"autoformaa%c2%a7ao-caminho-compromisso-e-luta-dos-profissionais-da-educaa%c2%a7ao","status":"publish","type":"post","link":"https:\/\/www.deberes.net\/tesis\/barcelona\/autoformaa%c2%a7ao-caminho-compromisso-e-luta-dos-profissionais-da-educaa%c2%a7ao\/","title":{"rendered":"Autoforma\u00c1\u00a7ao: caminho, compromisso e luta dos profissionais da educa\u00c1\u00a7ao"},"content":{"rendered":"<h2>Tesis doctoral de <strong> Elizabete Concei\u00c1\u00a7ao Santana <\/strong><\/h2>\n<p>La tesis, fue construida en torno a la suposici\u00f3n central de que es posible reconstruir las l\u00f3gicas adoptadas pro los profesores al emprender procesos de autoinformaci\u00f3n estudiando las razones declaradas por los sujetos investigados, las estrategias y recursos utilizados y las circunstancias de su contexto de vida.     la idea central que perme\u00f3 su construcci\u00f3n fue la que existen profesores buscadores que pueden ser considerados sujetos de excepci\u00f3n entre los miembros del grupo profesional al que pertenecen. Se trata de una tesis compromedia con el estuido de casos concretos y reales de autoformaci\u00f3n, proceso que no se confunde con la autodidaxia. La b\u00fasqueda de referentes te\u00f3ricos contempl\u00f3 restrospectivas elaboradas en la d\u00e9cada de 1990, por autores como brockett y hiemstra (1991), carr\u00e9 (1995) y galvani (1995) y otros como (demol, 1995), fond-harmant (1995, dubar (1997), kaddouri (1996). As\u00ed se estudia los movimientos de temas dominantes en el proceso de autoformaci\u00f3n de cuatro \u00abmaestras ejemplares\u00bb premiadas por sus proyectos pedag\u00f3gicos (brasil\/bah\u00eda), 13 maestras de una escuela de primaria (brasil\/bah\u00eda) y los \u00abpedagogos ilustres\u00bb, freinet y rogers.<\/p>\n<p>&nbsp;<\/p>\n<h3>Datos acad\u00e9micos de la tesis doctoral \u00ab<strong>Autoforma\u00c1\u00a7ao: caminho, compromisso e luta dos profissionais da educa\u00c1\u00a7ao<\/strong>\u00ab<\/h3>\n<ul>\n<li><strong>T\u00edtulo de la tesis:<\/strong>\u00a0 Autoforma\u00c1\u00a7ao: caminho, compromisso e luta dos profissionais da educa\u00c1\u00a7ao <\/li>\n<li><strong>Autor:<\/strong>\u00a0 Elizabete Concei\u00c1\u00a7ao Santana <\/li>\n<li><strong>Universidad:<\/strong>\u00a0 Barcelona<\/li>\n<li><strong>Fecha de lectura de la tesis:<\/strong>\u00a0 16\/01\/2007<\/li>\n<\/ul>\n<p>&nbsp;<\/p>\n<h3>Direcci\u00f3n y tribunal<\/h3>\n<ul>\n<li><strong>Director de la tesis<\/strong>\n<ul>\n<li>Josep Mar\u00eda Puig Rovira<\/li>\n<\/ul>\n<\/li>\n<li><strong>Tribunal<\/strong>\n<ul>\n<li>Presidente del tribunal: miquel Mart\u00ednez mart\u00edn <\/li>\n<li> Ferreira de ara\u00fajo ulisses (vocal)<\/li>\n<li>antoni Tort bardolet (vocal)<\/li>\n<li> Amorim arantes de ara\u00fajo val\u00e9ria (vocal)<\/li>\n<\/ul>\n<\/li>\n<\/ul>\n<p>&nbsp;<\/p>\n","protected":false},"excerpt":{"rendered":"<p>Tesis doctoral de Elizabete Concei\u00c1\u00a7ao Santana La tesis, fue construida en torno a la suposici\u00f3n central de que es posible [&hellip;]<\/p>\n","protected":false},"author":1,"featured_media":0,"comment_status":"open","ping_status":"open","sticky":false,"template":"","format":"standard","meta":{"site-sidebar-layout":"default","site-content-layout":"","ast-site-content-layout":"","site-content-style":"default","site-sidebar-style":"default","ast-global-header-display":"","ast-banner-title-visibility":"","ast-main-header-display":"","ast-hfb-above-header-display":"","ast-hfb-below-header-display":"","ast-hfb-mobile-header-display":"","site-post-title":"","ast-breadcrumbs-content":"","ast-featured-img":"","footer-sml-layout":"","theme-transparent-header-meta":"","adv-header-id-meta":"","stick-header-meta":"","header-above-stick-meta":"","header-main-stick-meta":"","header-below-stick-meta":"","astra-migrate-meta-layouts":"default","ast-page-background-enabled":"default","ast-page-background-meta":{"desktop":{"background-color":"var(--ast-global-color-4)","background-image":"","background-repeat":"repeat","background-position":"center center","background-size":"auto","background-attachment":"scroll","background-type":"","background-media":"","overlay-type":"","overlay-color":"","overlay-gradient":""},"tablet":{"background-color":"","background-image":"","background-repeat":"repeat","background-position":"center center","background-size":"auto","background-attachment":"scroll","background-type":"","background-media":"","overlay-type":"","overlay-color":"","overlay-gradient":""},"mobile":{"background-color":"","background-image":"","background-repeat":"repeat","background-position":"center center","background-size":"auto","background-attachment":"scroll","background-type":"","background-media":"","overlay-type":"","overlay-color":"","overlay-gradient":""}},"ast-content-background-meta":{"desktop":{"background-color":"var(--ast-global-color-5)","background-image":"","background-repeat":"repeat","background-position":"center center","background-size":"auto","background-attachment":"scroll","background-type":"","background-media":"","overlay-type":"","overlay-color":"","overlay-gradient":""},"tablet":{"background-color":"var(--ast-global-color-5)","background-image":"","background-repeat":"repeat","background-position":"center center","background-size":"auto","background-attachment":"scroll","background-type":"","background-media":"","overlay-type":"","overlay-color":"","overlay-gradient":""},"mobile":{"background-color":"var(--ast-global-color-5)","background-image":"","background-repeat":"repeat","background-position":"center center","background-size":"auto","background-attachment":"scroll","background-type":"","background-media":"","overlay-type":"","overlay-color":"","overlay-gradient":""}},"footnotes":""},"categories":[951,1288],"tags":[125067,34347,125065,125066,1343,9443],"class_list":["post-56609","post","type-post","status-publish","format-standard","hentry","category-barcelona","category-preparacion-de-profesores","tag-amorim-arantes-de-araujo-valeria","tag-antoni-tort-bardolet","tag-elizabete-conceiaao-santana","tag-ferreira-de-araujo-ulisses","tag-josep-maria-puig-rovira","tag-miquel-Martinez-martin"],"_links":{"self":[{"href":"https:\/\/www.deberes.net\/tesis\/wp-json\/wp\/v2\/posts\/56609","targetHints":{"allow":["GET"]}}],"collection":[{"href":"https:\/\/www.deberes.net\/tesis\/wp-json\/wp\/v2\/posts"}],"about":[{"href":"https:\/\/www.deberes.net\/tesis\/wp-json\/wp\/v2\/types\/post"}],"author":[{"embeddable":true,"href":"https:\/\/www.deberes.net\/tesis\/wp-json\/wp\/v2\/users\/1"}],"replies":[{"embeddable":true,"href":"https:\/\/www.deberes.net\/tesis\/wp-json\/wp\/v2\/comments?post=56609"}],"version-history":[{"count":0,"href":"https:\/\/www.deberes.net\/tesis\/wp-json\/wp\/v2\/posts\/56609\/revisions"}],"wp:attachment":[{"href":"https:\/\/www.deberes.net\/tesis\/wp-json\/wp\/v2\/media?parent=56609"}],"wp:term":[{"taxonomy":"category","embeddable":true,"href":"https:\/\/www.deberes.net\/tesis\/wp-json\/wp\/v2\/categories?post=56609"},{"taxonomy":"post_tag","embeddable":true,"href":"https:\/\/www.deberes.net\/tesis\/wp-json\/wp\/v2\/tags?post=56609"}],"curies":[{"name":"wp","href":"https:\/\/api.w.org\/{rel}","templated":true}]}}