{"id":56674,"date":"2018-03-09T22:44:29","date_gmt":"2018-03-09T22:44:29","guid":{"rendered":"https:\/\/www.deberes.net\/tesis\/sin-categoria\/estudio-comparado-de-los-equipamientos-de-educacion-ambiental-en-espana\/"},"modified":"2018-03-09T22:44:29","modified_gmt":"2018-03-09T22:44:29","slug":"estudio-comparado-de-los-equipamientos-de-educacion-ambiental-en-espana","status":"publish","type":"post","link":"https:\/\/www.deberes.net\/tesis\/educacion-basica\/estudio-comparado-de-los-equipamientos-de-educacion-ambiental-en-espana\/","title":{"rendered":"Estudio comparado de los equipamientos de educaci\u00f3n ambiental en espa\u00f1a"},"content":{"rendered":"<h2>Tesis doctoral de <strong>  Bl\u00e1zquez Llamas Mar\u00eda \u00e1ngeles <\/strong><\/h2>\n<p>Este trabajo est\u00e1 estructurado en dos partes: introducci\u00f3n al marco te\u00f3rico y estudio comparado.  la presentaci\u00f3n del marco te\u00f3rico incluye los conceptos m\u00e1s importantes en relaci\u00f3n al tema de estudio, que son los equipamientos de educaci\u00f3n ambiental. Esta tesis surge al menos en parte, de un inter\u00e9s cient\u00edfico todav\u00eda incipiente en este sector. Se plantean los equipamientos como contextos no formales de relevancia social constatada, desde donde se llevan a cabo un importante conjunto de acciones estrat\u00e9gicas hacia la sostenibilidad.  el estudio comparado incluye los objetivos planteados, el m\u00e9todo de investigaci\u00f3n y su desarrollo, finalizando con unas conclusiones de car\u00e1cter general. Este trabajo responde a un doble objetivo, establecer un diagn\u00f3stico de la situaci\u00f3n actual de los equipamientos a trav\u00e9s de un estudio comparado para poder definir los tipos y tendencias dominantes, al igual que sus tendencias de futuro. Por otra parte, pretende establecer unas directrices generales a modo de criterios de referencia para su valoraci\u00f3n. Los equipamientos que constituyen la muestra se organizan en cinco agrupaciones y desde la metodolog\u00eda de la educaci\u00f3n comparada \u00e9stas permiten seleccionar las unidades comparativas -aulas medioambientales, centros de documentaci\u00f3n ambiental, centros de espacios naturales protegidos y granjas escuela-, se identifican y categorizan las variables que ser\u00e1n analizadas en cada una -contextualizaci\u00f3n, proyecto educativo, recursos implicados, instalaciones e infraestructuras, gesti\u00f3n  ambiental-. Toda la informaci\u00f3n se organiza en \u00e1reas de contenido para disponerla en tablas de doble entrada por medio de las cuales se obtienen las conclusiones comparativas.  el trabajo concluye con una reconceptualizaci\u00f3n de los equipamientos, una descripci\u00f3n de su situaci\u00f3n actual, unas directrices generales y espec\u00edficas que permitan su valoraci\u00f3n as\u00ed como la determinaci\u00f3n de niveles de homogeneidad entre ellos y el es<\/p>\n<p>&nbsp;<\/p>\n<h3>Datos acad\u00e9micos de la tesis doctoral \u00ab<strong>Estudio comparado de los equipamientos de educaci\u00f3n ambiental en espa\u00f1a<\/strong>\u00ab<\/h3>\n<ul>\n<li><strong>T\u00edtulo de la tesis:<\/strong>\u00a0 Estudio comparado de los equipamientos de educaci\u00f3n ambiental en espa\u00f1a <\/li>\n<li><strong>Autor:<\/strong>\u00a0  Bl\u00e1zquez Llamas Mar\u00eda \u00e1ngeles <\/li>\n<li><strong>Universidad:<\/strong>\u00a0 Universitat de val\u00e9ncia (estudi general)<\/li>\n<li><strong>Fecha de lectura de la tesis:<\/strong>\u00a0 19\/01\/2007<\/li>\n<\/ul>\n<p>&nbsp;<\/p>\n<h3>Direcci\u00f3n y tribunal<\/h3>\n<ul>\n<li><strong>Director de la tesis<\/strong>\n<ul>\n<li> Senent S\u00e1nchez Joan Mar\u00eda<\/li>\n<\/ul>\n<\/li>\n<li><strong>Tribunal<\/strong>\n<ul>\n<li>Presidente del tribunal:  Ull sol\u00eds Mar\u00eda  \u00ed\u00a0ngels <\/li>\n<li>julio Nando rosales (vocal)<\/li>\n<li>Javier Garc\u00eda g\u00f3mez (vocal)<\/li>\n<li>Jos\u00e9 samuel Sanchez cepeda (vocal)<\/li>\n<\/ul>\n<\/li>\n<\/ul>\n<p>&nbsp;<\/p>\n","protected":false},"excerpt":{"rendered":"<p>Tesis doctoral de Bl\u00e1zquez Llamas Mar\u00eda \u00e1ngeles Este trabajo est\u00e1 estructurado en dos partes: introducci\u00f3n al marco te\u00f3rico y estudio [&hellip;]<\/p>\n","protected":false},"author":1,"featured_media":0,"comment_status":"open","ping_status":"open","sticky":false,"template":"","format":"standard","meta":{"site-sidebar-layout":"default","site-content-layout":"","ast-site-content-layout":"","site-content-style":"default","site-sidebar-style":"default","ast-global-header-display":"","ast-banner-title-visibility":"","ast-main-header-display":"","ast-hfb-above-header-display":"","ast-hfb-below-header-display":"","ast-hfb-mobile-header-display":"","site-post-title":"","ast-breadcrumbs-content":"","ast-featured-img":"","footer-sml-layout":"","theme-transparent-header-meta":"","adv-header-id-meta":"","stick-header-meta":"","header-above-stick-meta":"","header-main-stick-meta":"","header-below-stick-meta":"","astra-migrate-meta-layouts":"default","ast-page-background-enabled":"default","ast-page-background-meta":{"desktop":{"background-color":"var(--ast-global-color-4)","background-image":"","background-repeat":"repeat","background-position":"center center","background-size":"auto","background-attachment":"scroll","background-type":"","background-media":"","overlay-type":"","overlay-color":"","overlay-gradient":""},"tablet":{"background-color":"","background-image":"","background-repeat":"repeat","background-position":"center center","background-size":"auto","background-attachment":"scroll","background-type":"","background-media":"","overlay-type":"","overlay-color":"","overlay-gradient":""},"mobile":{"background-color":"","background-image":"","background-repeat":"repeat","background-position":"center center","background-size":"auto","background-attachment":"scroll","background-type":"","background-media":"","overlay-type":"","overlay-color":"","overlay-gradient":""}},"ast-content-background-meta":{"desktop":{"background-color":"var(--ast-global-color-5)","background-image":"","background-repeat":"repeat","background-position":"center center","background-size":"auto","background-attachment":"scroll","background-type":"","background-media":"","overlay-type":"","overlay-color":"","overlay-gradient":""},"tablet":{"background-color":"var(--ast-global-color-5)","background-image":"","background-repeat":"repeat","background-position":"center center","background-size":"auto","background-attachment":"scroll","background-type":"","background-media":"","overlay-type":"","overlay-color":"","overlay-gradient":""},"mobile":{"background-color":"var(--ast-global-color-5)","background-image":"","background-repeat":"repeat","background-position":"center center","background-size":"auto","background-attachment":"scroll","background-type":"","background-media":"","overlay-type":"","overlay-color":"","overlay-gradient":""}},"footnotes":""},"categories":[2623,7611,5714],"tags":[125209,27354,63137,27353,43821,125210],"class_list":["post-56674","post","type-post","status-publish","format-standard","hentry","category-educacion-basica","category-organizacion-y-direccion-de-las-instituciones-educativas","category-pedagogia-comparada","tag-blazquez-llamas-maria-angeles","tag-javier-garcia-gomez","tag-jose-samuel-sanchez-cepeda","tag-julio-nando-rosales","tag-senent-sanchez-joan-maria","tag-ull-solis-maria-i-ngels"],"_links":{"self":[{"href":"https:\/\/www.deberes.net\/tesis\/wp-json\/wp\/v2\/posts\/56674","targetHints":{"allow":["GET"]}}],"collection":[{"href":"https:\/\/www.deberes.net\/tesis\/wp-json\/wp\/v2\/posts"}],"about":[{"href":"https:\/\/www.deberes.net\/tesis\/wp-json\/wp\/v2\/types\/post"}],"author":[{"embeddable":true,"href":"https:\/\/www.deberes.net\/tesis\/wp-json\/wp\/v2\/users\/1"}],"replies":[{"embeddable":true,"href":"https:\/\/www.deberes.net\/tesis\/wp-json\/wp\/v2\/comments?post=56674"}],"version-history":[{"count":0,"href":"https:\/\/www.deberes.net\/tesis\/wp-json\/wp\/v2\/posts\/56674\/revisions"}],"wp:attachment":[{"href":"https:\/\/www.deberes.net\/tesis\/wp-json\/wp\/v2\/media?parent=56674"}],"wp:term":[{"taxonomy":"category","embeddable":true,"href":"https:\/\/www.deberes.net\/tesis\/wp-json\/wp\/v2\/categories?post=56674"},{"taxonomy":"post_tag","embeddable":true,"href":"https:\/\/www.deberes.net\/tesis\/wp-json\/wp\/v2\/tags?post=56674"}],"curies":[{"name":"wp","href":"https:\/\/api.w.org\/{rel}","templated":true}]}}