{"id":56675,"date":"2018-03-09T22:44:29","date_gmt":"2018-03-09T22:44:29","guid":{"rendered":"https:\/\/www.deberes.net\/tesis\/sin-categoria\/globalizacion-ciudadana%c2%ada-y-justicia-migratoria\/"},"modified":"2018-03-09T22:44:29","modified_gmt":"2018-03-09T22:44:29","slug":"globalizacion-ciudadana%c2%ada-y-justicia-migratoria","status":"publish","type":"post","link":"https:\/\/www.deberes.net\/tesis\/derecho-de-la-antiguedad\/globalizacion-ciudadana%c2%ada-y-justicia-migratoria\/","title":{"rendered":"Globalizaci\u00f3n, ciudadan\u00eday justicia migratoria"},"content":{"rendered":"<h2>Tesis doctoral de <strong>  Eusebio Gautreaux Dora Evangelina <\/strong><\/h2>\n<p>Consiste en un estudio dirigido a delimitar distintas formas de asociaci\u00f3n de reglas, modos y valores basados en la diferencia, la diversidad y la pluralidad en las teor\u00edas de las justicias y del derecho aplicables a la migraci\u00f3n como respuesta a las relaciones asim\u00e9tricas y desiguales imperantes en las sociedades caribe\u00f1as y espec\u00edficamente en la rep\u00fablica dominicana. El an\u00e1lisis se detiene en las complejidades de la globalizaci\u00f3n que acrecientan los flujos migratorios. Igualmente en las consecuencias producidas en la identidad de las personas.     en tal sentido analiza acciones y recursos de defensa para inmigrantes capaces de orientar un supuesto de justicia migratoria, justicia \u00e9sta que se entiende desde aqu\u00ed como un nuevo modelo que permita a los inmigrantes el disfrute de los derechos humanos, desde una revisi\u00f3n a las teor\u00edas contractualistas, y a los conceptos ciudadan\u00eda, nacionalidad e igualdad diferenciada, que se explique asimismo en la relaci\u00f3n no antin\u00f3mica de la diferencia y la igualdad y en el reconocimiento de la diferencia para reducir la desigualdad.<\/p>\n<p>&nbsp;<\/p>\n<h3>Datos acad\u00e9micos de la tesis doctoral \u00ab<strong>Globalizaci\u00f3n, ciudadan\u00eday justicia migratoria<\/strong>\u00ab<\/h3>\n<ul>\n<li><strong>T\u00edtulo de la tesis:<\/strong>\u00a0 Globalizaci\u00f3n, ciudadan\u00eday justicia migratoria <\/li>\n<li><strong>Autor:<\/strong>\u00a0  Eusebio Gautreaux Dora Evangelina <\/li>\n<li><strong>Universidad:<\/strong>\u00a0 Pa\u00eds vasco\/euskal herriko unibertsitatea<\/li>\n<li><strong>Fecha de lectura de la tesis:<\/strong>\u00a0 19\/01\/2007<\/li>\n<\/ul>\n<p>&nbsp;<\/p>\n<h3>Direcci\u00f3n y tribunal<\/h3>\n<ul>\n<li><strong>Director de la tesis<\/strong>\n<ul>\n<li>Arantza Campos Rubio<\/li>\n<\/ul>\n<\/li>\n<li><strong>Tribunal<\/strong>\n<ul>\n<li>Presidente del tribunal: Francisco javier Caballero harriet <\/li>\n<li>asuncion Ventura franch (vocal)<\/li>\n<li> Barrere unzueta Mar\u00eda  angeles (vocal)<\/li>\n<li> Mestre i mestre ruth (vocal)<\/li>\n<\/ul>\n<\/li>\n<\/ul>\n<p>&nbsp;<\/p>\n","protected":false},"excerpt":{"rendered":"<p>Tesis doctoral de Eusebio Gautreaux Dora Evangelina Consiste en un estudio dirigido a delimitar distintas formas de asociaci\u00f3n de reglas, [&hellip;]<\/p>\n","protected":false},"author":1,"featured_media":0,"comment_status":"open","ping_status":"open","sticky":false,"template":"","format":"standard","meta":{"site-sidebar-layout":"default","site-content-layout":"","ast-site-content-layout":"","site-content-style":"default","site-sidebar-style":"default","ast-global-header-display":"","ast-banner-title-visibility":"","ast-main-header-display":"","ast-hfb-above-header-display":"","ast-hfb-below-header-display":"","ast-hfb-mobile-header-display":"","site-post-title":"","ast-breadcrumbs-content":"","ast-featured-img":"","footer-sml-layout":"","theme-transparent-header-meta":"","adv-header-id-meta":"","stick-header-meta":"","header-above-stick-meta":"","header-main-stick-meta":"","header-below-stick-meta":"","astra-migrate-meta-layouts":"default","ast-page-background-enabled":"default","ast-page-background-meta":{"desktop":{"background-color":"var(--ast-global-color-4)","background-image":"","background-repeat":"repeat","background-position":"center center","background-size":"auto","background-attachment":"scroll","background-type":"","background-media":"","overlay-type":"","overlay-color":"","overlay-gradient":""},"tablet":{"background-color":"","background-image":"","background-repeat":"repeat","background-position":"center center","background-size":"auto","background-attachment":"scroll","background-type":"","background-media":"","overlay-type":"","overlay-color":"","overlay-gradient":""},"mobile":{"background-color":"","background-image":"","background-repeat":"repeat","background-position":"center center","background-size":"auto","background-attachment":"scroll","background-type":"","background-media":"","overlay-type":"","overlay-color":"","overlay-gradient":""}},"ast-content-background-meta":{"desktop":{"background-color":"var(--ast-global-color-5)","background-image":"","background-repeat":"repeat","background-position":"center center","background-size":"auto","background-attachment":"scroll","background-type":"","background-media":"","overlay-type":"","overlay-color":"","overlay-gradient":""},"tablet":{"background-color":"var(--ast-global-color-5)","background-image":"","background-repeat":"repeat","background-position":"center center","background-size":"auto","background-attachment":"scroll","background-type":"","background-media":"","overlay-type":"","overlay-color":"","overlay-gradient":""},"mobile":{"background-color":"var(--ast-global-color-5)","background-image":"","background-repeat":"repeat","background-position":"center center","background-size":"auto","background-attachment":"scroll","background-type":"","background-media":"","overlay-type":"","overlay-color":"","overlay-gradient":""}},"footnotes":""},"categories":[3895,23723,12909,10352],"tags":[125212,58976,125213,125211,5902,125214],"class_list":["post-56675","post","type-post","status-publish","format-standard","hentry","category-derecho-de-la-antiguedad","category-migraciones","category-pais-vasco-euskal-herriko-unibertsitatea","category-sociologia-juridica","tag-arantza-campos-rubio","tag-asuncion-ventura-franch","tag-barrere-unzueta-maria-angeles","tag-eusebio-gautreaux-dora-evangelina","tag-francisco-javier-caballero-harriet","tag-mestre-i-mestre-ruth"],"_links":{"self":[{"href":"https:\/\/www.deberes.net\/tesis\/wp-json\/wp\/v2\/posts\/56675","targetHints":{"allow":["GET"]}}],"collection":[{"href":"https:\/\/www.deberes.net\/tesis\/wp-json\/wp\/v2\/posts"}],"about":[{"href":"https:\/\/www.deberes.net\/tesis\/wp-json\/wp\/v2\/types\/post"}],"author":[{"embeddable":true,"href":"https:\/\/www.deberes.net\/tesis\/wp-json\/wp\/v2\/users\/1"}],"replies":[{"embeddable":true,"href":"https:\/\/www.deberes.net\/tesis\/wp-json\/wp\/v2\/comments?post=56675"}],"version-history":[{"count":0,"href":"https:\/\/www.deberes.net\/tesis\/wp-json\/wp\/v2\/posts\/56675\/revisions"}],"wp:attachment":[{"href":"https:\/\/www.deberes.net\/tesis\/wp-json\/wp\/v2\/media?parent=56675"}],"wp:term":[{"taxonomy":"category","embeddable":true,"href":"https:\/\/www.deberes.net\/tesis\/wp-json\/wp\/v2\/categories?post=56675"},{"taxonomy":"post_tag","embeddable":true,"href":"https:\/\/www.deberes.net\/tesis\/wp-json\/wp\/v2\/tags?post=56675"}],"curies":[{"name":"wp","href":"https:\/\/api.w.org\/{rel}","templated":true}]}}