{"id":56755,"date":"2018-03-09T22:44:33","date_gmt":"2018-03-09T22:44:33","guid":{"rendered":"https:\/\/www.deberes.net\/tesis\/sin-categoria\/el-aprovechamiento-sostenible-del-suelo-no-urbanizable\/"},"modified":"2018-03-09T22:44:33","modified_gmt":"2018-03-09T22:44:33","slug":"el-aprovechamiento-sostenible-del-suelo-no-urbanizable","status":"publish","type":"post","link":"https:\/\/www.deberes.net\/tesis\/derecho-administrativo\/el-aprovechamiento-sostenible-del-suelo-no-urbanizable\/","title":{"rendered":"El aprovechamiento sostenible del suelo no urbanizable"},"content":{"rendered":"<h2>Tesis doctoral de <strong> Juan Barreda Barbera <\/strong><\/h2>\n<p>La tesis doctoral aborda la ordenaci\u00f3n jur\u00eddica del suelo no urbanizable desde su inequ\u00edvoca conexi\u00f3n con el principio del desarrollo sostenible, pues en los espacios que el planificador pretende excluir de la formaci\u00f3n de asentamientos humanos se manifiestan con particular intensidad los valores ambientales, cuya defensa la sociedad y el legislador han ido asumiendo paulatinamente. Esa protecci\u00f3n debe ser compatible a su vez con la implantaci\u00f3n de usos alternativos a los agrarios, propiciada por la crisis socioecon\u00f3mica del campo. el trabajo se estructura en torno a cuatro cuestiones: la configuraci\u00f3n, la utilidad, la protecci\u00f3n y el valor del suelo no urbanizable. En consecuencia, se analizan los criterios que determinan la clasificaci\u00f3n del suelo como no urbanizable, que ya no puede ser concebido como un espacio residual, los usos de que es susceptible, entre los que destacan en la actualidad los relacionados con el ocio, las instituciones jur\u00eddicas que contribuyen a la protecci\u00f3n de valores ambientales relevantes y, finalmente, el siempre pol\u00e9mico aspecto de la tasaci\u00f3n del suelo no urbanizable, presente en la expropiaci\u00f3n de terrenos para la ejecuci\u00f3n de infraestructuras.<\/p>\n<p>&nbsp;<\/p>\n<h3>Datos acad\u00e9micos de la tesis doctoral \u00ab<strong>El aprovechamiento sostenible del suelo no urbanizable<\/strong>\u00ab<\/h3>\n<ul>\n<li><strong>T\u00edtulo de la tesis:<\/strong>\u00a0 El aprovechamiento sostenible del suelo no urbanizable <\/li>\n<li><strong>Autor:<\/strong>\u00a0 Juan Barreda Barbera <\/li>\n<li><strong>Universidad:<\/strong>\u00a0 Jaume i de castell\u00f3n<\/li>\n<li><strong>Fecha de lectura de la tesis:<\/strong>\u00a0 25\/01\/2007<\/li>\n<\/ul>\n<p>&nbsp;<\/p>\n<h3>Direcci\u00f3n y tribunal<\/h3>\n<ul>\n<li><strong>Director de la tesis<\/strong>\n<ul>\n<li>David Vicente Blanquer Criado<\/li>\n<\/ul>\n<\/li>\n<li><strong>Tribunal<\/strong>\n<ul>\n<li>Presidente del tribunal: tomas ramon Fernandez rodr\u00edguez <\/li>\n<li>Jos\u00e9 Esteve pardo (vocal)<\/li>\n<li>Juan Mestre delgado (vocal)<\/li>\n<li>Rafael G\u00f3mez-ferrer morant (vocal)<\/li>\n<\/ul>\n<\/li>\n<\/ul>\n<p>&nbsp;<\/p>\n","protected":false},"excerpt":{"rendered":"<p>Tesis doctoral de Juan Barreda Barbera La tesis doctoral aborda la ordenaci\u00f3n jur\u00eddica del suelo no urbanizable desde su inequ\u00edvoca [&hellip;]<\/p>\n","protected":false},"author":1,"featured_media":0,"comment_status":"open","ping_status":"open","sticky":false,"template":"","format":"standard","meta":{"site-sidebar-layout":"default","site-content-layout":"","ast-site-content-layout":"","site-content-style":"default","site-sidebar-style":"default","ast-global-header-display":"","ast-banner-title-visibility":"","ast-main-header-display":"","ast-hfb-above-header-display":"","ast-hfb-below-header-display":"","ast-hfb-mobile-header-display":"","site-post-title":"","ast-breadcrumbs-content":"","ast-featured-img":"","footer-sml-layout":"","theme-transparent-header-meta":"","adv-header-id-meta":"","stick-header-meta":"","header-above-stick-meta":"","header-main-stick-meta":"","header-below-stick-meta":"","astra-migrate-meta-layouts":"default","ast-page-background-enabled":"default","ast-page-background-meta":{"desktop":{"background-color":"var(--ast-global-color-4)","background-image":"","background-repeat":"repeat","background-position":"center center","background-size":"auto","background-attachment":"scroll","background-type":"","background-media":"","overlay-type":"","overlay-color":"","overlay-gradient":""},"tablet":{"background-color":"","background-image":"","background-repeat":"repeat","background-position":"center center","background-size":"auto","background-attachment":"scroll","background-type":"","background-media":"","overlay-type":"","overlay-color":"","overlay-gradient":""},"mobile":{"background-color":"","background-image":"","background-repeat":"repeat","background-position":"center center","background-size":"auto","background-attachment":"scroll","background-type":"","background-media":"","overlay-type":"","overlay-color":"","overlay-gradient":""}},"ast-content-background-meta":{"desktop":{"background-color":"var(--ast-global-color-5)","background-image":"","background-repeat":"repeat","background-position":"center center","background-size":"auto","background-attachment":"scroll","background-type":"","background-media":"","overlay-type":"","overlay-color":"","overlay-gradient":""},"tablet":{"background-color":"var(--ast-global-color-5)","background-image":"","background-repeat":"repeat","background-position":"center center","background-size":"auto","background-attachment":"scroll","background-type":"","background-media":"","overlay-type":"","overlay-color":"","overlay-gradient":""},"mobile":{"background-color":"var(--ast-global-color-5)","background-image":"","background-repeat":"repeat","background-position":"center center","background-size":"auto","background-attachment":"scroll","background-type":"","background-media":"","overlay-type":"","overlay-color":"","overlay-gradient":""}},"footnotes":""},"categories":[1442,5964,18725],"tags":[75299,46910,125398,125399,3455,9337],"class_list":["post-56755","post","type-post","status-publish","format-standard","hentry","category-derecho-administrativo","category-derecho-publico","category-jaume-i-de-castellon","tag-david-vicente-blanquer-criado","tag-jose-esteve-pardo","tag-juan-barreda-barbera","tag-juan-mestre-delgado","tag-rafael-gomez-ferrer-morant","tag-tomas-ramon-fernandez-rodriguez"],"_links":{"self":[{"href":"https:\/\/www.deberes.net\/tesis\/wp-json\/wp\/v2\/posts\/56755","targetHints":{"allow":["GET"]}}],"collection":[{"href":"https:\/\/www.deberes.net\/tesis\/wp-json\/wp\/v2\/posts"}],"about":[{"href":"https:\/\/www.deberes.net\/tesis\/wp-json\/wp\/v2\/types\/post"}],"author":[{"embeddable":true,"href":"https:\/\/www.deberes.net\/tesis\/wp-json\/wp\/v2\/users\/1"}],"replies":[{"embeddable":true,"href":"https:\/\/www.deberes.net\/tesis\/wp-json\/wp\/v2\/comments?post=56755"}],"version-history":[{"count":0,"href":"https:\/\/www.deberes.net\/tesis\/wp-json\/wp\/v2\/posts\/56755\/revisions"}],"wp:attachment":[{"href":"https:\/\/www.deberes.net\/tesis\/wp-json\/wp\/v2\/media?parent=56755"}],"wp:term":[{"taxonomy":"category","embeddable":true,"href":"https:\/\/www.deberes.net\/tesis\/wp-json\/wp\/v2\/categories?post=56755"},{"taxonomy":"post_tag","embeddable":true,"href":"https:\/\/www.deberes.net\/tesis\/wp-json\/wp\/v2\/tags?post=56755"}],"curies":[{"name":"wp","href":"https:\/\/api.w.org\/{rel}","templated":true}]}}