{"id":56761,"date":"2018-03-09T22:44:33","date_gmt":"2018-03-09T22:44:33","guid":{"rendered":"https:\/\/www.deberes.net\/tesis\/sin-categoria\/formacion-ava%c2%ada-de-acceso-al-empleo\/"},"modified":"2018-03-09T22:44:33","modified_gmt":"2018-03-09T22:44:33","slug":"formacion-ava%c2%ada-de-acceso-al-empleo","status":"publish","type":"post","link":"https:\/\/www.deberes.net\/tesis\/salamanca\/formacion-ava%c2%ada-de-acceso-al-empleo\/","title":{"rendered":"Formaci\u00f3n, \u00c2\u00bfv\u00edade acceso al empleo?"},"content":{"rendered":"<h2>Tesis doctoral de <strong> Sergio Miranda Gonzalez <\/strong><\/h2>\n<p>La tesis que aqu\u00ed se sostiene es que para entrar al mundo laboral, la educaci\u00f3n superior es tan s\u00f3lo un factor (muchas veces de importancia marginal), entre otros tantos, para alcanzar exitosamente un empleo. Aqu\u00ed se asume el supuesto de que en la demanda de trabajo intervienen relaciones sociales que permiten la existencia de mercados laborales que funcionan en base a instituciones sociales, tales como los mercados internos de trabajo (sindicatos, contratos colectivos de trabajo y costumbres que con el tiempo se transforman en leyes consuetudinarias).  atribuirle a la esfera formativa la responsabilidad de garantizar el paso de la escuela al trabajo de una manera segura, es tanto como pedir que el sistema formativo no s\u00f3lo produzca formados superiores, sino que tambi\u00e9n genere los empleos que \u00e9stos van a demandar. Esto no sucede as\u00ed debido a que los sistemas de formaci\u00f3n superior tienen estructuras institucionales que se encuentran divorciadas de los requerimientos de la demanda de trabajo. De esta manera, la  oferta laboral desarrolla trayectorias con din\u00e1micas ajenas a la demanda de puestos de trabajo. esto no niega que existan ciertos nexos de influencia entre ambas esferas; sin embargo, estos v\u00ednculos tienden a ser d\u00e9biles, de manera tal que la relaci\u00f3n entre oferta y demanda de trabajo no se comporta como el mercado de productos. en la parte \u00faltima del trabajo se analiza el caso de m\u00e9xico debido a que existe una fuerte presencia de los enfoques que cobijan los postulados de la necesidad de inversi\u00f3n en capital humano, lo que ha llevado a que las pol\u00edticas sobre empleo y formaci\u00f3n, tiendan a recaer centralmente  en inversi\u00f3n educativa para elevar el nivel de matr\u00edcula en los j\u00f3venes que cursan una carrera universitaria.<\/p>\n<p>&nbsp;<\/p>\n<h3>Datos acad\u00e9micos de la tesis doctoral \u00ab<strong>Formaci\u00f3n, \u00c2\u00bfv\u00edade acceso al empleo?<\/strong>\u00ab<\/h3>\n<ul>\n<li><strong>T\u00edtulo de la tesis:<\/strong>\u00a0 Formaci\u00f3n, \u00c2\u00bfv\u00edade acceso al empleo? <\/li>\n<li><strong>Autor:<\/strong>\u00a0 Sergio Miranda Gonzalez <\/li>\n<li><strong>Universidad:<\/strong>\u00a0 Salamanca<\/li>\n<li><strong>Fecha de lectura de la tesis:<\/strong>\u00a0 25\/01\/2007<\/li>\n<\/ul>\n<p>&nbsp;<\/p>\n<h3>Direcci\u00f3n y tribunal<\/h3>\n<ul>\n<li><strong>Director de la tesis<\/strong>\n<ul>\n<li>Pedro Luis Iriso Napal<\/li>\n<\/ul>\n<\/li>\n<li><strong>Tribunal<\/strong>\n<ul>\n<li>Presidente del tribunal: pedro Antonio Cordero qui\u00f1ones <\/li>\n<li>joaquin Roano velazco (vocal)<\/li>\n<li>inmaculada concepci\u00f3n Alvarez ayuso (vocal)<\/li>\n<li>Mar\u00eda  del carmen Salgado vega (vocal)<\/li>\n<\/ul>\n<\/li>\n<\/ul>\n<p>&nbsp;<\/p>\n","protected":false},"excerpt":{"rendered":"<p>Tesis doctoral de Sergio Miranda Gonzalez La tesis que aqu\u00ed se sostiene es que para entrar al mundo laboral, la [&hellip;]<\/p>\n","protected":false},"author":1,"featured_media":0,"comment_status":"open","ping_status":"open","sticky":false,"template":"","format":"standard","meta":{"site-sidebar-layout":"default","site-content-layout":"","ast-site-content-layout":"","site-content-style":"default","site-sidebar-style":"default","ast-global-header-display":"","ast-banner-title-visibility":"","ast-main-header-display":"","ast-hfb-above-header-display":"","ast-hfb-below-header-display":"","ast-hfb-mobile-header-display":"","site-post-title":"","ast-breadcrumbs-content":"","ast-featured-img":"","footer-sml-layout":"","theme-transparent-header-meta":"","adv-header-id-meta":"","stick-header-meta":"","header-above-stick-meta":"","header-main-stick-meta":"","header-below-stick-meta":"","astra-migrate-meta-layouts":"default","ast-page-background-enabled":"default","ast-page-background-meta":{"desktop":{"background-color":"var(--ast-global-color-4)","background-image":"","background-repeat":"repeat","background-position":"center center","background-size":"auto","background-attachment":"scroll","background-type":"","background-media":"","overlay-type":"","overlay-color":"","overlay-gradient":""},"tablet":{"background-color":"","background-image":"","background-repeat":"repeat","background-position":"center center","background-size":"auto","background-attachment":"scroll","background-type":"","background-media":"","overlay-type":"","overlay-color":"","overlay-gradient":""},"mobile":{"background-color":"","background-image":"","background-repeat":"repeat","background-position":"center center","background-size":"auto","background-attachment":"scroll","background-type":"","background-media":"","overlay-type":"","overlay-color":"","overlay-gradient":""}},"ast-content-background-meta":{"desktop":{"background-color":"var(--ast-global-color-5)","background-image":"","background-repeat":"repeat","background-position":"center center","background-size":"auto","background-attachment":"scroll","background-type":"","background-media":"","overlay-type":"","overlay-color":"","overlay-gradient":""},"tablet":{"background-color":"var(--ast-global-color-5)","background-image":"","background-repeat":"repeat","background-position":"center center","background-size":"auto","background-attachment":"scroll","background-type":"","background-media":"","overlay-type":"","overlay-color":"","overlay-gradient":""},"mobile":{"background-color":"var(--ast-global-color-5)","background-image":"","background-repeat":"repeat","background-position":"center center","background-size":"auto","background-attachment":"scroll","background-type":"","background-media":"","overlay-type":"","overlay-color":"","overlay-gradient":""}},"footnotes":""},"categories":[9386,10226],"tags":[73508,125413,68825,50109,51945,125412],"class_list":["post-56761","post","type-post","status-publish","format-standard","hentry","category-salamanca","category-sociologia-educativa","tag-inmaculada-concepcion-alvarez-ayuso","tag-joaquin-roano-velazco","tag-maria-del-carmen-salgado-vega","tag-pedro-antonio-cordero-quinones","tag-pedro-luis-iriso-napal","tag-sergio-miranda-gonzalez"],"_links":{"self":[{"href":"https:\/\/www.deberes.net\/tesis\/wp-json\/wp\/v2\/posts\/56761","targetHints":{"allow":["GET"]}}],"collection":[{"href":"https:\/\/www.deberes.net\/tesis\/wp-json\/wp\/v2\/posts"}],"about":[{"href":"https:\/\/www.deberes.net\/tesis\/wp-json\/wp\/v2\/types\/post"}],"author":[{"embeddable":true,"href":"https:\/\/www.deberes.net\/tesis\/wp-json\/wp\/v2\/users\/1"}],"replies":[{"embeddable":true,"href":"https:\/\/www.deberes.net\/tesis\/wp-json\/wp\/v2\/comments?post=56761"}],"version-history":[{"count":0,"href":"https:\/\/www.deberes.net\/tesis\/wp-json\/wp\/v2\/posts\/56761\/revisions"}],"wp:attachment":[{"href":"https:\/\/www.deberes.net\/tesis\/wp-json\/wp\/v2\/media?parent=56761"}],"wp:term":[{"taxonomy":"category","embeddable":true,"href":"https:\/\/www.deberes.net\/tesis\/wp-json\/wp\/v2\/categories?post=56761"},{"taxonomy":"post_tag","embeddable":true,"href":"https:\/\/www.deberes.net\/tesis\/wp-json\/wp\/v2\/tags?post=56761"}],"curies":[{"name":"wp","href":"https:\/\/api.w.org\/{rel}","templated":true}]}}