{"id":56831,"date":"2018-03-09T22:44:37","date_gmt":"2018-03-09T22:44:37","guid":{"rendered":"https:\/\/www.deberes.net\/tesis\/sin-categoria\/optimizacion-microestructural-de-aceros-duales-mediante-la-modificacion-de-su-procesado\/"},"modified":"2018-03-09T22:44:37","modified_gmt":"2018-03-09T22:44:37","slug":"optimizacion-microestructural-de-aceros-duales-mediante-la-modificacion-de-su-procesado","status":"publish","type":"post","link":"https:\/\/www.deberes.net\/tesis\/propiedades-de-materiales\/optimizacion-microestructural-de-aceros-duales-mediante-la-modificacion-de-su-procesado\/","title":{"rendered":"Optimizaci\u00f3n microestructural de aceros duales mediante la modificaci\u00f3n de su procesado"},"content":{"rendered":"<h2>Tesis doctoral de <strong> Andrea Garc\u00eda-junceda Ameigenda <\/strong><\/h2>\n<p>En las \u00faltimas d\u00e9cadas, los aceros avanzados de alta resistencia han sustituido a otros aceros estructurales empleados tradicionalmente. Dentro de este grupo se enmarcan los aceros duales, compuestos fundamentalmente por dos fases (ferrita y martensita) y desarrollados a partir de los a\u00f1os 70 debido a su excelente combinaci\u00f3n de propiedades mec\u00e1nicas.     en este trabajo se ha llevado a cabo una evaluaci\u00f3n exhaustiva de las distintas rutas de procesado de una cero dual seleccionadas. As\u00ed, se determinaron las condiciones m\u00e1s id\u00f3neas de procesado termomec\u00e1nico, optimizando la ruta de laminaci\u00f3n en caliente y el tratamiento de recocido intercritico, para obtener microestructuras finales en las que no aparecen micrconstituyentes dispuestos en bandas, que son indeseables puesto que introducen anisotrop\u00eda en el material.     por otro lado, se ha estudiado la posibilidad de incorporar un tratamiento de envejecimiento subsiguiente al de recocido intercr\u00edtico. Esta nueva etapa ha permitido la creaci\u00f3n de aceros en los que coexiste una nueva fase (martensita revenida) que permite la reducci\u00f3n de las diferencias bruscas de dureza existentes en la matriz de los aceros duales, responsables a su vez de la generaci\u00f3n de fragilidad en el material. Adem\u00e1s, se ha analizado la distribuci\u00f3n heterog\u00e9nea de carbono existente en las distintas regiones de austenita transformadas durante la austenizaci\u00f3n parcial en el intercr\u00edtico. Esta distribuci\u00f3n de carbono ha explicado el hecho de que tras el envejecimiento se formen vol\u00famenes determinados de cada microconstituyente. puesto que la concentraci\u00f3n de carbono se ha determinado a escala nanom\u00e9trica, se seleccion\u00f3 para su estimaci\u00f3n la t\u00e9cnica de espectroscop\u00eda por p\u00e9rdida de energ\u00eda de electrones, con detectores de paralelo (peels), asociada a un microscopio electr\u00f3nico de transmisi\u00f3n, por tratarse de la m\u00e1s adecuada para este estudio.<\/p>\n<p>&nbsp;<\/p>\n<h3>Datos acad\u00e9micos de la tesis doctoral \u00ab<strong>Optimizaci\u00f3n microestructural de aceros duales mediante la modificaci\u00f3n de su procesado<\/strong>\u00ab<\/h3>\n<ul>\n<li><strong>T\u00edtulo de la tesis:<\/strong>\u00a0 Optimizaci\u00f3n microestructural de aceros duales mediante la modificaci\u00f3n de su procesado <\/li>\n<li><strong>Autor:<\/strong>\u00a0 Andrea Garc\u00eda-junceda Ameigenda <\/li>\n<li><strong>Universidad:<\/strong>\u00a0 Complutense de Madrid<\/li>\n<li><strong>Fecha de lectura de la tesis:<\/strong>\u00a0 31\/01\/2007<\/li>\n<\/ul>\n<p>&nbsp;<\/p>\n<h3>Direcci\u00f3n y tribunal<\/h3>\n<ul>\n<li><strong>Director de la tesis<\/strong>\n<ul>\n<li>Carlos Garc\u00eda De Andres<\/li>\n<\/ul>\n<\/li>\n<li><strong>Tribunal<\/strong>\n<ul>\n<li>Presidente del tribunal: Jos\u00e9 Mar\u00eda Gomez de salazar caso de los cobos <\/li>\n<li> Rio esteban Francisco Javierdel (vocal)<\/li>\n<li>Jos\u00e9 Manuel Torralba castello (vocal)<\/li>\n<li>Luisa Alvarez moreno (vocal)<\/li>\n<\/ul>\n<\/li>\n<\/ul>\n<p>&nbsp;<\/p>\n","protected":false},"excerpt":{"rendered":"<p>Tesis doctoral de Andrea Garc\u00eda-junceda Ameigenda En las \u00faltimas d\u00e9cadas, los aceros avanzados de alta resistencia han sustituido a otros [&hellip;]<\/p>\n","protected":false},"author":1,"featured_media":0,"comment_status":"open","ping_status":"open","sticky":false,"template":"","format":"standard","meta":{"site-sidebar-layout":"default","site-content-layout":"","ast-site-content-layout":"","site-content-style":"default","site-sidebar-style":"default","ast-global-header-display":"","ast-banner-title-visibility":"","ast-main-header-display":"","ast-hfb-above-header-display":"","ast-hfb-below-header-display":"","ast-hfb-mobile-header-display":"","site-post-title":"","ast-breadcrumbs-content":"","ast-featured-img":"","footer-sml-layout":"","theme-transparent-header-meta":"","adv-header-id-meta":"","stick-header-meta":"","header-above-stick-meta":"","header-main-stick-meta":"","header-below-stick-meta":"","astra-migrate-meta-layouts":"default","ast-page-background-enabled":"default","ast-page-background-meta":{"desktop":{"background-color":"var(--ast-global-color-4)","background-image":"","background-repeat":"repeat","background-position":"center center","background-size":"auto","background-attachment":"scroll","background-type":"","background-media":"","overlay-type":"","overlay-color":"","overlay-gradient":""},"tablet":{"background-color":"","background-image":"","background-repeat":"repeat","background-position":"center center","background-size":"auto","background-attachment":"scroll","background-type":"","background-media":"","overlay-type":"","overlay-color":"","overlay-gradient":""},"mobile":{"background-color":"","background-image":"","background-repeat":"repeat","background-position":"center center","background-size":"auto","background-attachment":"scroll","background-type":"","background-media":"","overlay-type":"","overlay-color":"","overlay-gradient":""}},"ast-content-background-meta":{"desktop":{"background-color":"var(--ast-global-color-5)","background-image":"","background-repeat":"repeat","background-position":"center center","background-size":"auto","background-attachment":"scroll","background-type":"","background-media":"","overlay-type":"","overlay-color":"","overlay-gradient":""},"tablet":{"background-color":"var(--ast-global-color-5)","background-image":"","background-repeat":"repeat","background-position":"center center","background-size":"auto","background-attachment":"scroll","background-type":"","background-media":"","overlay-type":"","overlay-color":"","overlay-gradient":""},"mobile":{"background-color":"var(--ast-global-color-5)","background-image":"","background-repeat":"repeat","background-position":"center center","background-size":"auto","background-attachment":"scroll","background-type":"","background-media":"","overlay-type":"","overlay-color":"","overlay-gradient":""}},"footnotes":""},"categories":[15830,25398,1125],"tags":[125584,52466,23017,19671,125586,125585],"class_list":["post-56831","post","type-post","status-publish","format-standard","hentry","category-ensayo-de-materiales","category-productos-de-acero-para-la-construccion","category-propiedades-de-materiales","tag-andrea-garcia-junceda-ameigenda","tag-carlos-garcia-de-andres","tag-jose-manuel-torralba-castello","tag-jose-maria-gomez-de-salazar-caso-de-los-cobos","tag-luisa-alvarez-moreno","tag-rio-esteban-francisco-javierdel"],"_links":{"self":[{"href":"https:\/\/www.deberes.net\/tesis\/wp-json\/wp\/v2\/posts\/56831","targetHints":{"allow":["GET"]}}],"collection":[{"href":"https:\/\/www.deberes.net\/tesis\/wp-json\/wp\/v2\/posts"}],"about":[{"href":"https:\/\/www.deberes.net\/tesis\/wp-json\/wp\/v2\/types\/post"}],"author":[{"embeddable":true,"href":"https:\/\/www.deberes.net\/tesis\/wp-json\/wp\/v2\/users\/1"}],"replies":[{"embeddable":true,"href":"https:\/\/www.deberes.net\/tesis\/wp-json\/wp\/v2\/comments?post=56831"}],"version-history":[{"count":0,"href":"https:\/\/www.deberes.net\/tesis\/wp-json\/wp\/v2\/posts\/56831\/revisions"}],"wp:attachment":[{"href":"https:\/\/www.deberes.net\/tesis\/wp-json\/wp\/v2\/media?parent=56831"}],"wp:term":[{"taxonomy":"category","embeddable":true,"href":"https:\/\/www.deberes.net\/tesis\/wp-json\/wp\/v2\/categories?post=56831"},{"taxonomy":"post_tag","embeddable":true,"href":"https:\/\/www.deberes.net\/tesis\/wp-json\/wp\/v2\/tags?post=56831"}],"curies":[{"name":"wp","href":"https:\/\/api.w.org\/{rel}","templated":true}]}}