{"id":56837,"date":"2018-03-09T22:44:37","date_gmt":"2018-03-09T22:44:37","guid":{"rendered":"https:\/\/www.deberes.net\/tesis\/sin-categoria\/organizacion-de-instituciones-educativas-una-propuesta-basada-en-criterios-pedagogico-para-las-instituciones-colombianas\/"},"modified":"2018-03-09T22:44:37","modified_gmt":"2018-03-09T22:44:37","slug":"organizacion-de-instituciones-educativas-una-propuesta-basada-en-criterios-pedagogico-para-las-instituciones-colombianas","status":"publish","type":"post","link":"https:\/\/www.deberes.net\/tesis\/organizacion-y-direccion-de-las-instituciones-educativas\/organizacion-de-instituciones-educativas-una-propuesta-basada-en-criterios-pedagogico-para-las-instituciones-colombianas\/","title":{"rendered":"Organizaci\u00f3n de instituciones educativas: una propuesta basada en criterios pedag\u00f3gico para las instituciones colombianas"},"content":{"rendered":"<h2>Tesis doctoral de <strong> H\u00e9ctor Rizo Moreno <\/strong><\/h2>\n<p>La complejidad interna y particularidades dela escuela como organizaci\u00f3n: el conocimiento como uno de sus componentes esenciales: el impacto que tienen sobre ella las normatividades y legislaciones gubernamentales; son objeto de reflexi\u00f3n en el presente trabajo que incorpora elementos pedag\u00f3gicos en una propuesta de tipo organizacional e incluye una investigaic\u00f3n que sume como objeto de trabajo el impacto ocasionado sobre las instituciones educativas una restructuraci\u00f3n organizativa derivada de un conjunto de disposici\u00f3n legales de orden gubernamentales en cali, colombia.     alrededor elementos como sentido humano y social de las organizaciones, cultura organizacional, nuevas formas productivas, se construye un marco conceptual en el cual cobra especial importancia la formaci\u00f3n integral como objeto y el conocimiento como el principal insumo de trabajo que tiene la escuela. En el estudio se incorporan reflexiones en torno al ser y deber ser de la gesti\u00f3n escolar a medida que se analizan temas como liderazgo, clima organizacional, curr\u00edculo, evaluaci\u00f3n equidad, etc.     igualmente se analizan aspectos de la organizaci\u00f3n escolar a partir de sus nuevos referentes resaltando el papel que conceptualmente juega el tema de las instituciones escolares como organizaciones que aprenden. Con base en ello se presenta una propuesta organizativa utilizando la formaci\u00f3n integral como prop\u00f3sito esencial y la gesti\u00f3n del conocimiento como eje central.     la componente investigativa de la tesis, adem\u00e1s del marco te\u00f3rico, parte del principio de que las pol\u00edticas sociales se definen e implementan con el principal prop\u00f3sito de enfrentar las necesidades y construir condiciones que favorezcan el crecimiento del bienestar de la poblaci\u00f3n de un pa\u00eds, y correspondiendo a los investigadores analizar los efectos que sobre la sociedad tiene la aplicaci\u00f3n de esas pol\u00edticas. En este caso el trabajo se oriento a examinar el impacto que ha tenido en la instituciones edu<\/p>\n<p>&nbsp;<\/p>\n<h3>Datos acad\u00e9micos de la tesis doctoral \u00ab<strong>Organizaci\u00f3n de instituciones educativas: una propuesta basada en criterios pedag\u00f3gico para las instituciones colombianas<\/strong>\u00ab<\/h3>\n<ul>\n<li><strong>T\u00edtulo de la tesis:<\/strong>\u00a0 Organizaci\u00f3n de instituciones educativas: una propuesta basada en criterios pedag\u00f3gico para las instituciones colombianas <\/li>\n<li><strong>Autor:<\/strong>\u00a0 H\u00e9ctor Rizo Moreno <\/li>\n<li><strong>Universidad:<\/strong>\u00a0 Nacional de educaci\u00f3n a distancia<\/li>\n<li><strong>Fecha de lectura de la tesis:<\/strong>\u00a0 31\/01\/2007<\/li>\n<\/ul>\n<p>&nbsp;<\/p>\n<h3>Direcci\u00f3n y tribunal<\/h3>\n<ul>\n<li><strong>Director de la tesis<\/strong>\n<ul>\n<li>moreno Cerrillo Mart\u00edn<\/li>\n<\/ul>\n<\/li>\n<li><strong>Tribunal<\/strong>\n<ul>\n<li>Presidente del tribunal: eustaquio Mart\u00edn rodr\u00edguez <\/li>\n<li>Mar\u00eda  rosario Lim\u00f3n mendiz\u00e1bal (vocal)<\/li>\n<li>Mar\u00eda Luisa Sevillano Garc\u00eda (vocal)<\/li>\n<li>felicidad Garcia hern\u00e1ndez (vocal)<\/li>\n<\/ul>\n<\/li>\n<\/ul>\n<p>&nbsp;<\/p>\n","protected":false},"excerpt":{"rendered":"<p>Tesis doctoral de H\u00e9ctor Rizo Moreno La complejidad interna y particularidades dela escuela como organizaci\u00f3n: el conocimiento como uno de [&hellip;]<\/p>\n","protected":false},"author":1,"featured_media":0,"comment_status":"open","ping_status":"open","sticky":false,"template":"","format":"standard","meta":{"site-sidebar-layout":"default","site-content-layout":"","ast-site-content-layout":"","site-content-style":"default","site-sidebar-style":"default","ast-global-header-display":"","ast-banner-title-visibility":"","ast-main-header-display":"","ast-hfb-above-header-display":"","ast-hfb-below-header-display":"","ast-hfb-mobile-header-display":"","site-post-title":"","ast-breadcrumbs-content":"","ast-featured-img":"","footer-sml-layout":"","theme-transparent-header-meta":"","adv-header-id-meta":"","stick-header-meta":"","header-above-stick-meta":"","header-main-stick-meta":"","header-below-stick-meta":"","astra-migrate-meta-layouts":"default","ast-page-background-enabled":"default","ast-page-background-meta":{"desktop":{"background-color":"var(--ast-global-color-4)","background-image":"","background-repeat":"repeat","background-position":"center center","background-size":"auto","background-attachment":"scroll","background-type":"","background-media":"","overlay-type":"","overlay-color":"","overlay-gradient":""},"tablet":{"background-color":"","background-image":"","background-repeat":"repeat","background-position":"center center","background-size":"auto","background-attachment":"scroll","background-type":"","background-media":"","overlay-type":"","overlay-color":"","overlay-gradient":""},"mobile":{"background-color":"","background-image":"","background-repeat":"repeat","background-position":"center center","background-size":"auto","background-attachment":"scroll","background-type":"","background-media":"","overlay-type":"","overlay-color":"","overlay-gradient":""}},"ast-content-background-meta":{"desktop":{"background-color":"var(--ast-global-color-5)","background-image":"","background-repeat":"repeat","background-position":"center center","background-size":"auto","background-attachment":"scroll","background-type":"","background-media":"","overlay-type":"","overlay-color":"","overlay-gradient":""},"tablet":{"background-color":"var(--ast-global-color-5)","background-image":"","background-repeat":"repeat","background-position":"center center","background-size":"auto","background-attachment":"scroll","background-type":"","background-media":"","overlay-type":"","overlay-color":"","overlay-gradient":""},"mobile":{"background-color":"var(--ast-global-color-5)","background-image":"","background-repeat":"repeat","background-position":"center center","background-size":"auto","background-attachment":"scroll","background-type":"","background-media":"","overlay-type":"","overlay-color":"","overlay-gradient":""}},"footnotes":""},"categories":[17070,7611],"tags":[22812,122795,125596,6263,18400,17208],"class_list":["post-56837","post","type-post","status-publish","format-standard","hentry","category-nacional-de-educacion-a-distancia","category-organizacion-y-direccion-de-las-instituciones-educativas","tag-eustaquio-martin-rodriguez","tag-felicidad-garcia-hernandez","tag-hector-rizo-moreno","tag-maria-luisa-sevillano-garcia","tag-maria-rosario-limon-mendizabal","tag-moreno-cerrillo-martin"],"_links":{"self":[{"href":"https:\/\/www.deberes.net\/tesis\/wp-json\/wp\/v2\/posts\/56837","targetHints":{"allow":["GET"]}}],"collection":[{"href":"https:\/\/www.deberes.net\/tesis\/wp-json\/wp\/v2\/posts"}],"about":[{"href":"https:\/\/www.deberes.net\/tesis\/wp-json\/wp\/v2\/types\/post"}],"author":[{"embeddable":true,"href":"https:\/\/www.deberes.net\/tesis\/wp-json\/wp\/v2\/users\/1"}],"replies":[{"embeddable":true,"href":"https:\/\/www.deberes.net\/tesis\/wp-json\/wp\/v2\/comments?post=56837"}],"version-history":[{"count":0,"href":"https:\/\/www.deberes.net\/tesis\/wp-json\/wp\/v2\/posts\/56837\/revisions"}],"wp:attachment":[{"href":"https:\/\/www.deberes.net\/tesis\/wp-json\/wp\/v2\/media?parent=56837"}],"wp:term":[{"taxonomy":"category","embeddable":true,"href":"https:\/\/www.deberes.net\/tesis\/wp-json\/wp\/v2\/categories?post=56837"},{"taxonomy":"post_tag","embeddable":true,"href":"https:\/\/www.deberes.net\/tesis\/wp-json\/wp\/v2\/tags?post=56837"}],"curies":[{"name":"wp","href":"https:\/\/api.w.org\/{rel}","templated":true}]}}