{"id":56859,"date":"2007-02-02T00:00:00","date_gmt":"2007-02-02T00:00:00","guid":{"rendered":"https:\/\/www.deberes.net\/tesis\/sin-categoria\/integracion-sudamericana-opcion-regional-para-el-desarrollo-economico-pola%c2%adtico-y-social\/"},"modified":"2007-02-02T00:00:00","modified_gmt":"2007-02-02T00:00:00","slug":"integracion-sudamericana-opcion-regional-para-el-desarrollo-economico-pola%c2%adtico-y-social","status":"publish","type":"post","link":"https:\/\/www.deberes.net\/tesis\/malaga\/integracion-sudamericana-opcion-regional-para-el-desarrollo-economico-pola%c2%adtico-y-social\/","title":{"rendered":"Integraci\u00f3n sudamericana: opci\u00f3n regional para el desarrollo econ\u00f3mico, pol\u00edtico y social"},"content":{"rendered":"<h2>Tesis doctoral de <strong> Alejandro Bautista Gonz\u00e1lez <\/strong><\/h2>\n<p>Rente a la fragmentaci\u00f3n de la integraci\u00f3n en am\u00e9rica donde participan cinco mercados subregionales y un pa\u00eds que act\u00faa independientemente (chile); adem\u00e1s de una propuesta continental de conformar el \u00e1rea de libre comercio de las am\u00e9ricas (alca) a lo largo y ancho del continente. Adem\u00e1s de una propuesta de conformar la \u00abalternativa bolivariana de am\u00e9rica latina y el caribe, mejor conocido como \u00abalba\u00bb, la investigaci\u00f3n-tesis analiza y estudia una alternativa propia \u00ab\u00fanica\u00bb para el desarrollo de la regi\u00f3n sudamericana, en raz\u00f3n de la negativa de integraci\u00f3n el \u00abalca\u00bb y el escaso apoyo al \u00abalba\u00bb. Estudiado el tema a fondo y hechos los an\u00e1lisis y conclusiones, se pronuncia por la conformaci\u00f3n de un modelo integral para la regi\u00f3n sudamericana que concilie y armonice la voluntad de los pueblos de esta parte del continente a trav\u00e9s de un ente central de direcci\u00f3n y administraci\u00f3n, el cual habr\u00e1 de denominarse: \u00abuni\u00f3n sudamericana de integraci\u00f3n y cooperaci\u00f3n\u00bb (usic)<\/p>\n<p>&nbsp;<\/p>\n<h3>Datos acad\u00e9micos de la tesis doctoral \u00ab<strong>Integraci\u00f3n sudamericana: opci\u00f3n regional para el desarrollo econ\u00f3mico, pol\u00edtico y social<\/strong>\u00ab<\/h3>\n<ul>\n<li><strong>T\u00edtulo de la tesis:<\/strong>\u00a0 Integraci\u00f3n sudamericana: opci\u00f3n regional para el desarrollo econ\u00f3mico, pol\u00edtico y social <\/li>\n<li><strong>Autor:<\/strong>\u00a0 Alejandro Bautista Gonz\u00e1lez <\/li>\n<li><strong>Universidad:<\/strong>\u00a0 M\u00e1laga<\/li>\n<li><strong>Fecha de lectura de la tesis:<\/strong>\u00a0 02\/02\/2007<\/li>\n<\/ul>\n<p>&nbsp;<\/p>\n<h3>Direcci\u00f3n y tribunal<\/h3>\n<ul>\n<li><strong>Director de la tesis<\/strong>\n<ul>\n<li>Cristina Blasco Vizca\u00edno<\/li>\n<\/ul>\n<\/li>\n<li><strong>Tribunal<\/strong>\n<ul>\n<li>Presidente del tribunal: jose Valles ferrer <\/li>\n<li>ricardo Veroz herradon (vocal)<\/li>\n<li>Antonio Garcia lizana (vocal)<\/li>\n<li> Castillo clavero Ana Mar\u00eda (vocal)<\/li>\n<\/ul>\n<\/li>\n<\/ul>\n<p>&nbsp;<\/p>\n","protected":false},"excerpt":{"rendered":"<p>Tesis doctoral de Alejandro Bautista Gonz\u00e1lez Rente a la fragmentaci\u00f3n de la integraci\u00f3n en am\u00e9rica donde participan cinco mercados subregionales [&hellip;]<\/p>\n","protected":false},"author":1,"featured_media":0,"comment_status":"open","ping_status":"open","sticky":false,"template":"","format":"standard","meta":{"site-sidebar-layout":"default","site-content-layout":"","ast-site-content-layout":"","site-content-style":"default","site-sidebar-style":"default","ast-global-header-display":"","ast-banner-title-visibility":"","ast-main-header-display":"","ast-hfb-above-header-display":"","ast-hfb-below-header-display":"","ast-hfb-mobile-header-display":"","site-post-title":"","ast-breadcrumbs-content":"","ast-featured-img":"","footer-sml-layout":"","theme-transparent-header-meta":"","adv-header-id-meta":"","stick-header-meta":"","header-above-stick-meta":"","header-main-stick-meta":"","header-below-stick-meta":"","astra-migrate-meta-layouts":"default","ast-page-background-enabled":"default","ast-page-background-meta":{"desktop":{"background-color":"var(--ast-global-color-4)","background-image":"","background-repeat":"repeat","background-position":"center center","background-size":"auto","background-attachment":"scroll","background-type":"","background-media":"","overlay-type":"","overlay-color":"","overlay-gradient":""},"tablet":{"background-color":"","background-image":"","background-repeat":"repeat","background-position":"center center","background-size":"auto","background-attachment":"scroll","background-type":"","background-media":"","overlay-type":"","overlay-color":"","overlay-gradient":""},"mobile":{"background-color":"","background-image":"","background-repeat":"repeat","background-position":"center center","background-size":"auto","background-attachment":"scroll","background-type":"","background-media":"","overlay-type":"","overlay-color":"","overlay-gradient":""}},"ast-content-background-meta":{"desktop":{"background-color":"var(--ast-global-color-5)","background-image":"","background-repeat":"repeat","background-position":"center center","background-size":"auto","background-attachment":"scroll","background-type":"","background-media":"","overlay-type":"","overlay-color":"","overlay-gradient":""},"tablet":{"background-color":"var(--ast-global-color-5)","background-image":"","background-repeat":"repeat","background-position":"center center","background-size":"auto","background-attachment":"scroll","background-type":"","background-media":"","overlay-type":"","overlay-color":"","overlay-gradient":""},"mobile":{"background-color":"var(--ast-global-color-5)","background-image":"","background-repeat":"repeat","background-position":"center center","background-size":"auto","background-attachment":"scroll","background-type":"","background-media":"","overlay-type":"","overlay-color":"","overlay-gradient":""}},"footnotes":""},"categories":[7834,18365],"tags":[125646,24760,125647,93603,38406,39059],"class_list":["post-56859","post","type-post","status-publish","format-standard","hentry","category-malaga","category-politica-economica-internacional","tag-alejandro-bautista-gonzalez","tag-antonio-garcia-lizana","tag-castillo-clavero-ana-maria","tag-cristina-blasco-vizcaino","tag-jose-valles-ferrer","tag-ricardo-veroz-herradon"],"_links":{"self":[{"href":"https:\/\/www.deberes.net\/tesis\/wp-json\/wp\/v2\/posts\/56859","targetHints":{"allow":["GET"]}}],"collection":[{"href":"https:\/\/www.deberes.net\/tesis\/wp-json\/wp\/v2\/posts"}],"about":[{"href":"https:\/\/www.deberes.net\/tesis\/wp-json\/wp\/v2\/types\/post"}],"author":[{"embeddable":true,"href":"https:\/\/www.deberes.net\/tesis\/wp-json\/wp\/v2\/users\/1"}],"replies":[{"embeddable":true,"href":"https:\/\/www.deberes.net\/tesis\/wp-json\/wp\/v2\/comments?post=56859"}],"version-history":[{"count":0,"href":"https:\/\/www.deberes.net\/tesis\/wp-json\/wp\/v2\/posts\/56859\/revisions"}],"wp:attachment":[{"href":"https:\/\/www.deberes.net\/tesis\/wp-json\/wp\/v2\/media?parent=56859"}],"wp:term":[{"taxonomy":"category","embeddable":true,"href":"https:\/\/www.deberes.net\/tesis\/wp-json\/wp\/v2\/categories?post=56859"},{"taxonomy":"post_tag","embeddable":true,"href":"https:\/\/www.deberes.net\/tesis\/wp-json\/wp\/v2\/tags?post=56859"}],"curies":[{"name":"wp","href":"https:\/\/api.w.org\/{rel}","templated":true}]}}