{"id":56894,"date":"2007-03-02T00:00:00","date_gmt":"2007-03-02T00:00:00","guid":{"rendered":"https:\/\/www.deberes.net\/tesis\/sin-categoria\/pausanias-periegeta-y-su-contexto-de-formacion-en-el-oriente-heleno-esmirna-y-pergamo\/"},"modified":"2007-03-02T00:00:00","modified_gmt":"2007-03-02T00:00:00","slug":"pausanias-periegeta-y-su-contexto-de-formacion-en-el-oriente-heleno-esmirna-y-pergamo","status":"publish","type":"post","link":"https:\/\/www.deberes.net\/tesis\/sin-categoria\/pausanias-periegeta-y-su-contexto-de-formacion-en-el-oriente-heleno-esmirna-y-pergamo\/","title":{"rendered":"Pausanias periegeta y su contexto de formaci\u00f3n en el oriente heleno: esmirna y p\u00e9rgamo"},"content":{"rendered":"<h2>Tesis doctoral de <strong>  S\u00e1nchez Hern\u00e1ndez Juan  Pablo <\/strong><\/h2>\n<p>Pausanias, como una buena parte de los integrantes de este movimiento literario, no tiene una personalidad y un contexto muy definido, salvo quiz\u00e1 su pertenencia a asia menor, provincia pr\u00f3spera en \u00e9poca romana que vivi\u00f3 un renacimiento art\u00edstico y literario y que volvi\u00f3 su mirada a la grecia madre. Sabemos mucho m\u00e1s de su obra y de la realidad que refleja, una obra que ha servido de fuente para fil\u00f3logos e historiadores cl\u00e1sicos, pero son muy recientes y poco numerosas las monograf\u00edas que tratan sobre la personalidad de pausanias y su \u00e9poca.     el presente trabajo, sin embargo, destaca la necesidad de reconstruir y describir la \u00abotra grecia\u00bb o ese mundo cultural de asia en el que vivi\u00f3 y se form\u00f3 nuestro autor. El presente trabajo intenta ser una monograf\u00eda sobre pausanias, no sobre su obra, y trata de ver como el car\u00e1cter dela peri\u00e9gesis, la disponibilidad de ciertas fuentes y la peculiaridades de ciertos destinos son, primeramente, el reflejo de un contexto cultural, el oriente heleno bajo el imperio romano, y, segundo, producto de una concreta formaci\u00f3n en los m\u00e1s prestigiosos centros de cultura en asia menor, esmirna y p\u00e9rgamo.     los resultados finales de la investigaci\u00f3n se exponen en forma de monograf\u00eda, distribuyendo los contenidos en cuatro cap\u00edtulos que ahondan progresivamente en la personalidad de pausanias:     * el cap\u00edtulo i hace redefinici\u00f3n de la personalidad de su autor, su cronolog\u00eda, los contenidos de su obra y comenta su bibliograf\u00eda de una forma exhaustiva hasta el a\u00f1o 2002, (aunque ha incorporado, en la medida de los posibles, las novedades bibliogr\u00e1ficas hasta el a\u00f1o 2005).     * el cap\u00edtulo ii trata, integrando ciertas referencias de pausanias, las etapas de la historia del helenismo de as\u00ed menor, patr\u00eda de pausanias, y de grecia, lugar donde fija su mirada nuestro autor, desde el momento en el que ambos territorios forman parte, como provincias, del imperio romano.     * el cap\u00edtulo iii trata, de<\/p>\n<p>&nbsp;<\/p>\n<h3>Datos acad\u00e9micos de la tesis doctoral \u00ab<strong>Pausanias periegeta y su contexto de formaci\u00f3n en el oriente heleno: esmirna y p\u00e9rgamo<\/strong>\u00ab<\/h3>\n<ul>\n<li><strong>T\u00edtulo de la tesis:<\/strong>\u00a0 Pausanias periegeta y su contexto de formaci\u00f3n en el oriente heleno: esmirna y p\u00e9rgamo <\/li>\n<li><strong>Autor:<\/strong>\u00a0  S\u00e1nchez Hern\u00e1ndez Juan  Pablo <\/li>\n<li><strong>Universidad:<\/strong>\u00a0 Complutense de Madrid<\/li>\n<li><strong>Fecha de lectura de la tesis:<\/strong>\u00a0 03\/02\/2007<\/li>\n<\/ul>\n<p>&nbsp;<\/p>\n<h3>Direcci\u00f3n y tribunal<\/h3>\n<ul>\n<li><strong>Director de la tesis<\/strong>\n<ul>\n<li> Hoz Bravo Jes\u00fas JavierDe<\/li>\n<\/ul>\n<\/li>\n<li><strong>Tribunal<\/strong>\n<ul>\n<li>Presidente del tribunal: Carlos Garcia gual <\/li>\n<li> Cort\u00e9s copete Juan  Manuel (vocal)<\/li>\n<li>paolo Desideri (vocal)<\/li>\n<li>consuelo Ruiz montero (vocal)<\/li>\n<\/ul>\n<\/li>\n<\/ul>\n<p>&nbsp;<\/p>\n","protected":false},"excerpt":{"rendered":"<p>Tesis doctoral de S\u00e1nchez Hern\u00e1ndez Juan Pablo Pausanias, como una buena parte de los integrantes de este movimiento literario, no [&hellip;]<\/p>\n","protected":false},"author":1,"featured_media":0,"comment_status":"open","ping_status":"open","sticky":false,"template":"","format":"standard","meta":{"site-sidebar-layout":"default","site-content-layout":"","ast-site-content-layout":"","site-content-style":"default","site-sidebar-style":"default","ast-global-header-display":"","ast-banner-title-visibility":"","ast-main-header-display":"","ast-hfb-above-header-display":"","ast-hfb-below-header-display":"","ast-hfb-mobile-header-display":"","site-post-title":"","ast-breadcrumbs-content":"","ast-featured-img":"","footer-sml-layout":"","theme-transparent-header-meta":"","adv-header-id-meta":"","stick-header-meta":"","header-above-stick-meta":"","header-main-stick-meta":"","header-below-stick-meta":"","astra-migrate-meta-layouts":"default","ast-page-background-enabled":"default","ast-page-background-meta":{"desktop":{"background-color":"var(--ast-global-color-4)","background-image":"","background-repeat":"repeat","background-position":"center center","background-size":"auto","background-attachment":"scroll","background-type":"","background-media":"","overlay-type":"","overlay-color":"","overlay-gradient":""},"tablet":{"background-color":"","background-image":"","background-repeat":"repeat","background-position":"center center","background-size":"auto","background-attachment":"scroll","background-type":"","background-media":"","overlay-type":"","overlay-color":"","overlay-gradient":""},"mobile":{"background-color":"","background-image":"","background-repeat":"repeat","background-position":"center center","background-size":"auto","background-attachment":"scroll","background-type":"","background-media":"","overlay-type":"","overlay-color":"","overlay-gradient":""}},"ast-content-background-meta":{"desktop":{"background-color":"var(--ast-global-color-5)","background-image":"","background-repeat":"repeat","background-position":"center center","background-size":"auto","background-attachment":"scroll","background-type":"","background-media":"","overlay-type":"","overlay-color":"","overlay-gradient":""},"tablet":{"background-color":"var(--ast-global-color-5)","background-image":"","background-repeat":"repeat","background-position":"center center","background-size":"auto","background-attachment":"scroll","background-type":"","background-media":"","overlay-type":"","overlay-color":"","overlay-gradient":""},"mobile":{"background-color":"var(--ast-global-color-5)","background-image":"","background-repeat":"repeat","background-position":"center center","background-size":"auto","background-attachment":"scroll","background-type":"","background-media":"","overlay-type":"","overlay-color":"","overlay-gradient":""}},"footnotes":""},"categories":[1,628],"tags":[428,24929,10878,125720,10882,125719],"class_list":["post-56894","post","type-post","status-publish","format-standard","hentry","category-sin-categoria","category-teoria-analisis-y-critica-literarios","tag-carlos-garcia-gual","tag-consuelo-ruiz-montero","tag-cortes-copete-juan-manuel","tag-hoz-bravo-jesus-javierde","tag-paolo-desideri","tag-sanchez-hernandez-juan-pablo"],"_links":{"self":[{"href":"https:\/\/www.deberes.net\/tesis\/wp-json\/wp\/v2\/posts\/56894","targetHints":{"allow":["GET"]}}],"collection":[{"href":"https:\/\/www.deberes.net\/tesis\/wp-json\/wp\/v2\/posts"}],"about":[{"href":"https:\/\/www.deberes.net\/tesis\/wp-json\/wp\/v2\/types\/post"}],"author":[{"embeddable":true,"href":"https:\/\/www.deberes.net\/tesis\/wp-json\/wp\/v2\/users\/1"}],"replies":[{"embeddable":true,"href":"https:\/\/www.deberes.net\/tesis\/wp-json\/wp\/v2\/comments?post=56894"}],"version-history":[{"count":0,"href":"https:\/\/www.deberes.net\/tesis\/wp-json\/wp\/v2\/posts\/56894\/revisions"}],"wp:attachment":[{"href":"https:\/\/www.deberes.net\/tesis\/wp-json\/wp\/v2\/media?parent=56894"}],"wp:term":[{"taxonomy":"category","embeddable":true,"href":"https:\/\/www.deberes.net\/tesis\/wp-json\/wp\/v2\/categories?post=56894"},{"taxonomy":"post_tag","embeddable":true,"href":"https:\/\/www.deberes.net\/tesis\/wp-json\/wp\/v2\/tags?post=56894"}],"curies":[{"name":"wp","href":"https:\/\/api.w.org\/{rel}","templated":true}]}}