{"id":56899,"date":"2007-05-02T00:00:00","date_gmt":"2007-05-02T00:00:00","guid":{"rendered":"https:\/\/www.deberes.net\/tesis\/sin-categoria\/radio-espana-independiente-la-voz-de-la-enperanza-antifranquista\/"},"modified":"2007-05-02T00:00:00","modified_gmt":"2007-05-02T00:00:00","slug":"radio-espana-independiente-la-voz-de-la-enperanza-antifranquista","status":"publish","type":"post","link":"https:\/\/www.deberes.net\/tesis\/sin-categoria\/radio-espana-independiente-la-voz-de-la-enperanza-antifranquista\/","title":{"rendered":"Radio espa\u00f1a independiente, la voz de la enperanza antifranquista"},"content":{"rendered":"<h2>Tesis doctoral de <strong> Luis Zaragoza Fern\u00e1ndez <\/strong><\/h2>\n<p>A investigaci\u00f3n reconstruye la historia de \u00abradio espa\u00f1a independiente. Estaci\u00f3n pirenaica\u00bb, la emisora clandestina dirigida por el partido comunista de espa\u00f1a que transmiti\u00f3 hacia nuestro pa\u00eds del 22 de julio de 1941 al 14 de julio de 1977, primero desde la uni\u00f3n sovi\u00e9tica y despu\u00e9s (a partir de 1955) desde (rumania). Analiza en qu\u00e9 etapas puede dividirse su trayectoria y por qu\u00e9, qui\u00e9nes trabajaron en ella y cuando lo hicieron, c\u00f3mo fue modific\u00e1ndose su programaci\u00f3n y su estilo, cu\u00e1l fue la evoluci\u00f3n de su audiencia, qu\u00e9 acontecimientos de la historia del franquismo y del pce repercutieron m\u00e1s en ella y en cu\u00e1les desempe\u00f1\u00f3 un papel m\u00e1s destacado, qu\u00e9 prop\u00f3sitos o fines permanecieron constantes en sus 36 a\u00f1os de vida y c\u00f3mo ha pervivido en la memoria colectiva de los espa\u00f1oles 30 a\u00f1os despu\u00e9s de su clausura<\/p>\n<p>&nbsp;<\/p>\n<h3>Datos acad\u00e9micos de la tesis doctoral \u00ab<strong>Radio espa\u00f1a independiente, la voz de la enperanza antifranquista<\/strong>\u00ab<\/h3>\n<ul>\n<li><strong>T\u00edtulo de la tesis:<\/strong>\u00a0 Radio espa\u00f1a independiente, la voz de la enperanza antifranquista <\/li>\n<li><strong>Autor:<\/strong>\u00a0 Luis Zaragoza Fern\u00e1ndez <\/li>\n<li><strong>Universidad:<\/strong>\u00a0 Complutense de Madrid<\/li>\n<li><strong>Fecha de lectura de la tesis:<\/strong>\u00a0 05\/02\/2007<\/li>\n<\/ul>\n<p>&nbsp;<\/p>\n<h3>Direcci\u00f3n y tribunal<\/h3>\n<ul>\n<li><strong>Director de la tesis<\/strong>\n<ul>\n<li>Alejandro Pizarroso Quintero<\/li>\n<\/ul>\n<\/li>\n<li><strong>Tribunal<\/strong>\n<ul>\n<li>Presidente del tribunal: M\u00aa dolores Saiz Garc\u00eda <\/li>\n<li>Juan  Antonio Garcia galindo (vocal)<\/li>\n<li>julio Gil pecharroman (vocal)<\/li>\n<li>pere oriol Costa badia (vocal)<\/li>\n<\/ul>\n<\/li>\n<\/ul>\n<p>&nbsp;<\/p>\n","protected":false},"excerpt":{"rendered":"<p>Tesis doctoral de Luis Zaragoza Fern\u00e1ndez A investigaci\u00f3n reconstruye la historia de \u00abradio espa\u00f1a independiente. Estaci\u00f3n pirenaica\u00bb, la emisora clandestina [&hellip;]<\/p>\n","protected":false},"author":1,"featured_media":0,"comment_status":"open","ping_status":"open","sticky":false,"template":"","format":"standard","meta":{"site-sidebar-layout":"default","site-content-layout":"","ast-site-content-layout":"","site-content-style":"default","site-sidebar-style":"default","ast-global-header-display":"","ast-banner-title-visibility":"","ast-main-header-display":"","ast-hfb-above-header-display":"","ast-hfb-below-header-display":"","ast-hfb-mobile-header-display":"","site-post-title":"","ast-breadcrumbs-content":"","ast-featured-img":"","footer-sml-layout":"","theme-transparent-header-meta":"","adv-header-id-meta":"","stick-header-meta":"","header-above-stick-meta":"","header-main-stick-meta":"","header-below-stick-meta":"","astra-migrate-meta-layouts":"default","ast-page-background-enabled":"default","ast-page-background-meta":{"desktop":{"background-color":"var(--ast-global-color-4)","background-image":"","background-repeat":"repeat","background-position":"center center","background-size":"auto","background-attachment":"scroll","background-type":"","background-media":"","overlay-type":"","overlay-color":"","overlay-gradient":""},"tablet":{"background-color":"","background-image":"","background-repeat":"repeat","background-position":"center center","background-size":"auto","background-attachment":"scroll","background-type":"","background-media":"","overlay-type":"","overlay-color":"","overlay-gradient":""},"mobile":{"background-color":"","background-image":"","background-repeat":"repeat","background-position":"center center","background-size":"auto","background-attachment":"scroll","background-type":"","background-media":"","overlay-type":"","overlay-color":"","overlay-gradient":""}},"ast-content-background-meta":{"desktop":{"background-color":"var(--ast-global-color-5)","background-image":"","background-repeat":"repeat","background-position":"center center","background-size":"auto","background-attachment":"scroll","background-type":"","background-media":"","overlay-type":"","overlay-color":"","overlay-gradient":""},"tablet":{"background-color":"var(--ast-global-color-5)","background-image":"","background-repeat":"repeat","background-position":"center center","background-size":"auto","background-attachment":"scroll","background-type":"","background-media":"","overlay-type":"","overlay-color":"","overlay-gradient":""},"mobile":{"background-color":"var(--ast-global-color-5)","background-image":"","background-repeat":"repeat","background-position":"center center","background-size":"auto","background-attachment":"scroll","background-type":"","background-media":"","overlay-type":"","overlay-color":"","overlay-gradient":""}},"footnotes":""},"categories":[1],"tags":[5978,47661,4846,125733,5006,6057],"class_list":["post-56899","post","type-post","status-publish","format-standard","hentry","category-sin-categoria","tag-alejandro-pizarroso-quintero","tag-juan-antonio-garcia-galindo","tag-julio-gil-pecharroman","tag-luis-zaragoza-fernandez","tag-ma-dolores-saiz-garcia","tag-pere-oriol-costa-badia"],"_links":{"self":[{"href":"https:\/\/www.deberes.net\/tesis\/wp-json\/wp\/v2\/posts\/56899","targetHints":{"allow":["GET"]}}],"collection":[{"href":"https:\/\/www.deberes.net\/tesis\/wp-json\/wp\/v2\/posts"}],"about":[{"href":"https:\/\/www.deberes.net\/tesis\/wp-json\/wp\/v2\/types\/post"}],"author":[{"embeddable":true,"href":"https:\/\/www.deberes.net\/tesis\/wp-json\/wp\/v2\/users\/1"}],"replies":[{"embeddable":true,"href":"https:\/\/www.deberes.net\/tesis\/wp-json\/wp\/v2\/comments?post=56899"}],"version-history":[{"count":0,"href":"https:\/\/www.deberes.net\/tesis\/wp-json\/wp\/v2\/posts\/56899\/revisions"}],"wp:attachment":[{"href":"https:\/\/www.deberes.net\/tesis\/wp-json\/wp\/v2\/media?parent=56899"}],"wp:term":[{"taxonomy":"category","embeddable":true,"href":"https:\/\/www.deberes.net\/tesis\/wp-json\/wp\/v2\/categories?post=56899"},{"taxonomy":"post_tag","embeddable":true,"href":"https:\/\/www.deberes.net\/tesis\/wp-json\/wp\/v2\/tags?post=56899"}],"curies":[{"name":"wp","href":"https:\/\/api.w.org\/{rel}","templated":true}]}}