{"id":56904,"date":"2007-05-02T00:00:00","date_gmt":"2007-05-02T00:00:00","guid":{"rendered":"https:\/\/www.deberes.net\/tesis\/sin-categoria\/cancer-infantil-repercusiones-psicologicas-en-el-nino-y-su-familia\/"},"modified":"2007-05-02T00:00:00","modified_gmt":"2007-05-02T00:00:00","slug":"cancer-infantil-repercusiones-psicologicas-en-el-nino-y-su-familia","status":"publish","type":"post","link":"https:\/\/www.deberes.net\/tesis\/psicologia-clinica\/cancer-infantil-repercusiones-psicologicas-en-el-nino-y-su-familia\/","title":{"rendered":"C\u00e1ncer infantil: repercusiones psicol\u00f3gicas en el ni\u00f1o y su familia"},"content":{"rendered":"<h2>Tesis doctoral de <strong> Sonia Hern\u00e1ndez L\u00f3pez <\/strong><\/h2>\n<p>La psicooncolog\u00eda pedi\u00e1trica es realmente reciente y breve. De hecho, no es hasta la d\u00e9cada de los 90 cuando aparece un esquema organizado para el estudio de la problem\u00e1tica psicol\u00f3gica de los menores con c\u00e1ncer, principalmente atendiendo a los efectos secundarios de los tratamientos oncol\u00f3gicos en su estado f\u00edsico y cognitivo.  el objetivo principal de la tesis es el estudio de las posibles repercusiones del c\u00e1ncer infantil en el propio paciente (a nivel emocional, comportamental y neuropsicol\u00f3gico) y en sus progenitores (distr\u00e9s emocional general y estr\u00e9s postraum\u00e1ticos), as\u00ed como la relaci\u00f3n entre las reacciones psicol\u00f3gicas de los progenitores, las estrategias de afrontamiento que adoptan y los problemas que perciben en sus hijos\/as.  se eval\u00faan 50 menores afectos de c\u00e1ncer y un progenitor por cada uno de ellos, obteniendo los siguientes resultados: no existen diferencias estad\u00edsticamente significativas entre aquellos menores que se encontraban en tratamiento m\u00e9dico activo frente a aquellos que ya hab\u00edan finalizado el tratamiento en la mayor\u00eda de variables psicol\u00f3gicas evaluadas.                   en general, la muestra global de menores presenta d\u00e9ficit neuropsicol\u00f3gicos espec\u00edficos en algunas \u00e1reas. los menores afectos de tumor de snc presentan significativamente, y de manera global, mayores dificultades neuropsicol\u00f3gicas que los afectos de lla. no hay diferencias significativas en la mayor\u00eda de problem\u00e1ticas emocionales y\/o conductuales que seg\u00fan los progenitores, presentan los menores en funci\u00f3n de la fase de tratamiento en la que se encuentran. determinadas estrategias de afrontamiento adoptadas por los progenitores se asocian con la presencia de mayor distr\u00e9s emocional en \u00e9stos y diferencia entre aquellos progenitores que presentan un distr\u00e9s emocional cl\u00ednico, frente a aquellos que no. determinadas estrategias de afrontamiento adoptadas por los progenitores se asocian con la sintomatolog\u00eda de trastorno por estr<\/p>\n<p>&nbsp;<\/p>\n<h3>Datos acad\u00e9micos de la tesis doctoral \u00ab<strong>C\u00e1ncer infantil: repercusiones psicol\u00f3gicas en el ni\u00f1o y su familia<\/strong>\u00ab<\/h3>\n<ul>\n<li><strong>T\u00edtulo de la tesis:<\/strong>\u00a0 C\u00e1ncer infantil: repercusiones psicol\u00f3gicas en el ni\u00f1o y su familia <\/li>\n<li><strong>Autor:<\/strong>\u00a0 Sonia Hern\u00e1ndez L\u00f3pez <\/li>\n<li><strong>Universidad:<\/strong>\u00a0 Universitat de val\u00e9ncia (estudi general)<\/li>\n<li><strong>Fecha de lectura de la tesis:<\/strong>\u00a0 05\/02\/2007<\/li>\n<\/ul>\n<p>&nbsp;<\/p>\n<h3>Direcci\u00f3n y tribunal<\/h3>\n<ul>\n<li><strong>Director de la tesis<\/strong>\n<ul>\n<li>Estrella Dur\u00e1 Ferrandis<\/li>\n<\/ul>\n<\/li>\n<li><strong>Tribunal<\/strong>\n<ul>\n<li>Presidente del tribunal: elena Iba\u00f1ez guerra <\/li>\n<li>Francisco Ramos campos (vocal)<\/li>\n<li>Jorge Garc\u00e9s ferrer (vocal)<\/li>\n<li>Manuel S\u00e1nchez sol\u00eds querol (vocal)<\/li>\n<\/ul>\n<\/li>\n<\/ul>\n<p>&nbsp;<\/p>\n","protected":false},"excerpt":{"rendered":"<p>Tesis doctoral de Sonia Hern\u00e1ndez L\u00f3pez La psicooncolog\u00eda pedi\u00e1trica es realmente reciente y breve. De hecho, no es hasta la [&hellip;]<\/p>\n","protected":false},"author":1,"featured_media":0,"comment_status":"open","ping_status":"open","sticky":false,"template":"","format":"standard","meta":{"site-sidebar-layout":"default","site-content-layout":"","ast-site-content-layout":"","site-content-style":"default","site-sidebar-style":"default","ast-global-header-display":"","ast-banner-title-visibility":"","ast-main-header-display":"","ast-hfb-above-header-display":"","ast-hfb-below-header-display":"","ast-hfb-mobile-header-display":"","site-post-title":"","ast-breadcrumbs-content":"","ast-featured-img":"","footer-sml-layout":"","theme-transparent-header-meta":"","adv-header-id-meta":"","stick-header-meta":"","header-above-stick-meta":"","header-main-stick-meta":"","header-below-stick-meta":"","astra-migrate-meta-layouts":"default","ast-page-background-enabled":"default","ast-page-background-meta":{"desktop":{"background-color":"var(--ast-global-color-4)","background-image":"","background-repeat":"repeat","background-position":"center center","background-size":"auto","background-attachment":"scroll","background-type":"","background-media":"","overlay-type":"","overlay-color":"","overlay-gradient":""},"tablet":{"background-color":"","background-image":"","background-repeat":"repeat","background-position":"center center","background-size":"auto","background-attachment":"scroll","background-type":"","background-media":"","overlay-type":"","overlay-color":"","overlay-gradient":""},"mobile":{"background-color":"","background-image":"","background-repeat":"repeat","background-position":"center center","background-size":"auto","background-attachment":"scroll","background-type":"","background-media":"","overlay-type":"","overlay-color":"","overlay-gradient":""}},"ast-content-background-meta":{"desktop":{"background-color":"var(--ast-global-color-5)","background-image":"","background-repeat":"repeat","background-position":"center center","background-size":"auto","background-attachment":"scroll","background-type":"","background-media":"","overlay-type":"","overlay-color":"","overlay-gradient":""},"tablet":{"background-color":"var(--ast-global-color-5)","background-image":"","background-repeat":"repeat","background-position":"center center","background-size":"auto","background-attachment":"scroll","background-type":"","background-media":"","overlay-type":"","overlay-color":"","overlay-gradient":""},"mobile":{"background-color":"var(--ast-global-color-5)","background-image":"","background-repeat":"repeat","background-position":"center center","background-size":"auto","background-attachment":"scroll","background-type":"","background-media":"","overlay-type":"","overlay-color":"","overlay-gradient":""}},"footnotes":""},"categories":[41497,6894,487],"tags":[2524,104372,5862,104371,59924,125741],"class_list":["post-56904","post","type-post","status-publish","format-standard","hentry","category-afrontamiento-de-la-enfermedad","category-personalidad","category-psicologia-clinica","tag-elena-ibanez-guerra","tag-estrella-dura-ferrandis","tag-francisco-ramos-campos","tag-jorge-garces-ferrer","tag-manuel-sanchez-solis-querol","tag-sonia-hernandez-lopez"],"_links":{"self":[{"href":"https:\/\/www.deberes.net\/tesis\/wp-json\/wp\/v2\/posts\/56904","targetHints":{"allow":["GET"]}}],"collection":[{"href":"https:\/\/www.deberes.net\/tesis\/wp-json\/wp\/v2\/posts"}],"about":[{"href":"https:\/\/www.deberes.net\/tesis\/wp-json\/wp\/v2\/types\/post"}],"author":[{"embeddable":true,"href":"https:\/\/www.deberes.net\/tesis\/wp-json\/wp\/v2\/users\/1"}],"replies":[{"embeddable":true,"href":"https:\/\/www.deberes.net\/tesis\/wp-json\/wp\/v2\/comments?post=56904"}],"version-history":[{"count":0,"href":"https:\/\/www.deberes.net\/tesis\/wp-json\/wp\/v2\/posts\/56904\/revisions"}],"wp:attachment":[{"href":"https:\/\/www.deberes.net\/tesis\/wp-json\/wp\/v2\/media?parent=56904"}],"wp:term":[{"taxonomy":"category","embeddable":true,"href":"https:\/\/www.deberes.net\/tesis\/wp-json\/wp\/v2\/categories?post=56904"},{"taxonomy":"post_tag","embeddable":true,"href":"https:\/\/www.deberes.net\/tesis\/wp-json\/wp\/v2\/tags?post=56904"}],"curies":[{"name":"wp","href":"https:\/\/api.w.org\/{rel}","templated":true}]}}