{"id":56921,"date":"2007-06-02T00:00:00","date_gmt":"2007-06-02T00:00:00","guid":{"rendered":"https:\/\/www.deberes.net\/tesis\/sin-categoria\/nacionalismo-cultural-y-pola%c2%adtico-la-doble-cara-de-un-proyecto-unico-cataluna\/"},"modified":"2007-06-02T00:00:00","modified_gmt":"2007-06-02T00:00:00","slug":"nacionalismo-cultural-y-pola%c2%adtico-la-doble-cara-de-un-proyecto-unico-cataluna","status":"publish","type":"post","link":"https:\/\/www.deberes.net\/tesis\/barcelona\/nacionalismo-cultural-y-pola%c2%adtico-la-doble-cara-de-un-proyecto-unico-cataluna\/","title":{"rendered":"Nacionalismo cultural y pol\u00edtico: la doble cara de un proyecto \u00fanico: catalu\u00f1a"},"content":{"rendered":"<h2>Tesis doctoral de <strong> Janete Silveira Abrao <\/strong><\/h2>\n<p>Este estudio tiene por objetivo fundamentar el an\u00e1lisis y la interpretaci\u00f3n de la \u00abconstrucci\u00f3n\u00bb y de la trayectoria discursiva, hist\u00f3rica e ideol\u00f3gica del catalanismo o nacionalismo catal\u00e1n, a partir de la cr\u00edtica al paradigma existente basado en la dicotom\u00eda entre los conceptos de naci\u00f3n y nacionalismo: el \u00e9tnico-cultural y el c\u00edvico-pol\u00edtico. A lo largo de este estudio se ha fijado como cuesti\u00f3n central la cr\u00edtica al paradigma que define que no hay compatibilidad entre nacionalismo cultural y nacionalismo pol\u00edtico, sino que hay unadicotom\u00eda irreducible entre ellos. Sin embargo, se puede afirmar que en el caso del nacionalismo catal\u00e1n, su nacionalismo es tanto cultural como pol\u00edtico, pues la apelaci\u00f3n a una pretendida realidad objetiva y precedente -la naci\u00f3n cultural- como su fundamento y su contenido efectivo- no es compatible con car\u00e1cter voluntarista y proyectivo de su nacionalismo pol\u00edtico, con la voluntad pol\u00edtica de alcanzar una mayor autonom\u00eda para catalu\u00f1a.<\/p>\n<p>&nbsp;<\/p>\n<h3>Datos acad\u00e9micos de la tesis doctoral \u00ab<strong>Nacionalismo cultural y pol\u00edtico: la doble cara de un proyecto \u00fanico: catalu\u00f1a<\/strong>\u00ab<\/h3>\n<ul>\n<li><strong>T\u00edtulo de la tesis:<\/strong>\u00a0 Nacionalismo cultural y pol\u00edtico: la doble cara de un proyecto \u00fanico: catalu\u00f1a <\/li>\n<li><strong>Autor:<\/strong>\u00a0 Janete Silveira Abrao <\/li>\n<li><strong>Universidad:<\/strong>\u00a0 Barcelona<\/li>\n<li><strong>Fecha de lectura de la tesis:<\/strong>\u00a0 06\/02\/2007<\/li>\n<\/ul>\n<p>&nbsp;<\/p>\n<h3>Direcci\u00f3n y tribunal<\/h3>\n<ul>\n<li><strong>Director de la tesis<\/strong>\n<ul>\n<li>Jordi Casassas Ymbert<\/li>\n<\/ul>\n<\/li>\n<li><strong>Tribunal<\/strong>\n<ul>\n<li>Presidente del tribunal: teresa Abell\u00f3  g\u00ed\u00bcell <\/li>\n<li>josep Mar\u00eda Roig rosich (vocal)<\/li>\n<li> Figuerola i garreta jordi (vocal)<\/li>\n<li>Manuel Lladonosa vall-llebrera (vocal)<\/li>\n<\/ul>\n<\/li>\n<\/ul>\n<p>&nbsp;<\/p>\n","protected":false},"excerpt":{"rendered":"<p>Tesis doctoral de Janete Silveira Abrao Este estudio tiene por objetivo fundamentar el an\u00e1lisis y la interpretaci\u00f3n de la \u00abconstrucci\u00f3n\u00bb [&hellip;]<\/p>\n","protected":false},"author":1,"featured_media":0,"comment_status":"open","ping_status":"open","sticky":false,"template":"","format":"standard","meta":{"site-sidebar-layout":"default","site-content-layout":"","ast-site-content-layout":"","site-content-style":"default","site-sidebar-style":"default","ast-global-header-display":"","ast-banner-title-visibility":"","ast-main-header-display":"","ast-hfb-above-header-display":"","ast-hfb-below-header-display":"","ast-hfb-mobile-header-display":"","site-post-title":"","ast-breadcrumbs-content":"","ast-featured-img":"","footer-sml-layout":"","theme-transparent-header-meta":"","adv-header-id-meta":"","stick-header-meta":"","header-above-stick-meta":"","header-main-stick-meta":"","header-below-stick-meta":"","astra-migrate-meta-layouts":"default","ast-page-background-enabled":"default","ast-page-background-meta":{"desktop":{"background-color":"var(--ast-global-color-4)","background-image":"","background-repeat":"repeat","background-position":"center center","background-size":"auto","background-attachment":"scroll","background-type":"","background-media":"","overlay-type":"","overlay-color":"","overlay-gradient":""},"tablet":{"background-color":"","background-image":"","background-repeat":"repeat","background-position":"center center","background-size":"auto","background-attachment":"scroll","background-type":"","background-media":"","overlay-type":"","overlay-color":"","overlay-gradient":""},"mobile":{"background-color":"","background-image":"","background-repeat":"repeat","background-position":"center center","background-size":"auto","background-attachment":"scroll","background-type":"","background-media":"","overlay-type":"","overlay-color":"","overlay-gradient":""}},"ast-content-background-meta":{"desktop":{"background-color":"var(--ast-global-color-5)","background-image":"","background-repeat":"repeat","background-position":"center center","background-size":"auto","background-attachment":"scroll","background-type":"","background-media":"","overlay-type":"","overlay-color":"","overlay-gradient":""},"tablet":{"background-color":"var(--ast-global-color-5)","background-image":"","background-repeat":"repeat","background-position":"center center","background-size":"auto","background-attachment":"scroll","background-type":"","background-media":"","overlay-type":"","overlay-color":"","overlay-gradient":""},"mobile":{"background-color":"var(--ast-global-color-5)","background-image":"","background-repeat":"repeat","background-position":"center center","background-size":"auto","background-attachment":"scroll","background-type":"","background-media":"","overlay-type":"","overlay-color":"","overlay-gradient":""}},"footnotes":""},"categories":[951,1816,3538,3727],"tags":[42163,125772,19127,125773,37823,66360],"class_list":["post-56921","post","type-post","status-publish","format-standard","hentry","category-barcelona","category-historia-contemporanea","category-historia-de-las-ideas-politicas","category-teorias-y-metodos-historicos","tag-figuerola-i-garreta-jordi","tag-janete-silveira-abrao","tag-jordi-casassas-ymbert","tag-josep-maria-roig-rosich","tag-manuel-lladonosa-vall-llebrera","tag-teresa-abello-giell"],"_links":{"self":[{"href":"https:\/\/www.deberes.net\/tesis\/wp-json\/wp\/v2\/posts\/56921","targetHints":{"allow":["GET"]}}],"collection":[{"href":"https:\/\/www.deberes.net\/tesis\/wp-json\/wp\/v2\/posts"}],"about":[{"href":"https:\/\/www.deberes.net\/tesis\/wp-json\/wp\/v2\/types\/post"}],"author":[{"embeddable":true,"href":"https:\/\/www.deberes.net\/tesis\/wp-json\/wp\/v2\/users\/1"}],"replies":[{"embeddable":true,"href":"https:\/\/www.deberes.net\/tesis\/wp-json\/wp\/v2\/comments?post=56921"}],"version-history":[{"count":0,"href":"https:\/\/www.deberes.net\/tesis\/wp-json\/wp\/v2\/posts\/56921\/revisions"}],"wp:attachment":[{"href":"https:\/\/www.deberes.net\/tesis\/wp-json\/wp\/v2\/media?parent=56921"}],"wp:term":[{"taxonomy":"category","embeddable":true,"href":"https:\/\/www.deberes.net\/tesis\/wp-json\/wp\/v2\/categories?post=56921"},{"taxonomy":"post_tag","embeddable":true,"href":"https:\/\/www.deberes.net\/tesis\/wp-json\/wp\/v2\/tags?post=56921"}],"curies":[{"name":"wp","href":"https:\/\/api.w.org\/{rel}","templated":true}]}}