{"id":56924,"date":"2007-07-02T00:00:00","date_gmt":"2007-07-02T00:00:00","guid":{"rendered":"https:\/\/www.deberes.net\/tesis\/sin-categoria\/el-suicidio-consumado-en-la-raya-extremena-en-el-decenio-1990-1999\/"},"modified":"2007-07-02T00:00:00","modified_gmt":"2007-07-02T00:00:00","slug":"el-suicidio-consumado-en-la-raya-extremena-en-el-decenio-1990-1999","status":"publish","type":"post","link":"https:\/\/www.deberes.net\/tesis\/extremadura\/el-suicidio-consumado-en-la-raya-extremena-en-el-decenio-1990-1999\/","title":{"rendered":"El suicidio consumado en la raya extreme\u00f1a en el decenio 1990-1999"},"content":{"rendered":"<h2>Tesis doctoral de <strong>  Rebosa Dominguez Luis Fernando <\/strong><\/h2>\n<p>Introducci\u00f3n     el suicidio es un fen\u00f3meno universal que ha estado presente en la historia del hombre desde sus principios. Y, aunque a lo largo de la historia se le ha dado en las distintas sociedades un tratamiento muy disipar, hoy en d\u00eda cobra una gran importancia llegando a constituir un verdadero problema de salud p\u00fablica.  objetivos    conocer la tasa real de suicidio consumado acaecido en la raya extreme\u00f1a durante el decenio 1990-1999. Se determinan las caracter\u00edsticas del acto suicida y de la v\u00edctima, evaluando factores personales y sociales como factores de riesgo. As\u00ed mismo se elaboran una serie de propuestas de intervenci\u00f3n desde atenci\u00f3n primaria (ap).  dise\u00f1o     estudio epidemiol\u00f3gico retrospectivo.  material y m\u00e9todo     las fuentes empleadas son los expedientes judiciales en los que se concluye un origen medico-legal suicida como causa de la muerte archivados en los juzgados de primera instancia e instrucci\u00f3n de los seis partido judiciales que integran la raya extreme\u00f1a. De las diligencia policiales y judiciales se extraen los datos que seg\u00fan nuestro protocolo eran de inter\u00e9s realizando estad\u00edstica descriptiva y contraste de hip\u00f3tesis mediante el programa spss 11.0.  resultados     durante el decenio 1990-1999 se registran en la raya extreme\u00f1a un total de 339 muertes de etiolog\u00eda m\u00e9dico-legal suicida con una tasa media de 8,10 suicidios por 100.000 habitantes y a\u00f1os. Esta tasa supera ampliamente a la que se obtiene por los datos suministrados por el instituto nacional de estad\u00edstica para el mismo periodo en extremadura (5,13) y para toda espa\u00f1a (5,38). La tasa especifica es mayor en el medio rural que en el urbano. Es m\u00e1s frecuente en varones con una relaci\u00f3n hombre\/mujer de 3\/1. El mayor n\u00famero de absoluto de suicidios y la tasa espec\u00edfica media m\u00e1s elevada, superior a los 18 suicidios por 100.000 habitantes y a\u00f1o, los encontramos entre los mayores de 64 a\u00f1os. Predomina el suicidio consumado entre l<\/p>\n<p>&nbsp;<\/p>\n<h3>Datos acad\u00e9micos de la tesis doctoral \u00ab<strong>El suicidio consumado en la raya extreme\u00f1a en el decenio 1990-1999<\/strong>\u00ab<\/h3>\n<ul>\n<li><strong>T\u00edtulo de la tesis:<\/strong>\u00a0 El suicidio consumado en la raya extreme\u00f1a en el decenio 1990-1999 <\/li>\n<li><strong>Autor:<\/strong>\u00a0  Rebosa Dominguez Luis Fernando <\/li>\n<li><strong>Universidad:<\/strong>\u00a0 Extremadura<\/li>\n<li><strong>Fecha de lectura de la tesis:<\/strong>\u00a0 07\/02\/2007<\/li>\n<\/ul>\n<p>&nbsp;<\/p>\n<h3>Direcci\u00f3n y tribunal<\/h3>\n<ul>\n<li><strong>Director de la tesis<\/strong>\n<ul>\n<li>Mar\u00eda no Casado Blanco<\/li>\n<\/ul>\n<\/li>\n<li><strong>Tribunal<\/strong>\n<ul>\n<li>Presidente del tribunal: Francisco jose Vaz leal <\/li>\n<li>ramona Jimenez romano (vocal)<\/li>\n<li> S\u00e1nchez s\u00e1nchez Jos\u00e9 Antonio (vocal)<\/li>\n<li>  (vocal)<\/li>\n<\/ul>\n<\/li>\n<\/ul>\n<p>&nbsp;<\/p>\n","protected":false},"excerpt":{"rendered":"<p>Tesis doctoral de Rebosa Dominguez Luis Fernando Introducci\u00f3n el suicidio es un fen\u00f3meno universal que ha estado presente en la [&hellip;]<\/p>\n","protected":false},"author":1,"featured_media":0,"comment_status":"open","ping_status":"open","sticky":false,"template":"","format":"standard","meta":{"site-sidebar-layout":"default","site-content-layout":"","ast-site-content-layout":"","site-content-style":"default","site-sidebar-style":"default","ast-global-header-display":"","ast-banner-title-visibility":"","ast-main-header-display":"","ast-hfb-above-header-display":"","ast-hfb-below-header-display":"","ast-hfb-mobile-header-display":"","site-post-title":"","ast-breadcrumbs-content":"","ast-featured-img":"","footer-sml-layout":"","theme-transparent-header-meta":"","adv-header-id-meta":"","stick-header-meta":"","header-above-stick-meta":"","header-main-stick-meta":"","header-below-stick-meta":"","astra-migrate-meta-layouts":"default","ast-page-background-enabled":"default","ast-page-background-meta":{"desktop":{"background-color":"var(--ast-global-color-4)","background-image":"","background-repeat":"repeat","background-position":"center center","background-size":"auto","background-attachment":"scroll","background-type":"","background-media":"","overlay-type":"","overlay-color":"","overlay-gradient":""},"tablet":{"background-color":"","background-image":"","background-repeat":"repeat","background-position":"center center","background-size":"auto","background-attachment":"scroll","background-type":"","background-media":"","overlay-type":"","overlay-color":"","overlay-gradient":""},"mobile":{"background-color":"","background-image":"","background-repeat":"repeat","background-position":"center center","background-size":"auto","background-attachment":"scroll","background-type":"","background-media":"","overlay-type":"","overlay-color":"","overlay-gradient":""}},"ast-content-background-meta":{"desktop":{"background-color":"var(--ast-global-color-5)","background-image":"","background-repeat":"repeat","background-position":"center center","background-size":"auto","background-attachment":"scroll","background-type":"","background-media":"","overlay-type":"","overlay-color":"","overlay-gradient":""},"tablet":{"background-color":"var(--ast-global-color-5)","background-image":"","background-repeat":"repeat","background-position":"center center","background-size":"auto","background-attachment":"scroll","background-type":"","background-media":"","overlay-type":"","overlay-color":"","overlay-gradient":""},"mobile":{"background-color":"var(--ast-global-color-5)","background-image":"","background-repeat":"repeat","background-position":"center center","background-size":"auto","background-attachment":"scroll","background-type":"","background-media":"","overlay-type":"","overlay-color":"","overlay-gradient":""}},"footnotes":""},"categories":[1086,949,968],"tags":[20801,33349,125776,125775,12665],"class_list":["post-56924","post","type-post","status-publish","format-standard","hentry","category-epidemiologia","category-extremadura","category-medicina-forense","tag-francisco-jose-vaz-leal","tag-maria-no-casado-blanco","tag-ramona-jimenez-romano","tag-rebosa-dominguez-luis-fernando","tag-sanchez-sanchez-jose-antonio"],"_links":{"self":[{"href":"https:\/\/www.deberes.net\/tesis\/wp-json\/wp\/v2\/posts\/56924","targetHints":{"allow":["GET"]}}],"collection":[{"href":"https:\/\/www.deberes.net\/tesis\/wp-json\/wp\/v2\/posts"}],"about":[{"href":"https:\/\/www.deberes.net\/tesis\/wp-json\/wp\/v2\/types\/post"}],"author":[{"embeddable":true,"href":"https:\/\/www.deberes.net\/tesis\/wp-json\/wp\/v2\/users\/1"}],"replies":[{"embeddable":true,"href":"https:\/\/www.deberes.net\/tesis\/wp-json\/wp\/v2\/comments?post=56924"}],"version-history":[{"count":0,"href":"https:\/\/www.deberes.net\/tesis\/wp-json\/wp\/v2\/posts\/56924\/revisions"}],"wp:attachment":[{"href":"https:\/\/www.deberes.net\/tesis\/wp-json\/wp\/v2\/media?parent=56924"}],"wp:term":[{"taxonomy":"category","embeddable":true,"href":"https:\/\/www.deberes.net\/tesis\/wp-json\/wp\/v2\/categories?post=56924"},{"taxonomy":"post_tag","embeddable":true,"href":"https:\/\/www.deberes.net\/tesis\/wp-json\/wp\/v2\/tags?post=56924"}],"curies":[{"name":"wp","href":"https:\/\/api.w.org\/{rel}","templated":true}]}}