{"id":56948,"date":"2007-09-02T00:00:00","date_gmt":"2007-09-02T00:00:00","guid":{"rendered":"https:\/\/www.deberes.net\/tesis\/sin-categoria\/deriva-frecuencial-de-la-transmision-electromagnetica-por-efecto-del-medio\/"},"modified":"2007-09-02T00:00:00","modified_gmt":"2007-09-02T00:00:00","slug":"deriva-frecuencial-de-la-transmision-electromagnetica-por-efecto-del-medio","status":"publish","type":"post","link":"https:\/\/www.deberes.net\/tesis\/arquitectura-de-ordenadores\/deriva-frecuencial-de-la-transmision-electromagnetica-por-efecto-del-medio\/","title":{"rendered":"Deriva frecuencial de la transmisi\u00f3n electromagn\u00e9tica por efecto del medio"},"content":{"rendered":"<h2>Tesis doctoral de <strong> Francisco Javier Ferrandez Pastor <\/strong><\/h2>\n<p>La tesis propone un m\u00e9todo de tratamiento diferencial en la recepci\u00f3n de ondas electromagn\u00e9ticas y las aplicaciones que de \u00e9l se derivan. Los fen\u00f3menos de interacci\u00f3n producidos durante la transmisi\u00f3n de las ondas electromagn\u00e9ticas son utilizados en diferentes disciplinas que analizan las caracter\u00edsticas o estado del medio que atraviesan. entre ellas, a partir de la observaci\u00f3n de estos fen\u00f3menos, se anuncia una hip\u00f3tesis de trabajo que pretende sacar partido de un hecho contrastado: diferentes frecuencias inducen diferencias en la interacci\u00f3n para un mismo medio. Se ha desarrollado una herramienta de simulaci\u00f3n que resuelve las ecuaciones electromagn\u00e9ticas con m\u00e9todos num\u00e9ricos para cuantificar la interacci\u00f3n entre la onda y el medio. Su justificaci\u00f3n estriba en que constituye un paso previo a la construcci\u00f3n de cualquier soluci\u00f3n hardware especializada. El simulador, adem\u00e1s, se ha dise\u00f1ado en concordancia con los planteamientos de la corriente metodol\u00f3gica denominada ciencia, tecnolog\u00eda y sociedad (cts) que reconoce la influencia de diferentes aspectos sociales en el desarrollo cient\u00edfico y que, como consecuencia, tambi\u00e9n valora la transmisi\u00f3n y el acceso a los conocimeintos para que puedan ser comprendidos y utilizados de forma universal. en este sentido, la herramienta de simulaci\u00f3n incorpora utilidades que hacen accesible tanto la comprensi\u00f3n de los fen\u00f3menos f\u00edsicos producidos como la interacci\u00f3n o modificaci\u00f3n de los algoritmos que resuelven el problema de interacci\u00f3n entre onda y medio f\u00edsico. Los sistemas de posiconamiento por sat\u00e9lite, la geolog\u00eda, la geodesia o la meteorolog\u00eda son ejemplos de los diferentes escenarios de trabajo posibles.  generalmente se trabaja con frecuencia que maximizan la interacci\u00f3n onda-medio para, de ese modo, poder medir en la recepci\u00f3n los efectos producidos. as\u00ed, desde el rango de las microondas hasta el espectro visible la elecci\u00f3n depende de factores como las caracter\u00edsticas de<\/p>\n<p>&nbsp;<\/p>\n<h3>Datos acad\u00e9micos de la tesis doctoral \u00ab<strong>Deriva frecuencial de la transmisi\u00f3n electromagn\u00e9tica por efecto del medio<\/strong>\u00ab<\/h3>\n<ul>\n<li><strong>T\u00edtulo de la tesis:<\/strong>\u00a0 Deriva frecuencial de la transmisi\u00f3n electromagn\u00e9tica por efecto del medio <\/li>\n<li><strong>Autor:<\/strong>\u00a0 Francisco Javier Ferrandez Pastor <\/li>\n<li><strong>Universidad:<\/strong>\u00a0 Alicante<\/li>\n<li><strong>Fecha de lectura de la tesis:<\/strong>\u00a0 09\/02\/2007<\/li>\n<\/ul>\n<p>&nbsp;<\/p>\n<h3>Direcci\u00f3n y tribunal<\/h3>\n<ul>\n<li><strong>Director de la tesis<\/strong>\n<ul>\n<li>Juan  Manuel Garc\u00eda Chamizo<\/li>\n<\/ul>\n<\/li>\n<li><strong>Tribunal<\/strong>\n<ul>\n<li>Presidente del tribunal: alfons Crespo lorente <\/li>\n<li>Jos\u00e9 Simo ten (vocal)<\/li>\n<li>felipe S\u00e1nchez mateos (vocal)<\/li>\n<li>Francisco Escolano ru\u00edz (vocal)<\/li>\n<\/ul>\n<\/li>\n<\/ul>\n<p>&nbsp;<\/p>\n","protected":false},"excerpt":{"rendered":"<p>Tesis doctoral de Francisco Javier Ferrandez Pastor La tesis propone un m\u00e9todo de tratamiento diferencial en la recepci\u00f3n de ondas [&hellip;]<\/p>\n","protected":false},"author":1,"featured_media":0,"comment_status":"open","ping_status":"open","sticky":false,"template":"","format":"standard","meta":{"site-sidebar-layout":"default","site-content-layout":"","ast-site-content-layout":"","site-content-style":"default","site-sidebar-style":"default","ast-global-header-display":"","ast-banner-title-visibility":"","ast-main-header-display":"","ast-hfb-above-header-display":"","ast-hfb-below-header-display":"","ast-hfb-mobile-header-display":"","site-post-title":"","ast-breadcrumbs-content":"","ast-featured-img":"","footer-sml-layout":"","theme-transparent-header-meta":"","adv-header-id-meta":"","stick-header-meta":"","header-above-stick-meta":"","header-main-stick-meta":"","header-below-stick-meta":"","astra-migrate-meta-layouts":"default","ast-page-background-enabled":"default","ast-page-background-meta":{"desktop":{"background-color":"var(--ast-global-color-4)","background-image":"","background-repeat":"repeat","background-position":"center center","background-size":"auto","background-attachment":"scroll","background-type":"","background-media":"","overlay-type":"","overlay-color":"","overlay-gradient":""},"tablet":{"background-color":"","background-image":"","background-repeat":"repeat","background-position":"center center","background-size":"auto","background-attachment":"scroll","background-type":"","background-media":"","overlay-type":"","overlay-color":"","overlay-gradient":""},"mobile":{"background-color":"","background-image":"","background-repeat":"repeat","background-position":"center center","background-size":"auto","background-attachment":"scroll","background-type":"","background-media":"","overlay-type":"","overlay-color":"","overlay-gradient":""}},"ast-content-background-meta":{"desktop":{"background-color":"var(--ast-global-color-5)","background-image":"","background-repeat":"repeat","background-position":"center center","background-size":"auto","background-attachment":"scroll","background-type":"","background-media":"","overlay-type":"","overlay-color":"","overlay-gradient":""},"tablet":{"background-color":"var(--ast-global-color-5)","background-image":"","background-repeat":"repeat","background-position":"center center","background-size":"auto","background-attachment":"scroll","background-type":"","background-media":"","overlay-type":"","overlay-color":"","overlay-gradient":""},"mobile":{"background-color":"var(--ast-global-color-5)","background-image":"","background-repeat":"repeat","background-position":"center center","background-size":"auto","background-attachment":"scroll","background-type":"","background-media":"","overlay-type":"","overlay-color":"","overlay-gradient":""}},"footnotes":""},"categories":[19166,4810,44209],"tags":[19317,6127,125831,125830,62438,19314],"class_list":["post-56948","post","type-post","status-publish","format-standard","hentry","category-alicante","category-arquitectura-de-ordenadores","category-ordenadores-digitales","tag-alfons-crespo-lorente","tag-felipe-sanchez-mateos","tag-francisco-escolano-ruiz","tag-francisco-javier-ferrandez-pastor","tag-jose-simo-ten","tag-juan-manuel-garcia-chamizo"],"_links":{"self":[{"href":"https:\/\/www.deberes.net\/tesis\/wp-json\/wp\/v2\/posts\/56948","targetHints":{"allow":["GET"]}}],"collection":[{"href":"https:\/\/www.deberes.net\/tesis\/wp-json\/wp\/v2\/posts"}],"about":[{"href":"https:\/\/www.deberes.net\/tesis\/wp-json\/wp\/v2\/types\/post"}],"author":[{"embeddable":true,"href":"https:\/\/www.deberes.net\/tesis\/wp-json\/wp\/v2\/users\/1"}],"replies":[{"embeddable":true,"href":"https:\/\/www.deberes.net\/tesis\/wp-json\/wp\/v2\/comments?post=56948"}],"version-history":[{"count":0,"href":"https:\/\/www.deberes.net\/tesis\/wp-json\/wp\/v2\/posts\/56948\/revisions"}],"wp:attachment":[{"href":"https:\/\/www.deberes.net\/tesis\/wp-json\/wp\/v2\/media?parent=56948"}],"wp:term":[{"taxonomy":"category","embeddable":true,"href":"https:\/\/www.deberes.net\/tesis\/wp-json\/wp\/v2\/categories?post=56948"},{"taxonomy":"post_tag","embeddable":true,"href":"https:\/\/www.deberes.net\/tesis\/wp-json\/wp\/v2\/tags?post=56948"}],"curies":[{"name":"wp","href":"https:\/\/api.w.org\/{rel}","templated":true}]}}