{"id":56964,"date":"2007-09-02T00:00:00","date_gmt":"2007-09-02T00:00:00","guid":{"rendered":"https:\/\/www.deberes.net\/tesis\/sin-categoria\/el-autoconcepto-fa%c2%adsico-estructura-interna-medida-y-variabilidad\/"},"modified":"2007-09-02T00:00:00","modified_gmt":"2007-09-02T00:00:00","slug":"el-autoconcepto-fa%c2%adsico-estructura-interna-medida-y-variabilidad","status":"publish","type":"post","link":"https:\/\/www.deberes.net\/tesis\/pais-vasco-euskal-herriko-unibertsitatea\/el-autoconcepto-fa%c2%adsico-estructura-interna-medida-y-variabilidad\/","title":{"rendered":"El autoconcepto f\u00edsico: estructura interna, medida y variabilidad"},"content":{"rendered":"<h2>Tesis doctoral de <strong>  Ruiz De Az\u00faa Garc\u00eda Sonia <\/strong><\/h2>\n<p>El autoconcepto es una de las tem\u00e1ticas a la que la psicolog\u00eda ha dedicado atenci\u00f3n preferente no s\u00f3lo el papel central que juega en el dinamismo personal sino tambi\u00e9n por las relaciones que mantiene con numerosos factores psicol\u00f3gicos. Una delas cuestiones m\u00e1s decisivas, y a\u00fan no plenamente esclarecida, es la de la estructura interna del autoconcepto. hist\u00f3ricamente ha predominado una concepci\u00f3n unidimensional, pero desde mediados de los a\u00f1os setenta se generaliza la concepci\u00f3n jer\u00e1rquica y multidimensional del mismo proponi\u00e9ndose distintos modelos explicativos. La concepci\u00f3n multidimensional incluye la presunci\u00f3n de que consta de varios dominios (el acad\u00e9mico, el f\u00edsico, el personal y el social) los cuales, a su vez, se componen de dimensiones m\u00e1s espec\u00edficas. A partir delos a\u00f1os noventa, se genera una interesante l\u00ednea de investigaic\u00f3n interesada por identificar y medir estas dimensiones, cuyo n\u00famero o identidad son a\u00fan objeto de estudio.     el prop\u00f3sito principal de esta tesis es la construcci\u00f3n de un instrumento fiable y v\u00e1lido para la medida del autoconcepto f\u00edsico en lengua castellana. No se trata, sin embargo, de un estudio de car\u00e1cter meramente psicotecnol\u00f3gico ya que, aparte de su inter\u00e9s psicom\u00e9trico, aborda interrogantes te\u00f3ricos tan importantes como la estructura interna del autoconcepto f\u00edsico o su relaci\u00f3n con variables demogr\u00e1ficas y psicol\u00f3gicas.     han participado ene sta investigaic\u00f3n 2161 personas que cumplimentaron el cuestionario de autoconcepto f\u00edsico (caf) de go\u00f1i, ruiz de az\u00faa y rodr\u00edguez (2006). Este instrumento consta de seis escalas: la habilidad f\u00edsica, la condici\u00f3n f\u00edsica, el atractivo f\u00edsico, la fuerza, el autoconcepto f\u00edsico general y el autoconcepto general. El cuestionario alcanza unos \u00edndices de finalidad adecuados; el alfa de cronbach tanto del cuestionario general como de cada una de las escalas que lo componen social entre 0,8367 y 0,9403. Con respecto a la estructura facto<\/p>\n<p>&nbsp;<\/p>\n<h3>Datos acad\u00e9micos de la tesis doctoral \u00ab<strong>El autoconcepto f\u00edsico: estructura interna, medida y variabilidad<\/strong>\u00ab<\/h3>\n<ul>\n<li><strong>T\u00edtulo de la tesis:<\/strong>\u00a0 El autoconcepto f\u00edsico: estructura interna, medida y variabilidad <\/li>\n<li><strong>Autor:<\/strong>\u00a0  Ruiz De Az\u00faa Garc\u00eda Sonia <\/li>\n<li><strong>Universidad:<\/strong>\u00a0 Pa\u00eds vasco\/euskal herriko unibertsitatea<\/li>\n<li><strong>Fecha de lectura de la tesis:<\/strong>\u00a0 09\/02\/2007<\/li>\n<\/ul>\n<p>&nbsp;<\/p>\n<h3>Direcci\u00f3n y tribunal<\/h3>\n<ul>\n<li><strong>Director de la tesis<\/strong>\n<ul>\n<li>Alfredo Go\u00f1i Grandmontagne<\/li>\n<\/ul>\n<\/li>\n<li><strong>Tribunal<\/strong>\n<ul>\n<li>Presidente del tribunal: pauli Davila balsera <\/li>\n<li>Jos\u00e9 Mar\u00eda Roman sanchez (vocal)<\/li>\n<li>gonzalo Musitu ochoa (vocal)<\/li>\n<li>Juan  Luis Castej\u00f3n costa (vocal)<\/li>\n<\/ul>\n<\/li>\n<\/ul>\n<p>&nbsp;<\/p>\n","protected":false},"excerpt":{"rendered":"<p>Tesis doctoral de Ruiz De Az\u00faa Garc\u00eda Sonia El autoconcepto es una de las tem\u00e1ticas a la que la psicolog\u00eda [&hellip;]<\/p>\n","protected":false},"author":1,"featured_media":0,"comment_status":"open","ping_status":"open","sticky":false,"template":"","format":"standard","meta":{"site-sidebar-layout":"default","site-content-layout":"","ast-site-content-layout":"","site-content-style":"default","site-sidebar-style":"default","ast-global-header-display":"","ast-banner-title-visibility":"","ast-main-header-display":"","ast-hfb-above-header-display":"","ast-hfb-below-header-display":"","ast-hfb-mobile-header-display":"","site-post-title":"","ast-breadcrumbs-content":"","ast-featured-img":"","footer-sml-layout":"","theme-transparent-header-meta":"","adv-header-id-meta":"","stick-header-meta":"","header-above-stick-meta":"","header-main-stick-meta":"","header-below-stick-meta":"","astra-migrate-meta-layouts":"default","ast-page-background-enabled":"default","ast-page-background-meta":{"desktop":{"background-color":"var(--ast-global-color-4)","background-image":"","background-repeat":"repeat","background-position":"center center","background-size":"auto","background-attachment":"scroll","background-type":"","background-media":"","overlay-type":"","overlay-color":"","overlay-gradient":""},"tablet":{"background-color":"","background-image":"","background-repeat":"repeat","background-position":"center center","background-size":"auto","background-attachment":"scroll","background-type":"","background-media":"","overlay-type":"","overlay-color":"","overlay-gradient":""},"mobile":{"background-color":"","background-image":"","background-repeat":"repeat","background-position":"center center","background-size":"auto","background-attachment":"scroll","background-type":"","background-media":"","overlay-type":"","overlay-color":"","overlay-gradient":""}},"ast-content-background-meta":{"desktop":{"background-color":"var(--ast-global-color-5)","background-image":"","background-repeat":"repeat","background-position":"center center","background-size":"auto","background-attachment":"scroll","background-type":"","background-media":"","overlay-type":"","overlay-color":"","overlay-gradient":""},"tablet":{"background-color":"var(--ast-global-color-5)","background-image":"","background-repeat":"repeat","background-position":"center center","background-size":"auto","background-attachment":"scroll","background-type":"","background-media":"","overlay-type":"","overlay-color":"","overlay-gradient":""},"mobile":{"background-color":"var(--ast-global-color-5)","background-image":"","background-repeat":"repeat","background-position":"center center","background-size":"auto","background-attachment":"scroll","background-type":"","background-media":"","overlay-type":"","overlay-color":"","overlay-gradient":""}},"footnotes":""},"categories":[12909,125864],"tags":[28063,11387,5139,19437,69937,125865],"class_list":["post-56964","post","type-post","status-publish","format-standard","hentry","category-pais-vasco-euskal-herriko-unibertsitatea","category-percepcion-extrasensorial","tag-alfredo-goni-grandmontagne","tag-gonzalo-musitu-ochoa","tag-jose-maria-roman-sanchez","tag-juan-luis-castejon-costa","tag-pauli-davila-balsera","tag-ruiz-de-azua-garcia-sonia"],"_links":{"self":[{"href":"https:\/\/www.deberes.net\/tesis\/wp-json\/wp\/v2\/posts\/56964","targetHints":{"allow":["GET"]}}],"collection":[{"href":"https:\/\/www.deberes.net\/tesis\/wp-json\/wp\/v2\/posts"}],"about":[{"href":"https:\/\/www.deberes.net\/tesis\/wp-json\/wp\/v2\/types\/post"}],"author":[{"embeddable":true,"href":"https:\/\/www.deberes.net\/tesis\/wp-json\/wp\/v2\/users\/1"}],"replies":[{"embeddable":true,"href":"https:\/\/www.deberes.net\/tesis\/wp-json\/wp\/v2\/comments?post=56964"}],"version-history":[{"count":0,"href":"https:\/\/www.deberes.net\/tesis\/wp-json\/wp\/v2\/posts\/56964\/revisions"}],"wp:attachment":[{"href":"https:\/\/www.deberes.net\/tesis\/wp-json\/wp\/v2\/media?parent=56964"}],"wp:term":[{"taxonomy":"category","embeddable":true,"href":"https:\/\/www.deberes.net\/tesis\/wp-json\/wp\/v2\/categories?post=56964"},{"taxonomy":"post_tag","embeddable":true,"href":"https:\/\/www.deberes.net\/tesis\/wp-json\/wp\/v2\/tags?post=56964"}],"curies":[{"name":"wp","href":"https:\/\/api.w.org\/{rel}","templated":true}]}}