{"id":56983,"date":"2007-09-02T00:00:00","date_gmt":"2007-09-02T00:00:00","guid":{"rendered":"https:\/\/www.deberes.net\/tesis\/sin-categoria\/la-elite-rectora-de-la-capital-composicion-de-las-instituciones-politico-administrativas-de-santafe-de-bogota-durante-el-gobierno-del-virrey-pedro-mendinueta-y-muzquiz-1797-1803\/"},"modified":"2007-09-02T00:00:00","modified_gmt":"2007-09-02T00:00:00","slug":"la-elite-rectora-de-la-capital-composicion-de-las-instituciones-politico-administrativas-de-santafe-de-bogota-durante-el-gobierno-del-virrey-pedro-mendinueta-y-muzquiz-1797-1803","status":"publish","type":"post","link":"https:\/\/www.deberes.net\/tesis\/historia-moderna\/la-elite-rectora-de-la-capital-composicion-de-las-instituciones-politico-administrativas-de-santafe-de-bogota-durante-el-gobierno-del-virrey-pedro-mendinueta-y-muzquiz-1797-1803\/","title":{"rendered":"La elite rectora de la capital. composicion de las instituciones politico-administrativas de santafe de bogota durante el gobierno del virrey pedro mendinueta y muzquiz, 1797-1803"},"content":{"rendered":"<h2>Tesis doctoral de <strong> Juan a Mar\u00eda Marin Leoz <\/strong><\/h2>\n<p>Titulo: la \u00e9lite rectora de la capital.  Composici\u00f3n de las instituciones pol\u00edtico-administrativas de santafe de bogot\u00e1 durante el gobierno del virrey pedro mendinueta y muzquiz,  1797-1803  resumen: la investigaci\u00f3n se centra en la reconstrucci\u00f3n de las principales instituciones pol\u00edtico-administrativas de santaf\u00e9 -la audiencia, el cabildo, la secretaria de c\u00e1mara, la asesor\u00eda general, la escriban\u00eda de gobierno y guerra y el cabildo eclesi\u00e1stico- durante el mandato del virrey pedro mendinueta y m\u00fazquiz con el objetivo de realizar un seguimiento pormenorizado de la trayectoria personal y familiar de cada uno de sus componentes y, as\u00ed, analizar la din\u00e1mica de la \u00e9lite pol\u00edtica y sus mecanismos de perpetuaci\u00f3n. La identificaci\u00f3n de estos actores y la definici\u00f3n de sus estrategias., Tanto en el interior de una instituci\u00f3n concreta como entre los diferentes \u00e1mbitos de poder, eje central de nuestro estudio, permite delimitar las pervivencias y discontinuidades de las familias en las instituciones y, asimismo, profundizar en las circunstancias del entramado pol\u00edtico, econ\u00f3mico y social de la capital durante este periodo. Este an\u00e1lisis concreta, por un lado, la intrincada red de parentesco que recorr\u00eda todos los \u00e1mbitos gubernativos, en la que los matrimonios se convirtieron en el instrumento articulador de los mecanismos de control econ\u00f3mico y pol\u00edtico y, por otro, la existencia de relaciones familiares entre peninsulares y criollos -vinculaci\u00f3n que se daba en la mayor\u00eda de los funcionarios que llegaban al virreinato- que apuntan la necesidad de superar la importancia que se daba, y se da, en la historiograf\u00eda a los antagonismos entre los dos grupos. La conjunci\u00f3n de ambos factores evidencia como la influencia familiar no vendr\u00eda dada por el mayor o menor n\u00famero de criollos o peninsulares que formaban parte de los linajes, sino por la riqueza, el prestigio y, esencialmente, la capacidad para situar a sus miembros en los principales resortes del poder urbano. En consecuencia, el organigrama administrativo de la santaf\u00e9 tardocolonial se presenta como una realidad monopolizada por una minor\u00eda interrelacionada que detentaba tanto el poder pol\u00edtico y econ\u00f3mico como el prestigio social<\/p>\n<p>&nbsp;<\/p>\n<h3>Datos acad\u00e9micos de la tesis doctoral \u00ab<strong>La elite rectora de la capital. composicion de las instituciones politico-administrativas de santafe de bogota durante el gobierno del virrey pedro mendinueta y muzquiz, 1797-1803<\/strong>\u00ab<\/h3>\n<ul>\n<li><strong>T\u00edtulo de la tesis:<\/strong>\u00a0 La elite rectora de la capital. composicion de las instituciones politico-administrativas de santafe de bogota durante el gobierno del virrey pedro mendinueta y muzquiz, 1797-1803 <\/li>\n<li><strong>Autor:<\/strong>\u00a0 Juan a Mar\u00eda Marin Leoz <\/li>\n<li><strong>Universidad:<\/strong>\u00a0 Navarra<\/li>\n<li><strong>Fecha de lectura de la tesis:<\/strong>\u00a0 09\/02\/2007<\/li>\n<\/ul>\n<p>&nbsp;<\/p>\n<h3>Direcci\u00f3n y tribunal<\/h3>\n<ul>\n<li><strong>Director de la tesis<\/strong>\n<ul>\n<li>Mar\u00eda  Pilar Latasa Vassallo<\/li>\n<\/ul>\n<\/li>\n<li><strong>Tribunal<\/strong>\n<ul>\n<li>Presidente del tribunal: enriqueta Vila vilar <\/li>\n<li>Juan  bosco Amores carredano (vocal)<\/li>\n<li>allan Kuethe (vocal)<\/li>\n<li>alfredo Moreno cebri\u00e1n (vocal)<\/li>\n<\/ul>\n<\/li>\n<\/ul>\n<p>&nbsp;<\/p>\n","protected":false},"excerpt":{"rendered":"<p>Tesis doctoral de Juan a Mar\u00eda Marin Leoz Titulo: la \u00e9lite rectora de la capital. Composici\u00f3n de las instituciones pol\u00edtico-administrativas [&hellip;]<\/p>\n","protected":false},"author":1,"featured_media":0,"comment_status":"open","ping_status":"open","sticky":false,"template":"","format":"standard","meta":{"site-sidebar-layout":"default","site-content-layout":"","ast-site-content-layout":"","site-content-style":"default","site-sidebar-style":"default","ast-global-header-display":"","ast-banner-title-visibility":"","ast-main-header-display":"","ast-hfb-above-header-display":"","ast-hfb-below-header-display":"","ast-hfb-mobile-header-display":"","site-post-title":"","ast-breadcrumbs-content":"","ast-featured-img":"","footer-sml-layout":"","theme-transparent-header-meta":"","adv-header-id-meta":"","stick-header-meta":"","header-above-stick-meta":"","header-main-stick-meta":"","header-below-stick-meta":"","astra-migrate-meta-layouts":"default","ast-page-background-enabled":"default","ast-page-background-meta":{"desktop":{"background-color":"var(--ast-global-color-4)","background-image":"","background-repeat":"repeat","background-position":"center center","background-size":"auto","background-attachment":"scroll","background-type":"","background-media":"","overlay-type":"","overlay-color":"","overlay-gradient":""},"tablet":{"background-color":"","background-image":"","background-repeat":"repeat","background-position":"center center","background-size":"auto","background-attachment":"scroll","background-type":"","background-media":"","overlay-type":"","overlay-color":"","overlay-gradient":""},"mobile":{"background-color":"","background-image":"","background-repeat":"repeat","background-position":"center center","background-size":"auto","background-attachment":"scroll","background-type":"","background-media":"","overlay-type":"","overlay-color":"","overlay-gradient":""}},"ast-content-background-meta":{"desktop":{"background-color":"var(--ast-global-color-5)","background-image":"","background-repeat":"repeat","background-position":"center center","background-size":"auto","background-attachment":"scroll","background-type":"","background-media":"","overlay-type":"","overlay-color":"","overlay-gradient":""},"tablet":{"background-color":"var(--ast-global-color-5)","background-image":"","background-repeat":"repeat","background-position":"center center","background-size":"auto","background-attachment":"scroll","background-type":"","background-media":"","overlay-type":"","overlay-color":"","overlay-gradient":""},"mobile":{"background-color":"var(--ast-global-color-5)","background-image":"","background-repeat":"repeat","background-position":"center center","background-size":"auto","background-attachment":"scroll","background-type":"","background-media":"","overlay-type":"","overlay-color":"","overlay-gradient":""}},"footnotes":""},"categories":[989,17749],"tags":[71432,125903,11221,125901,59217,125902],"class_list":["post-56983","post","type-post","status-publish","format-standard","hentry","category-historia-moderna","category-navarra","tag-alfredo-moreno-cebrian","tag-allan-kuethe","tag-enriqueta-vila-vilar","tag-juan-a-maria-marin-leoz","tag-juan-bosco-amores-carredano","tag-maria-pilar-latasa-vassallo"],"_links":{"self":[{"href":"https:\/\/www.deberes.net\/tesis\/wp-json\/wp\/v2\/posts\/56983","targetHints":{"allow":["GET"]}}],"collection":[{"href":"https:\/\/www.deberes.net\/tesis\/wp-json\/wp\/v2\/posts"}],"about":[{"href":"https:\/\/www.deberes.net\/tesis\/wp-json\/wp\/v2\/types\/post"}],"author":[{"embeddable":true,"href":"https:\/\/www.deberes.net\/tesis\/wp-json\/wp\/v2\/users\/1"}],"replies":[{"embeddable":true,"href":"https:\/\/www.deberes.net\/tesis\/wp-json\/wp\/v2\/comments?post=56983"}],"version-history":[{"count":0,"href":"https:\/\/www.deberes.net\/tesis\/wp-json\/wp\/v2\/posts\/56983\/revisions"}],"wp:attachment":[{"href":"https:\/\/www.deberes.net\/tesis\/wp-json\/wp\/v2\/media?parent=56983"}],"wp:term":[{"taxonomy":"category","embeddable":true,"href":"https:\/\/www.deberes.net\/tesis\/wp-json\/wp\/v2\/categories?post=56983"},{"taxonomy":"post_tag","embeddable":true,"href":"https:\/\/www.deberes.net\/tesis\/wp-json\/wp\/v2\/tags?post=56983"}],"curies":[{"name":"wp","href":"https:\/\/api.w.org\/{rel}","templated":true}]}}