{"id":56994,"date":"2007-12-02T00:00:00","date_gmt":"2007-12-02T00:00:00","guid":{"rendered":"https:\/\/www.deberes.net\/tesis\/sin-categoria\/villas-reales-en-el-reino-de-leon-los-procesos-pobladores-de-fernando-ii-y-alfonso-ix-en-la-tierra-de-leon-y-sus-consecuencias\/"},"modified":"2007-12-02T00:00:00","modified_gmt":"2007-12-02T00:00:00","slug":"villas-reales-en-el-reino-de-leon-los-procesos-pobladores-de-fernando-ii-y-alfonso-ix-en-la-tierra-de-leon-y-sus-consecuencias","status":"publish","type":"post","link":"https:\/\/www.deberes.net\/tesis\/historia-medieval\/villas-reales-en-el-reino-de-leon-los-procesos-pobladores-de-fernando-ii-y-alfonso-ix-en-la-tierra-de-leon-y-sus-consecuencias\/","title":{"rendered":"Villas reales en el reino de le\u00f3n. los procesos pobladores de fernando ii y alfonso ix en la tierra de le\u00f3n y sus consecuencias"},"content":{"rendered":"<h2>Tesis doctoral de <strong>  Gonz\u00e1lez Ramos Jos\u00e9 Ignacio <\/strong><\/h2>\n<p>Entre 1157 y 1230, durante los reinados de fernando ii y alfonso ix de le\u00f3n, se desarrolla un proceso de urbanizaci\u00f3n, cuyo resultado es un semillero de villas nuevas en todo el reino. Esta tesis estudia ese proceso en el espacio conocido hist\u00f3ricamente como la \u00abtierra de le\u00f3n\u00bb. Este espacio se sit\u00faa entre la frontera castellana, galicia, la cordillera cant\u00e1brica y el duero. La tesis analiza el nacimiento y desarrollo de las villas hasta mediados del siglo xiv.  el trabajo se estructura en dos partes.     la primera parte se abre con una introducci\u00f3n general, a la que siguen estudios monogr\u00e1ficos sobre las villas de benavente, villalpando, mayorga, mansilla de las mulas, Valencia de don juan. Villafranca del bierzo y rueda del almirante.     en la segunda parte se hace un an\u00e1lisis general de los procesos pobladores conducidos por los reyes leoneses y de sus consecuencias, est\u00e1 organizado en tres cap\u00edtulos, que tratan de las relaciones entre la sociedad y el espacio, la naturaleza y funcionamiento de las instituciones locales, y las l\u00edneas maestras de la pol\u00edtica regia respecto a las villas y sus consejos. Entre las conclusiones del estudio destacan las siguientes. Las villas nuevas constituyen una f\u00f3rmula de utilizaci\u00f3n del realengo radicalmente diferentes de la de per\u00edodos anteriores, lo cual se debe al protagonismo de \u00abpopulatores\u00bb y concejos. Las villas contribuyeron a modificar el poblamiento y la organizaci\u00f3n territorial y administrativa del reino, una de cuyas facetas es la reorganizaci\u00f3n de la fiscalizada, que tiene su punto de partida en el reinado de alfonso x. En otro orden de cosas, las villas se constituyen en centros econ\u00f3micos comarcales a trav\u00e9s del mercado, y a escala pol\u00edtica su protagonismo se desarrolla particularmente a trav\u00e9s de las cortes.<\/p>\n<p>&nbsp;<\/p>\n<h3>Datos acad\u00e9micos de la tesis doctoral \u00ab<strong>Villas reales en el reino de le\u00f3n. los procesos pobladores de fernando ii y alfonso ix en la tierra de le\u00f3n y sus consecuencias<\/strong>\u00ab<\/h3>\n<ul>\n<li><strong>T\u00edtulo de la tesis:<\/strong>\u00a0 Villas reales en el reino de le\u00f3n. los procesos pobladores de fernando ii y alfonso ix en la tierra de le\u00f3n y sus consecuencias <\/li>\n<li><strong>Autor:<\/strong>\u00a0  Gonz\u00e1lez Ramos Jos\u00e9 Ignacio <\/li>\n<li><strong>Universidad:<\/strong>\u00a0 Valladolid<\/li>\n<li><strong>Fecha de lectura de la tesis:<\/strong>\u00a0 12\/02\/2007<\/li>\n<\/ul>\n<p>&nbsp;<\/p>\n<h3>Direcci\u00f3n y tribunal<\/h3>\n<ul>\n<li><strong>Director de la tesis<\/strong>\n<ul>\n<li>Pascual Mart\u00ednez Sopena<\/li>\n<\/ul>\n<\/li>\n<li><strong>Tribunal<\/strong>\n<ul>\n<li>Presidente del tribunal: julio Valde\u00f3n baruque <\/li>\n<li>Carlos Estepa d\u00edez (vocal)<\/li>\n<li>Miguel \u00e1ngel Ladero quesada (vocal)<\/li>\n<li>Carlos Laliena corbera (vocal)<\/li>\n<\/ul>\n<\/li>\n<\/ul>\n<p>&nbsp;<\/p>\n","protected":false},"excerpt":{"rendered":"<p>Tesis doctoral de Gonz\u00e1lez Ramos Jos\u00e9 Ignacio Entre 1157 y 1230, durante los reinados de fernando ii y alfonso ix [&hellip;]<\/p>\n","protected":false},"author":1,"featured_media":0,"comment_status":"open","ping_status":"open","sticky":false,"template":"","format":"standard","meta":{"site-sidebar-layout":"default","site-content-layout":"","ast-site-content-layout":"","site-content-style":"default","site-sidebar-style":"default","ast-global-header-display":"","ast-banner-title-visibility":"","ast-main-header-display":"","ast-hfb-above-header-display":"","ast-hfb-below-header-display":"","ast-hfb-mobile-header-display":"","site-post-title":"","ast-breadcrumbs-content":"","ast-featured-img":"","footer-sml-layout":"","theme-transparent-header-meta":"","adv-header-id-meta":"","stick-header-meta":"","header-above-stick-meta":"","header-main-stick-meta":"","header-below-stick-meta":"","astra-migrate-meta-layouts":"default","ast-page-background-enabled":"default","ast-page-background-meta":{"desktop":{"background-color":"var(--ast-global-color-4)","background-image":"","background-repeat":"repeat","background-position":"center center","background-size":"auto","background-attachment":"scroll","background-type":"","background-media":"","overlay-type":"","overlay-color":"","overlay-gradient":""},"tablet":{"background-color":"","background-image":"","background-repeat":"repeat","background-position":"center center","background-size":"auto","background-attachment":"scroll","background-type":"","background-media":"","overlay-type":"","overlay-color":"","overlay-gradient":""},"mobile":{"background-color":"","background-image":"","background-repeat":"repeat","background-position":"center center","background-size":"auto","background-attachment":"scroll","background-type":"","background-media":"","overlay-type":"","overlay-color":"","overlay-gradient":""}},"ast-content-background-meta":{"desktop":{"background-color":"var(--ast-global-color-5)","background-image":"","background-repeat":"repeat","background-position":"center center","background-size":"auto","background-attachment":"scroll","background-type":"","background-media":"","overlay-type":"","overlay-color":"","overlay-gradient":""},"tablet":{"background-color":"var(--ast-global-color-5)","background-image":"","background-repeat":"repeat","background-position":"center center","background-size":"auto","background-attachment":"scroll","background-type":"","background-media":"","overlay-type":"","overlay-color":"","overlay-gradient":""},"mobile":{"background-color":"var(--ast-global-color-5)","background-image":"","background-repeat":"repeat","background-position":"center center","background-size":"auto","background-attachment":"scroll","background-type":"","background-media":"","overlay-type":"","overlay-color":"","overlay-gradient":""}},"footnotes":""},"categories":[119,981,3621,3193,12451],"tags":[5944,49055,125930,12714,5296,41764],"class_list":["post-56994","post","type-post","status-publish","format-standard","hentry","category-historia-medieval","category-historia-regional","category-organizacion-juridica","category-teoria-y-metodos-generales-del-derecho","category-valladolid","tag-carlos-estepa-diez","tag-carlos-laliena-corbera","tag-gonzalez-ramos-jose-ignacio","tag-julio-valdeon-baruque","tag-miguel-angel-ladero-quesada","tag-pascual-Martinez-sopena"],"_links":{"self":[{"href":"https:\/\/www.deberes.net\/tesis\/wp-json\/wp\/v2\/posts\/56994","targetHints":{"allow":["GET"]}}],"collection":[{"href":"https:\/\/www.deberes.net\/tesis\/wp-json\/wp\/v2\/posts"}],"about":[{"href":"https:\/\/www.deberes.net\/tesis\/wp-json\/wp\/v2\/types\/post"}],"author":[{"embeddable":true,"href":"https:\/\/www.deberes.net\/tesis\/wp-json\/wp\/v2\/users\/1"}],"replies":[{"embeddable":true,"href":"https:\/\/www.deberes.net\/tesis\/wp-json\/wp\/v2\/comments?post=56994"}],"version-history":[{"count":0,"href":"https:\/\/www.deberes.net\/tesis\/wp-json\/wp\/v2\/posts\/56994\/revisions"}],"wp:attachment":[{"href":"https:\/\/www.deberes.net\/tesis\/wp-json\/wp\/v2\/media?parent=56994"}],"wp:term":[{"taxonomy":"category","embeddable":true,"href":"https:\/\/www.deberes.net\/tesis\/wp-json\/wp\/v2\/categories?post=56994"},{"taxonomy":"post_tag","embeddable":true,"href":"https:\/\/www.deberes.net\/tesis\/wp-json\/wp\/v2\/tags?post=56994"}],"curies":[{"name":"wp","href":"https:\/\/api.w.org\/{rel}","templated":true}]}}