{"id":57003,"date":"2018-03-09T22:44:47","date_gmt":"2018-03-09T22:44:47","guid":{"rendered":"https:\/\/www.deberes.net\/tesis\/sin-categoria\/teoria-de-copulas-aplicada-a-la-prediccion\/"},"modified":"2018-03-09T22:44:47","modified_gmt":"2018-03-09T22:44:47","slug":"teoria-de-copulas-aplicada-a-la-prediccion","status":"publish","type":"post","link":"https:\/\/www.deberes.net\/tesis\/sin-categoria\/teoria-de-copulas-aplicada-a-la-prediccion\/","title":{"rendered":"Teor\u00eda de c\u00f3pulas aplicada a la predicci\u00f3n"},"content":{"rendered":"<h2>Tesis doctoral de <strong> Daniel V\u00e9lez Serrano <\/strong><\/h2>\n<p>Se propone la creaci\u00f3n de modelo de c\u00f3pulas para la aplicaci\u00f3n a la predicciones e considerar\u00e1n medidas de dependencia entre dos variables y se establecen c\u00f3pulas que reflejen dicha dependencia. Se utilizan dichas c\u00f3pulas a un problema concreto de predicci\u00f3n de picos de demanda energ\u00e9tica diaria (gas o electricidad a corto y medio plazo. La tesis est\u00e1 estructurada en siete cap\u00edtulos y un ap\u00e9ndice. Supone adem\u00e1s una innovaci\u00f3n en la utilizaci\u00f3n de las c\u00f3pulas en la predicci\u00f3n.<\/p>\n<p>&nbsp;<\/p>\n<h3>Datos acad\u00e9micos de la tesis doctoral \u00ab<strong>Teor\u00eda de c\u00f3pulas aplicada a la predicci\u00f3n<\/strong>\u00ab<\/h3>\n<ul>\n<li><strong>T\u00edtulo de la tesis:<\/strong>\u00a0 Teor\u00eda de c\u00f3pulas aplicada a la predicci\u00f3n <\/li>\n<li><strong>Autor:<\/strong>\u00a0 Daniel V\u00e9lez Serrano <\/li>\n<li><strong>Universidad:<\/strong>\u00a0 Complutense de Madrid<\/li>\n<li><strong>Fecha de lectura de la tesis:<\/strong>\u00a0 13\/02\/2007<\/li>\n<\/ul>\n<p>&nbsp;<\/p>\n<h3>Direcci\u00f3n y tribunal<\/h3>\n<ul>\n<li><strong>Director de la tesis<\/strong>\n<ul>\n<li>Vicente Quesada Paloma<\/li>\n<\/ul>\n<\/li>\n<li><strong>Tribunal<\/strong>\n<ul>\n<li>Presidente del tribunal: Francisco jose Cano sevilla <\/li>\n<li>Rafael Infante mac\u00edas (vocal)<\/li>\n<li>Francisco Valero rodr\u00edguez (vocal)<\/li>\n<li>ram\u00f3n Ardanuy albajar (vocal)<\/li>\n<\/ul>\n<\/li>\n<\/ul>\n<p>&nbsp;<\/p>\n","protected":false},"excerpt":{"rendered":"<p>Tesis doctoral de Daniel V\u00e9lez Serrano Se propone la creaci\u00f3n de modelo de c\u00f3pulas para la aplicaci\u00f3n a la predicciones [&hellip;]<\/p>\n","protected":false},"author":1,"featured_media":0,"comment_status":"open","ping_status":"open","sticky":false,"template":"","format":"standard","meta":{"site-sidebar-layout":"default","site-content-layout":"","ast-site-content-layout":"","site-content-style":"default","site-sidebar-style":"default","ast-global-header-display":"","ast-banner-title-visibility":"","ast-main-header-display":"","ast-hfb-above-header-display":"","ast-hfb-below-header-display":"","ast-hfb-mobile-header-display":"","site-post-title":"","ast-breadcrumbs-content":"","ast-featured-img":"","footer-sml-layout":"","theme-transparent-header-meta":"","adv-header-id-meta":"","stick-header-meta":"","header-above-stick-meta":"","header-main-stick-meta":"","header-below-stick-meta":"","astra-migrate-meta-layouts":"default","ast-page-background-enabled":"default","ast-page-background-meta":{"desktop":{"background-color":"var(--ast-global-color-4)","background-image":"","background-repeat":"repeat","background-position":"center center","background-size":"auto","background-attachment":"scroll","background-type":"","background-media":"","overlay-type":"","overlay-color":"","overlay-gradient":""},"tablet":{"background-color":"","background-image":"","background-repeat":"repeat","background-position":"center center","background-size":"auto","background-attachment":"scroll","background-type":"","background-media":"","overlay-type":"","overlay-color":"","overlay-gradient":""},"mobile":{"background-color":"","background-image":"","background-repeat":"repeat","background-position":"center center","background-size":"auto","background-attachment":"scroll","background-type":"","background-media":"","overlay-type":"","overlay-color":"","overlay-gradient":""}},"ast-content-background-meta":{"desktop":{"background-color":"var(--ast-global-color-5)","background-image":"","background-repeat":"repeat","background-position":"center center","background-size":"auto","background-attachment":"scroll","background-type":"","background-media":"","overlay-type":"","overlay-color":"","overlay-gradient":""},"tablet":{"background-color":"var(--ast-global-color-5)","background-image":"","background-repeat":"repeat","background-position":"center center","background-size":"auto","background-attachment":"scroll","background-type":"","background-media":"","overlay-type":"","overlay-color":"","overlay-gradient":""},"mobile":{"background-color":"var(--ast-global-color-5)","background-image":"","background-repeat":"repeat","background-position":"center center","background-size":"auto","background-attachment":"scroll","background-type":"","background-media":"","overlay-type":"","overlay-color":"","overlay-gradient":""}},"footnotes":""},"categories":[1],"tags":[125943,4032,5954,3739,4034,3367],"class_list":["post-57003","post","type-post","status-publish","format-standard","hentry","category-sin-categoria","tag-daniel-velez-serrano","tag-francisco-jose-cano-sevilla","tag-francisco-valero-rodriguez","tag-rafael-infante-macias","tag-ramon-ardanuy-albajar","tag-vicente-quesada-paloma"],"_links":{"self":[{"href":"https:\/\/www.deberes.net\/tesis\/wp-json\/wp\/v2\/posts\/57003","targetHints":{"allow":["GET"]}}],"collection":[{"href":"https:\/\/www.deberes.net\/tesis\/wp-json\/wp\/v2\/posts"}],"about":[{"href":"https:\/\/www.deberes.net\/tesis\/wp-json\/wp\/v2\/types\/post"}],"author":[{"embeddable":true,"href":"https:\/\/www.deberes.net\/tesis\/wp-json\/wp\/v2\/users\/1"}],"replies":[{"embeddable":true,"href":"https:\/\/www.deberes.net\/tesis\/wp-json\/wp\/v2\/comments?post=57003"}],"version-history":[{"count":0,"href":"https:\/\/www.deberes.net\/tesis\/wp-json\/wp\/v2\/posts\/57003\/revisions"}],"wp:attachment":[{"href":"https:\/\/www.deberes.net\/tesis\/wp-json\/wp\/v2\/media?parent=57003"}],"wp:term":[{"taxonomy":"category","embeddable":true,"href":"https:\/\/www.deberes.net\/tesis\/wp-json\/wp\/v2\/categories?post=57003"},{"taxonomy":"post_tag","embeddable":true,"href":"https:\/\/www.deberes.net\/tesis\/wp-json\/wp\/v2\/tags?post=57003"}],"curies":[{"name":"wp","href":"https:\/\/api.w.org\/{rel}","templated":true}]}}