{"id":5701,"date":"1995-01-01T00:00:00","date_gmt":"1995-01-01T00:00:00","guid":{"rendered":"https:\/\/www.deberes.net\/tesis\/1995\/01\/01\/estudio-piloto-de-las-reacciones-adversas-a-medicamentos-en-el-hospital-universitario-de-granada\/"},"modified":"1995-01-01T00:00:00","modified_gmt":"1995-01-01T00:00:00","slug":"estudio-piloto-de-las-reacciones-adversas-a-medicamentos-en-el-hospital-universitario-de-granada","status":"publish","type":"post","link":"https:\/\/www.deberes.net\/tesis\/ciencias-medicas\/estudio-piloto-de-las-reacciones-adversas-a-medicamentos-en-el-hospital-universitario-de-granada\/","title":{"rendered":"Estudio piloto de las reacciones adversas a medicamentos en el hospital universitario de granada."},"content":{"rendered":"<h2>Tesis doctoral de <strong> Carlos Martin Carrasco <\/strong><\/h2>\n<p>Dada la importancia que revisten las reacciones adversas a medicamentos en cuanto a la importancia clinica de las mismas y su relacion con la calidad asistencial en el medio hospitalario se decidio hacer un seguimiento intensivo de las mismas en el hospital universitario de granada. Para realizarlo se recogieron de manera intensiva las reacciones adversas en las urgencias, en una sala de medicina interna y las relacionadas con los niveles plasmaticos toxicos de los medicamentos. Con ese fin se creo una base de datos sobre reacciones adversas.  el trabajo se extendio sobre los meses de febrero a mayo de 1993. Como conclusiones principales en nuestro hospital se encontraron mas reacciones adversas en la sala de medicina que en las urgencias, pero de menor gravedad. La farmacocinetica clinica se mostro como un buen metodo de deteccion de reacciones adversas. Este estudio sentara las bases para un mejor conocimiento de las reacciones adversas y para la realizacion de futuros estudios en el campo de la farmacovigilancia hospitalaria.<\/p>\n<p>&nbsp;<\/p>\n<h3>Datos acad\u00e9micos de la tesis doctoral \u00ab<strong>Estudio piloto de las reacciones adversas a medicamentos en el hospital universitario de granada.<\/strong>\u00ab<\/h3>\n<ul>\n<li><strong>T\u00edtulo de la tesis:<\/strong>\u00a0 Estudio piloto de las reacciones adversas a medicamentos en el hospital universitario de granada. <\/li>\n<li><strong>Autor:<\/strong>\u00a0 Carlos Martin Carrasco <\/li>\n<li><strong>Universidad:<\/strong>\u00a0 Granada<\/li>\n<li><strong>Fecha de lectura de la tesis:<\/strong>\u00a0 01\/01\/1995<\/li>\n<\/ul>\n<p>&nbsp;<\/p>\n<h3>Direcci\u00f3n y tribunal<\/h3>\n<ul>\n<li><strong>Director de la tesis<\/strong>\n<ul>\n<li>Manuel Garcia Morillas<\/li>\n<\/ul>\n<\/li>\n<li><strong>Tribunal<\/strong>\n<ul>\n<li>Presidente del tribunal:  Sanchez De La Cuesta Felipe <\/li>\n<li>Jos\u00e9 Jim\u00e9nez Mart\u00edn (vocal)<\/li>\n<li>Jos\u00e9 Rico Irl\u00e9s (vocal)<\/li>\n<li>Jos\u00e9 Aznar Lopez (vocal)<\/li>\n<\/ul>\n<\/li>\n<\/ul>\n<p>&nbsp;<\/p>\n","protected":false},"excerpt":{"rendered":"<p>Tesis doctoral de Carlos Martin Carrasco Dada la importancia que revisten las reacciones adversas a medicamentos en cuanto a la [&hellip;]<\/p>\n","protected":false},"author":1,"featured_media":0,"comment_status":"open","ping_status":"open","sticky":false,"template":"","format":"standard","meta":{"site-sidebar-layout":"default","site-content-layout":"","ast-site-content-layout":"","site-content-style":"default","site-sidebar-style":"default","ast-global-header-display":"","ast-banner-title-visibility":"","ast-main-header-display":"","ast-hfb-above-header-display":"","ast-hfb-below-header-display":"","ast-hfb-mobile-header-display":"","site-post-title":"","ast-breadcrumbs-content":"","ast-featured-img":"","footer-sml-layout":"","theme-transparent-header-meta":"","adv-header-id-meta":"","stick-header-meta":"","header-above-stick-meta":"","header-main-stick-meta":"","header-below-stick-meta":"","astra-migrate-meta-layouts":"default","ast-page-background-enabled":"default","ast-page-background-meta":{"desktop":{"background-color":"var(--ast-global-color-4)","background-image":"","background-repeat":"repeat","background-position":"center center","background-size":"auto","background-attachment":"scroll","background-type":"","background-media":"","overlay-type":"","overlay-color":"","overlay-gradient":""},"tablet":{"background-color":"","background-image":"","background-repeat":"repeat","background-position":"center center","background-size":"auto","background-attachment":"scroll","background-type":"","background-media":"","overlay-type":"","overlay-color":"","overlay-gradient":""},"mobile":{"background-color":"","background-image":"","background-repeat":"repeat","background-position":"center center","background-size":"auto","background-attachment":"scroll","background-type":"","background-media":"","overlay-type":"","overlay-color":"","overlay-gradient":""}},"ast-content-background-meta":{"desktop":{"background-color":"var(--ast-global-color-5)","background-image":"","background-repeat":"repeat","background-position":"center center","background-size":"auto","background-attachment":"scroll","background-type":"","background-media":"","overlay-type":"","overlay-color":"","overlay-gradient":""},"tablet":{"background-color":"var(--ast-global-color-5)","background-image":"","background-repeat":"repeat","background-position":"center center","background-size":"auto","background-attachment":"scroll","background-type":"","background-media":"","overlay-type":"","overlay-color":"","overlay-gradient":""},"mobile":{"background-color":"var(--ast-global-color-5)","background-image":"","background-repeat":"repeat","background-position":"center center","background-size":"auto","background-attachment":"scroll","background-type":"","background-media":"","overlay-type":"","overlay-color":"","overlay-gradient":""}},"footnotes":""},"categories":[9,189,957],"tags":[22140,22141,21763,1730,3407,3170],"class_list":["post-5701","post","type-post","status-publish","format-standard","hentry","category-ciencias-medicas","category-farmacodinamia","category-farmacologia","tag-carlos-martin-carrasco","tag-jose-aznar-lopez","tag-jose-jimenez-martin","tag-jose-rico-irles","tag-manuel-garcia-morillas","tag-sanchez-de-la-cuesta-felipe"],"_links":{"self":[{"href":"https:\/\/www.deberes.net\/tesis\/wp-json\/wp\/v2\/posts\/5701","targetHints":{"allow":["GET"]}}],"collection":[{"href":"https:\/\/www.deberes.net\/tesis\/wp-json\/wp\/v2\/posts"}],"about":[{"href":"https:\/\/www.deberes.net\/tesis\/wp-json\/wp\/v2\/types\/post"}],"author":[{"embeddable":true,"href":"https:\/\/www.deberes.net\/tesis\/wp-json\/wp\/v2\/users\/1"}],"replies":[{"embeddable":true,"href":"https:\/\/www.deberes.net\/tesis\/wp-json\/wp\/v2\/comments?post=5701"}],"version-history":[{"count":0,"href":"https:\/\/www.deberes.net\/tesis\/wp-json\/wp\/v2\/posts\/5701\/revisions"}],"wp:attachment":[{"href":"https:\/\/www.deberes.net\/tesis\/wp-json\/wp\/v2\/media?parent=5701"}],"wp:term":[{"taxonomy":"category","embeddable":true,"href":"https:\/\/www.deberes.net\/tesis\/wp-json\/wp\/v2\/categories?post=5701"},{"taxonomy":"post_tag","embeddable":true,"href":"https:\/\/www.deberes.net\/tesis\/wp-json\/wp\/v2\/tags?post=5701"}],"curies":[{"name":"wp","href":"https:\/\/api.w.org\/{rel}","templated":true}]}}