{"id":57018,"date":"2018-03-09T22:44:47","date_gmt":"2018-03-09T22:44:47","guid":{"rendered":"https:\/\/www.deberes.net\/tesis\/sin-categoria\/la-transferencia-psicoanalisis-ciencias-cognitivas-y-filosofa%c2%ada\/"},"modified":"2018-03-09T22:44:47","modified_gmt":"2018-03-09T22:44:47","slug":"la-transferencia-psicoanalisis-ciencias-cognitivas-y-filosofa%c2%ada","status":"publish","type":"post","link":"https:\/\/www.deberes.net\/tesis\/epistemologia\/la-transferencia-psicoanalisis-ciencias-cognitivas-y-filosofa%c2%ada\/","title":{"rendered":"La transferencia: psicoan\u00e1lisis, ciencias cognitivas y filosof\u00eda"},"content":{"rendered":"<h2>Tesis doctoral de <strong> Juan  Antonio Trujillo L\u00f3pez <\/strong><\/h2>\n<p>La transferencia resultar ser el concepto cl\u00ednico central en psicoan\u00e1lisis, sobre \u00e9l freud va elaborando no s\u00f3lo su t\u00e9cnica cl\u00ednica sino tambi\u00e9n su metapsicolog\u00eda, su teor\u00eda. No obstante su definici\u00f3n ha resultado compleja y vaga a lo largo de la historia d esta disciplina dando lugar a m\u00faltiples lecturas y pr\u00e1cticas. En este trabajo reconsidero dicho concepto y lo analizo en su replantamiento sucesivo por parte de freud a partir de las influencias que le precedieron en el tratamiento de los estados nerviosos: magnetismo, hipnotismo y sugesti\u00f3n, y su recuperaci\u00f3n posterior por parte de jacques lacan.     una segunda parte del trabajo tiene como objeto la elucidaci\u00f3n de dicho concepto mediante los trabajos experimentales llevados a cabo en ciencias cognitiva. Haciendo especial \u00e9nfasis en el estudio de la categorizaci\u00f3n, la memoria y la teor\u00eda de la emoci\u00f3n podemos obtener una clarificaci\u00f3n acerca del propio concepto psicoan\u00e1litico al poner las reflexiones de freud en relaci\u00f3n con una referencia determinada. Por otro lado, conseguimos coordinar dos teor\u00edas, en principio ajenas, fomentado el di\u00e1logo y la implicaci\u00f3n de \u00e9stas, as\u00ed mismo obtenemos una explicaci\u00f3n experta de los mecanismos que se encontrar\u00edan presentes en un fen\u00f3meno complejo como es la transferencia. en una tercera y \u00faltima secci\u00f3n retomo las bases filos\u00f3ficas sobre las que se fund\u00f3 la transferencia psicoan\u00e1litica dentro de un marco consistente con la filosof\u00eda de la ciencia existente y la comparo con una perspectiva de la mente proveniente de las ciencias cognitivas incorporadas (embodied). As\u00ed llegamos a la conclusi\u00f3n de como estas bases epistemol\u00f3gicas hac\u00edan imposible una explicaci\u00f3n adecuada, por ello el psicoan\u00e1lisis tuvo que refugiarse en una metapsicolog\u00eda cada vez m\u00e1s alejada de la ciencia dada. De hecho su af\u00e1n de objetividad positiva tuvo que despreciar el aspecto intersubjetivo de la pr\u00e1ctica cl\u00ednica. Una reevaluaci\u00f3n de dichas experiencia p<\/p>\n<p>&nbsp;<\/p>\n<h3>Datos acad\u00e9micos de la tesis doctoral \u00ab<strong>La transferencia: psicoan\u00e1lisis, ciencias cognitivas y filosof\u00eda<\/strong>\u00ab<\/h3>\n<ul>\n<li><strong>T\u00edtulo de la tesis:<\/strong>\u00a0 La transferencia: psicoan\u00e1lisis, ciencias cognitivas y filosof\u00eda<\/li>\n<li><strong>Autor:<\/strong>\u00a0 Juan  Antonio Trujillo L\u00f3pez <\/li>\n<li><strong>Universidad:<\/strong>\u00a0 Nacional de educaci\u00f3n a distancia<\/li>\n<li><strong>Fecha de lectura de la tesis:<\/strong>\u00a0 14\/02\/2007<\/li>\n<\/ul>\n<p>&nbsp;<\/p>\n<h3>Direcci\u00f3n y tribunal<\/h3>\n<ul>\n<li><strong>Director de la tesis<\/strong>\n<ul>\n<li>Eduardo Bustos Guada\u00f1o<\/li>\n<\/ul>\n<\/li>\n<li><strong>Tribunal<\/strong>\n<ul>\n<li>Presidente del tribunal: pedro Chac\u00f3n fuertes <\/li>\n<li>eduardo Chamorro romero (vocal)<\/li>\n<li> \u00e1lvarez \u00e1lvarez Jos\u00e9 Francisco (vocal)<\/li>\n<li>Antonio Ben\u00edtez lopez (vocal)<\/li>\n<\/ul>\n<\/li>\n<\/ul>\n<p>&nbsp;<\/p>\n","protected":false},"excerpt":{"rendered":"<p>Tesis doctoral de Juan Antonio Trujillo L\u00f3pez La transferencia resultar ser el concepto cl\u00ednico central en psicoan\u00e1lisis, sobre \u00e9l freud [&hellip;]<\/p>\n","protected":false},"author":1,"featured_media":0,"comment_status":"open","ping_status":"open","sticky":false,"template":"","format":"standard","meta":{"site-sidebar-layout":"default","site-content-layout":"","ast-site-content-layout":"","site-content-style":"default","site-sidebar-style":"default","ast-global-header-display":"","ast-banner-title-visibility":"","ast-main-header-display":"","ast-hfb-above-header-display":"","ast-hfb-below-header-display":"","ast-hfb-mobile-header-display":"","site-post-title":"","ast-breadcrumbs-content":"","ast-featured-img":"","footer-sml-layout":"","theme-transparent-header-meta":"","adv-header-id-meta":"","stick-header-meta":"","header-above-stick-meta":"","header-main-stick-meta":"","header-below-stick-meta":"","astra-migrate-meta-layouts":"default","ast-page-background-enabled":"default","ast-page-background-meta":{"desktop":{"background-color":"var(--ast-global-color-4)","background-image":"","background-repeat":"repeat","background-position":"center center","background-size":"auto","background-attachment":"scroll","background-type":"","background-media":"","overlay-type":"","overlay-color":"","overlay-gradient":""},"tablet":{"background-color":"","background-image":"","background-repeat":"repeat","background-position":"center center","background-size":"auto","background-attachment":"scroll","background-type":"","background-media":"","overlay-type":"","overlay-color":"","overlay-gradient":""},"mobile":{"background-color":"","background-image":"","background-repeat":"repeat","background-position":"center center","background-size":"auto","background-attachment":"scroll","background-type":"","background-media":"","overlay-type":"","overlay-color":"","overlay-gradient":""}},"ast-content-background-meta":{"desktop":{"background-color":"var(--ast-global-color-5)","background-image":"","background-repeat":"repeat","background-position":"center center","background-size":"auto","background-attachment":"scroll","background-type":"","background-media":"","overlay-type":"","overlay-color":"","overlay-gradient":""},"tablet":{"background-color":"var(--ast-global-color-5)","background-image":"","background-repeat":"repeat","background-position":"center center","background-size":"auto","background-attachment":"scroll","background-type":"","background-media":"","overlay-type":"","overlay-color":"","overlay-gradient":""},"mobile":{"background-color":"var(--ast-global-color-5)","background-image":"","background-repeat":"repeat","background-position":"center center","background-size":"auto","background-attachment":"scroll","background-type":"","background-media":"","overlay-type":"","overlay-color":"","overlay-gradient":""}},"footnotes":""},"categories":[5537,17070,7302,13026],"tags":[68840,24328,6318,18439,125969,23978],"class_list":["post-57018","post","type-post","status-publish","format-standard","hentry","category-epistemologia","category-nacional-de-educacion-a-distancia","category-procesos-cognitivos","category-psicoanalisis","tag-alvarez-alvarez-jose-francisco","tag-antonio-benitez-lopez","tag-eduardo-bustos-guadano","tag-eduardo-chamorro-romero","tag-juan-antonio-trujillo-lopez","tag-pedro-chacon-fuertes"],"_links":{"self":[{"href":"https:\/\/www.deberes.net\/tesis\/wp-json\/wp\/v2\/posts\/57018","targetHints":{"allow":["GET"]}}],"collection":[{"href":"https:\/\/www.deberes.net\/tesis\/wp-json\/wp\/v2\/posts"}],"about":[{"href":"https:\/\/www.deberes.net\/tesis\/wp-json\/wp\/v2\/types\/post"}],"author":[{"embeddable":true,"href":"https:\/\/www.deberes.net\/tesis\/wp-json\/wp\/v2\/users\/1"}],"replies":[{"embeddable":true,"href":"https:\/\/www.deberes.net\/tesis\/wp-json\/wp\/v2\/comments?post=57018"}],"version-history":[{"count":0,"href":"https:\/\/www.deberes.net\/tesis\/wp-json\/wp\/v2\/posts\/57018\/revisions"}],"wp:attachment":[{"href":"https:\/\/www.deberes.net\/tesis\/wp-json\/wp\/v2\/media?parent=57018"}],"wp:term":[{"taxonomy":"category","embeddable":true,"href":"https:\/\/www.deberes.net\/tesis\/wp-json\/wp\/v2\/categories?post=57018"},{"taxonomy":"post_tag","embeddable":true,"href":"https:\/\/www.deberes.net\/tesis\/wp-json\/wp\/v2\/tags?post=57018"}],"curies":[{"name":"wp","href":"https:\/\/api.w.org\/{rel}","templated":true}]}}