{"id":57153,"date":"2018-03-09T22:44:58","date_gmt":"2018-03-09T22:44:58","guid":{"rendered":"https:\/\/www.deberes.net\/tesis\/sin-categoria\/implicacion-de-la-protea%c2%adna-e2-del-virus-de-la-hepatitis-c-en-las-primeras-etapas-de-la-infeccion\/"},"modified":"2018-03-09T22:44:58","modified_gmt":"2018-03-09T22:44:58","slug":"implicacion-de-la-protea%c2%adna-e2-del-virus-de-la-hepatitis-c-en-las-primeras-etapas-de-la-infeccion","status":"publish","type":"post","link":"https:\/\/www.deberes.net\/tesis\/bioquimica\/implicacion-de-la-protea%c2%adna-e2-del-virus-de-la-hepatitis-c-en-las-primeras-etapas-de-la-infeccion\/","title":{"rendered":"Implicaci\u00f3n de la prote\u00edna e2 del virus de la hepatitis c en las primeras etapas de la infecci\u00f3n"},"content":{"rendered":"<h2>Tesis doctoral de <strong>  Rodr\u00edguez Rodr\u00edguez M. Del Mar <\/strong><\/h2>\n<p>El virus de la hepatitis c (hcv) es la principal causa de hepatitis aguda y enfermedad hep\u00e1tica cr\u00f3nica, incluyendo cirrosis y c\u00e1ncer hep\u00e1tico. Este virus ha sido clasificado como perteneciente al nuevo g\u00e9nero hepacivirus perteneciente a la familia flaviviridae. Dada la trascendencia sanitaria de la hepatitis c, resulta necesaria la b\u00fasqueda de nuevas terapias as\u00ed como de una vacuna efectiva para la prevenci\u00f3n de la enfermedad. Los actuales datos controvertidos relativos a la forma de entrada en la c\u00e9lula del virus resultan inquietantes, siendo necesario profundizar en los procesos que median la uni\u00f3n viral, as\u00ed como en la entrada y fusi\u00f3n de las membranas viral y celular, con el fin de contribuir al conocimiento de la virolog\u00eda molecular de la hepatitis c.     los bajos niveles de part\u00edculas virales en el suero de pacientes infectados y la falta de un sistema de replicaci\u00f3n in vitro del virus han impedido un an\u00e1lisis directo de las prote\u00ednas de la envoltura del hcv, y en concreto, de la prote\u00edna e2. Por ello, en primer lugar se han realizado diversas pruebas de expresi\u00f3n con el fin de encontrar un sistema de expresi\u00f3n para la prote\u00edna e2, que permitiese obtener suficiente cantidad de prote\u00edna soluble tras su purificaci\u00f3n para poder llevar a cabo la posterior caracterizaci\u00f3n estructural mediante t\u00e9cnicas espectrosc\u00f3picas. Adem\u00e1s, con la prote\u00edna en una conformaci\u00f3n nativa, se ha realizado la caracterizaci\u00f3n antig\u00e9ncia as\u00ed como los estudios dirigidos a conocer el estado de oligomerizaci\u00f3n y el patr\u00f3n de glicosilaci\u00f3n.     a continuaci\u00f3n, se han determinado las propiedades fusog\u00e9nicas de e2, planteando diversos ensayos como la agregaci\u00f3n de ves\u00edculas, la mezcla de l\u00edpidos y la p\u00e9rdida de l contenido intravesicular, con distintas especies fosfolip\u00eddicas, as\u00ed como en distintas condiciones de ph y presencia\/ausencia de colesterol. Estas interacciones inducen cambios en los fosfol\u00edpidos que se han estudiado mediante medidas<\/p>\n<p>&nbsp;<\/p>\n<h3>Datos acad\u00e9micos de la tesis doctoral \u00ab<strong>Implicaci\u00f3n de la prote\u00edna e2 del virus de la hepatitis c en las primeras etapas de la infecci\u00f3n<\/strong>\u00ab<\/h3>\n<ul>\n<li><strong>T\u00edtulo de la tesis:<\/strong>\u00a0 Implicaci\u00f3n de la prote\u00edna e2 del virus de la hepatitis c en las primeras etapas de la infecci\u00f3n <\/li>\n<li><strong>Autor:<\/strong>\u00a0  Rodr\u00edguez Rodr\u00edguez M. Del Mar <\/li>\n<li><strong>Universidad:<\/strong>\u00a0 Complutense de Madrid<\/li>\n<li><strong>Fecha de lectura de la tesis:<\/strong>\u00a0 22\/02\/2007<\/li>\n<\/ul>\n<p>&nbsp;<\/p>\n<h3>Direcci\u00f3n y tribunal<\/h3>\n<ul>\n<li><strong>Director de la tesis<\/strong>\n<ul>\n<li>Francisco Gavilanes Franco<\/li>\n<\/ul>\n<\/li>\n<li><strong>Tribunal<\/strong>\n<ul>\n<li>Presidente del tribunal: Mar\u00eda  antonia Lizarbe  iracheta <\/li>\n<li>Luis Menendez arias (vocal)<\/li>\n<li>german Rivas caballero (vocal)<\/li>\n<li> Monsalve clemente Rafael igancio (vocal)<\/li>\n<\/ul>\n<\/li>\n<\/ul>\n<p>&nbsp;<\/p>\n","protected":false},"excerpt":{"rendered":"<p>Tesis doctoral de Rodr\u00edguez Rodr\u00edguez M. Del Mar El virus de la hepatitis c (hcv) es la principal causa de [&hellip;]<\/p>\n","protected":false},"author":1,"featured_media":0,"comment_status":"open","ping_status":"open","sticky":false,"template":"","format":"standard","meta":{"site-sidebar-layout":"default","site-content-layout":"","ast-site-content-layout":"","site-content-style":"default","site-sidebar-style":"default","ast-global-header-display":"","ast-banner-title-visibility":"","ast-main-header-display":"","ast-hfb-above-header-display":"","ast-hfb-below-header-display":"","ast-hfb-mobile-header-display":"","site-post-title":"","ast-breadcrumbs-content":"","ast-featured-img":"","footer-sml-layout":"","theme-transparent-header-meta":"","adv-header-id-meta":"","stick-header-meta":"","header-above-stick-meta":"","header-main-stick-meta":"","header-below-stick-meta":"","astra-migrate-meta-layouts":"default","ast-page-background-enabled":"default","ast-page-background-meta":{"desktop":{"background-color":"var(--ast-global-color-4)","background-image":"","background-repeat":"repeat","background-position":"center center","background-size":"auto","background-attachment":"scroll","background-type":"","background-media":"","overlay-type":"","overlay-color":"","overlay-gradient":""},"tablet":{"background-color":"","background-image":"","background-repeat":"repeat","background-position":"center center","background-size":"auto","background-attachment":"scroll","background-type":"","background-media":"","overlay-type":"","overlay-color":"","overlay-gradient":""},"mobile":{"background-color":"","background-image":"","background-repeat":"repeat","background-position":"center center","background-size":"auto","background-attachment":"scroll","background-type":"","background-media":"","overlay-type":"","overlay-color":"","overlay-gradient":""}},"ast-content-background-meta":{"desktop":{"background-color":"var(--ast-global-color-5)","background-image":"","background-repeat":"repeat","background-position":"center center","background-size":"auto","background-attachment":"scroll","background-type":"","background-media":"","overlay-type":"","overlay-color":"","overlay-gradient":""},"tablet":{"background-color":"var(--ast-global-color-5)","background-image":"","background-repeat":"repeat","background-position":"center center","background-size":"auto","background-attachment":"scroll","background-type":"","background-media":"","overlay-type":"","overlay-color":"","overlay-gradient":""},"mobile":{"background-color":"var(--ast-global-color-5)","background-image":"","background-repeat":"repeat","background-position":"center center","background-size":"auto","background-attachment":"scroll","background-type":"","background-media":"","overlay-type":"","overlay-color":"","overlay-gradient":""}},"footnotes":""},"categories":[36483,160],"tags":[6005,51885,40101,6106,126278,126277],"class_list":["post-57153","post","type-post","status-publish","format-standard","hentry","category-biologia-molecular","category-bioquimica","tag-francisco-gavilanes-franco","tag-german-rivas-caballero","tag-luis-menendez-arias","tag-maria-antonia-lizarbe-iracheta","tag-monsalve-clemente-rafael-igancio","tag-rodriguez-rodriguez-m-del-mar"],"_links":{"self":[{"href":"https:\/\/www.deberes.net\/tesis\/wp-json\/wp\/v2\/posts\/57153","targetHints":{"allow":["GET"]}}],"collection":[{"href":"https:\/\/www.deberes.net\/tesis\/wp-json\/wp\/v2\/posts"}],"about":[{"href":"https:\/\/www.deberes.net\/tesis\/wp-json\/wp\/v2\/types\/post"}],"author":[{"embeddable":true,"href":"https:\/\/www.deberes.net\/tesis\/wp-json\/wp\/v2\/users\/1"}],"replies":[{"embeddable":true,"href":"https:\/\/www.deberes.net\/tesis\/wp-json\/wp\/v2\/comments?post=57153"}],"version-history":[{"count":0,"href":"https:\/\/www.deberes.net\/tesis\/wp-json\/wp\/v2\/posts\/57153\/revisions"}],"wp:attachment":[{"href":"https:\/\/www.deberes.net\/tesis\/wp-json\/wp\/v2\/media?parent=57153"}],"wp:term":[{"taxonomy":"category","embeddable":true,"href":"https:\/\/www.deberes.net\/tesis\/wp-json\/wp\/v2\/categories?post=57153"},{"taxonomy":"post_tag","embeddable":true,"href":"https:\/\/www.deberes.net\/tesis\/wp-json\/wp\/v2\/tags?post=57153"}],"curies":[{"name":"wp","href":"https:\/\/api.w.org\/{rel}","templated":true}]}}