{"id":57191,"date":"2018-03-09T22:44:58","date_gmt":"2018-03-09T22:44:58","guid":{"rendered":"https:\/\/www.deberes.net\/tesis\/sin-categoria\/la-razon-de-la-fe-en-p-feijoo-1676-1764\/"},"modified":"2018-03-09T22:44:58","modified_gmt":"2018-03-09T22:44:58","slug":"la-razon-de-la-fe-en-p-feijoo-1676-1764","status":"publish","type":"post","link":"https:\/\/www.deberes.net\/tesis\/sistemas-teologico-filosoficos\/la-razon-de-la-fe-en-p-feijoo-1676-1764\/","title":{"rendered":"La raz\u00f3n de la fe en p. feijoo (1676-1764)"},"content":{"rendered":"<h2>Tesis doctoral de <strong> Modest Mar\u00edn Ferres <\/strong><\/h2>\n<p>Como entre los sobrados m\u00e9ritos del p. Feijoo se encuentran los de divulgador, pedagogo y socializador, pero no el de creador, he realizado esta tesis m\u00e1s como historiador de las ideas, que como fil\u00f3sofo; pues para calibrar su obra precisamos de la contextualizaci\u00f3n e indagaci\u00f3n de las influencias pol\u00edtico-sociales, culturales e intelectuales que la propiciaron.<\/p>\n<p>&nbsp;<\/p>\n<h3>Datos acad\u00e9micos de la tesis doctoral \u00ab<strong>La raz\u00f3n de la fe en p. feijoo (1676-1764)<\/strong>\u00ab<\/h3>\n<ul>\n<li><strong>T\u00edtulo de la tesis:<\/strong>\u00a0 La raz\u00f3n de la fe en p. feijoo (1676-1764) <\/li>\n<li><strong>Autor:<\/strong>\u00a0 Modest Mar\u00edn Ferres <\/li>\n<li><strong>Universidad:<\/strong>\u00a0 Universitat de val\u00e9ncia (estudi general)<\/li>\n<li><strong>Fecha de lectura de la tesis:<\/strong>\u00a0 23\/02\/2007<\/li>\n<\/ul>\n<p>&nbsp;<\/p>\n<h3>Direcci\u00f3n y tribunal<\/h3>\n<ul>\n<li><strong>Director de la tesis<\/strong>\n<ul>\n<li>Jos\u00e9 Montoya  Saenz<\/li>\n<\/ul>\n<\/li>\n<li><strong>Tribunal<\/strong>\n<ul>\n<li>Presidente del tribunal:  Barreiro barreiro Jos\u00e9 Luis <\/li>\n<li>mart\u00edn Gonz\u00e1lez fern\u00e1ndez (vocal)<\/li>\n<li>Jorge Ayala mart\u00ednez (vocal)<\/li>\n<li> Lis\u00f3n buend\u00eda Juan  Francisco (vocal)<\/li>\n<\/ul>\n<\/li>\n<\/ul>\n<p>&nbsp;<\/p>\n","protected":false},"excerpt":{"rendered":"<p>Tesis doctoral de Modest Mar\u00edn Ferres Como entre los sobrados m\u00e9ritos del p. Feijoo se encuentran los de divulgador, pedagogo [&hellip;]<\/p>\n","protected":false},"author":1,"featured_media":0,"comment_status":"open","ping_status":"open","sticky":false,"template":"","format":"standard","meta":{"site-sidebar-layout":"default","site-content-layout":"","ast-site-content-layout":"","site-content-style":"default","site-sidebar-style":"default","ast-global-header-display":"","ast-banner-title-visibility":"","ast-main-header-display":"","ast-hfb-above-header-display":"","ast-hfb-below-header-display":"","ast-hfb-mobile-header-display":"","site-post-title":"","ast-breadcrumbs-content":"","ast-featured-img":"","footer-sml-layout":"","theme-transparent-header-meta":"","adv-header-id-meta":"","stick-header-meta":"","header-above-stick-meta":"","header-main-stick-meta":"","header-below-stick-meta":"","astra-migrate-meta-layouts":"default","ast-page-background-enabled":"default","ast-page-background-meta":{"desktop":{"background-color":"var(--ast-global-color-4)","background-image":"","background-repeat":"repeat","background-position":"center center","background-size":"auto","background-attachment":"scroll","background-type":"","background-media":"","overlay-type":"","overlay-color":"","overlay-gradient":""},"tablet":{"background-color":"","background-image":"","background-repeat":"repeat","background-position":"center center","background-size":"auto","background-attachment":"scroll","background-type":"","background-media":"","overlay-type":"","overlay-color":"","overlay-gradient":""},"mobile":{"background-color":"","background-image":"","background-repeat":"repeat","background-position":"center center","background-size":"auto","background-attachment":"scroll","background-type":"","background-media":"","overlay-type":"","overlay-color":"","overlay-gradient":""}},"ast-content-background-meta":{"desktop":{"background-color":"var(--ast-global-color-5)","background-image":"","background-repeat":"repeat","background-position":"center center","background-size":"auto","background-attachment":"scroll","background-type":"","background-media":"","overlay-type":"","overlay-color":"","overlay-gradient":""},"tablet":{"background-color":"var(--ast-global-color-5)","background-image":"","background-repeat":"repeat","background-position":"center center","background-size":"auto","background-attachment":"scroll","background-type":"","background-media":"","overlay-type":"","overlay-color":"","overlay-gradient":""},"mobile":{"background-color":"var(--ast-global-color-5)","background-image":"","background-repeat":"repeat","background-position":"center center","background-size":"auto","background-attachment":"scroll","background-type":"","background-media":"","overlay-type":"","overlay-color":"","overlay-gradient":""}},"footnotes":""},"categories":[25866,18402],"tags":[34965,49851,11779,126353,86083,126352],"class_list":["post-57191","post","type-post","status-publish","format-standard","hentry","category-etica-clasica","category-sistemas-teologico-filosoficos","tag-barreiro-barreiro-jose-luis","tag-jorge-ayala-Martinez","tag-jose-montoya-saenz","tag-lison-buendia-juan-francisco","tag-martin-gonzalez-fernandez","tag-modest-marin-ferres"],"_links":{"self":[{"href":"https:\/\/www.deberes.net\/tesis\/wp-json\/wp\/v2\/posts\/57191","targetHints":{"allow":["GET"]}}],"collection":[{"href":"https:\/\/www.deberes.net\/tesis\/wp-json\/wp\/v2\/posts"}],"about":[{"href":"https:\/\/www.deberes.net\/tesis\/wp-json\/wp\/v2\/types\/post"}],"author":[{"embeddable":true,"href":"https:\/\/www.deberes.net\/tesis\/wp-json\/wp\/v2\/users\/1"}],"replies":[{"embeddable":true,"href":"https:\/\/www.deberes.net\/tesis\/wp-json\/wp\/v2\/comments?post=57191"}],"version-history":[{"count":0,"href":"https:\/\/www.deberes.net\/tesis\/wp-json\/wp\/v2\/posts\/57191\/revisions"}],"wp:attachment":[{"href":"https:\/\/www.deberes.net\/tesis\/wp-json\/wp\/v2\/media?parent=57191"}],"wp:term":[{"taxonomy":"category","embeddable":true,"href":"https:\/\/www.deberes.net\/tesis\/wp-json\/wp\/v2\/categories?post=57191"},{"taxonomy":"post_tag","embeddable":true,"href":"https:\/\/www.deberes.net\/tesis\/wp-json\/wp\/v2\/tags?post=57191"}],"curies":[{"name":"wp","href":"https:\/\/api.w.org\/{rel}","templated":true}]}}