{"id":57237,"date":"2018-03-09T22:45:02","date_gmt":"2018-03-09T22:45:02","guid":{"rendered":"https:\/\/www.deberes.net\/tesis\/sin-categoria\/la-atencion-a-los-alumnos-y-alumnas-que-presentan-n-e-e-graves-y-permanentes-en-la-ensenanza-obligatoria-estudio-comparado\/"},"modified":"2018-03-09T22:45:02","modified_gmt":"2018-03-09T22:45:02","slug":"la-atencion-a-los-alumnos-y-alumnas-que-presentan-n-e-e-graves-y-permanentes-en-la-ensenanza-obligatoria-estudio-comparado","status":"publish","type":"post","link":"https:\/\/www.deberes.net\/tesis\/pedagogia-comparada\/la-atencion-a-los-alumnos-y-alumnas-que-presentan-n-e-e-graves-y-permanentes-en-la-ensenanza-obligatoria-estudio-comparado\/","title":{"rendered":"La atenci\u00f3n a los alumnos y alumnas que presentan n.e.e. graves y permanentes en la ense\u00f1anza obligatoria. estudio comparado"},"content":{"rendered":"<h2>Tesis doctoral de <strong> Rafael Carbonell Peris <\/strong><\/h2>\n<p>El objeto principal de la investigaci\u00f3n es conocer la respuesta educativa al alumnado que presenta necesidades educativas especiales graves y permanentes en aquellos pa\u00edses europeos, con especial atenci\u00f3n a espa\u00f1a y a la comunidad Valenciana. Que escolarizan un porcentaje reducido (inferior al 1%) de personas severamente afectadas en centros espec\u00edficos de educaci\u00f3n especial.     estudia la realidad de los pa\u00edses que desarrollan pol\u00edticas educativas a favor de la inclusi\u00f3n de estos ni\u00f1os en las escuelas ordinarias, aunque no siempre logran satisfacer dicho deseo. Son en concreto: italia, portugal, noruega, chipre, islandia y espa\u00f1a.     se trata de una comparaci\u00f3n de car\u00e1cter internacional (referida a los pa\u00edses citados) y, a la vez, internacional (referida espec\u00edficamente a la comunidad Valenciana). El \u00e1rea de estudios se corresponde con la educaci\u00f3n especial y est\u00e1 situada en el a\u00f1o 2003, a\u00f1o europeo dedicado expresamente a las personas con discapacidad.<\/p>\n<p>&nbsp;<\/p>\n<h3>Datos acad\u00e9micos de la tesis doctoral \u00ab<strong>La atenci\u00f3n a los alumnos y alumnas que presentan n.e.e. graves y permanentes en la ense\u00f1anza obligatoria. estudio comparado<\/strong>\u00ab<\/h3>\n<ul>\n<li><strong>T\u00edtulo de la tesis:<\/strong>\u00a0 La atenci\u00f3n a los alumnos y alumnas que presentan n.e.e. graves y permanentes en la ense\u00f1anza obligatoria. estudio comparado <\/li>\n<li><strong>Autor:<\/strong>\u00a0 Rafael Carbonell Peris <\/li>\n<li><strong>Universidad:<\/strong>\u00a0 Universitat de val\u00e9ncia (estudi general)<\/li>\n<li><strong>Fecha de lectura de la tesis:<\/strong>\u00a0 26\/02\/2007<\/li>\n<\/ul>\n<p>&nbsp;<\/p>\n<h3>Direcci\u00f3n y tribunal<\/h3>\n<ul>\n<li><strong>Director de la tesis<\/strong>\n<ul>\n<li>Manuel L\u00f3pez Torrijo<\/li>\n<\/ul>\n<\/li>\n<li><strong>Tribunal<\/strong>\n<ul>\n<li>Presidente del tribunal: Alejandro Mayordomo P\u00e9rez <\/li>\n<li>Jos\u00e9 Antonio Del Barrio Del Campo (vocal)<\/li>\n<li>Pilar Arnaiz Sanchez (vocal)<\/li>\n<li>Claudia Grau Rubio (vocal)<\/li>\n<\/ul>\n<\/li>\n<\/ul>\n<p>&nbsp;<\/p>\n","protected":false},"excerpt":{"rendered":"<p>Tesis doctoral de Rafael Carbonell Peris El objeto principal de la investigaci\u00f3n es conocer la respuesta educativa al alumnado que [&hellip;]<\/p>\n","protected":false},"author":1,"featured_media":0,"comment_status":"open","ping_status":"open","sticky":false,"template":"","format":"standard","meta":{"site-sidebar-layout":"default","site-content-layout":"","ast-site-content-layout":"","site-content-style":"default","site-sidebar-style":"default","ast-global-header-display":"","ast-banner-title-visibility":"","ast-main-header-display":"","ast-hfb-above-header-display":"","ast-hfb-below-header-display":"","ast-hfb-mobile-header-display":"","site-post-title":"","ast-breadcrumbs-content":"","ast-featured-img":"","footer-sml-layout":"","theme-transparent-header-meta":"","adv-header-id-meta":"","stick-header-meta":"","header-above-stick-meta":"","header-main-stick-meta":"","header-below-stick-meta":"","astra-migrate-meta-layouts":"default","ast-page-background-enabled":"default","ast-page-background-meta":{"desktop":{"background-color":"var(--ast-global-color-4)","background-image":"","background-repeat":"repeat","background-position":"center center","background-size":"auto","background-attachment":"scroll","background-type":"","background-media":"","overlay-type":"","overlay-color":"","overlay-gradient":""},"tablet":{"background-color":"","background-image":"","background-repeat":"repeat","background-position":"center center","background-size":"auto","background-attachment":"scroll","background-type":"","background-media":"","overlay-type":"","overlay-color":"","overlay-gradient":""},"mobile":{"background-color":"","background-image":"","background-repeat":"repeat","background-position":"center center","background-size":"auto","background-attachment":"scroll","background-type":"","background-media":"","overlay-type":"","overlay-color":"","overlay-gradient":""}},"ast-content-background-meta":{"desktop":{"background-color":"var(--ast-global-color-5)","background-image":"","background-repeat":"repeat","background-position":"center center","background-size":"auto","background-attachment":"scroll","background-type":"","background-media":"","overlay-type":"","overlay-color":"","overlay-gradient":""},"tablet":{"background-color":"var(--ast-global-color-5)","background-image":"","background-repeat":"repeat","background-position":"center center","background-size":"auto","background-attachment":"scroll","background-type":"","background-media":"","overlay-type":"","overlay-color":"","overlay-gradient":""},"mobile":{"background-color":"var(--ast-global-color-5)","background-image":"","background-repeat":"repeat","background-position":"center center","background-size":"auto","background-attachment":"scroll","background-type":"","background-media":"","overlay-type":"","overlay-color":"","overlay-gradient":""}},"footnotes":""},"categories":[6222,5714,9284],"tags":[11369,48508,25515,52194,8593,126454],"class_list":["post-57237","post","type-post","status-publish","format-standard","hentry","category-educacion-especial","category-pedagogia-comparada","category-politica-educativa","tag-alejandro-mayordomo-perez","tag-claudia-grau-rubio","tag-jose-antonio-del-barrio-del-campo","tag-manuel-lopez-torrijo","tag-pilar-arnaiz-sanchez","tag-rafael-carbonell-peris"],"_links":{"self":[{"href":"https:\/\/www.deberes.net\/tesis\/wp-json\/wp\/v2\/posts\/57237","targetHints":{"allow":["GET"]}}],"collection":[{"href":"https:\/\/www.deberes.net\/tesis\/wp-json\/wp\/v2\/posts"}],"about":[{"href":"https:\/\/www.deberes.net\/tesis\/wp-json\/wp\/v2\/types\/post"}],"author":[{"embeddable":true,"href":"https:\/\/www.deberes.net\/tesis\/wp-json\/wp\/v2\/users\/1"}],"replies":[{"embeddable":true,"href":"https:\/\/www.deberes.net\/tesis\/wp-json\/wp\/v2\/comments?post=57237"}],"version-history":[{"count":0,"href":"https:\/\/www.deberes.net\/tesis\/wp-json\/wp\/v2\/posts\/57237\/revisions"}],"wp:attachment":[{"href":"https:\/\/www.deberes.net\/tesis\/wp-json\/wp\/v2\/media?parent=57237"}],"wp:term":[{"taxonomy":"category","embeddable":true,"href":"https:\/\/www.deberes.net\/tesis\/wp-json\/wp\/v2\/categories?post=57237"},{"taxonomy":"post_tag","embeddable":true,"href":"https:\/\/www.deberes.net\/tesis\/wp-json\/wp\/v2\/tags?post=57237"}],"curies":[{"name":"wp","href":"https:\/\/api.w.org\/{rel}","templated":true}]}}