{"id":57292,"date":"2007-01-03T00:00:00","date_gmt":"2007-01-03T00:00:00","guid":{"rendered":"https:\/\/www.deberes.net\/tesis\/sin-categoria\/la-perspectiva-de-genero-en-el-proceso-de-adpatacion-a-la-lesion-modular\/"},"modified":"2007-01-03T00:00:00","modified_gmt":"2007-01-03T00:00:00","slug":"la-perspectiva-de-genero-en-el-proceso-de-adpatacion-a-la-lesion-modular","status":"publish","type":"post","link":"https:\/\/www.deberes.net\/tesis\/analisis-por-escalas-en-psicologia\/la-perspectiva-de-genero-en-el-proceso-de-adpatacion-a-la-lesion-modular\/","title":{"rendered":"La perspectiva de genero en el proceso de adpatacion a la lesion modular"},"content":{"rendered":"<h2>Tesis doctoral de <strong> Lara Garcia Carenas <\/strong><\/h2>\n<p>La tesis doctoral que presentamos se enmarca en la l\u00ednea de estudios centrados en el abordaje de los aspectos psicol\u00f3gicos implicados en la rehabilitaci\u00f3n de las personas con  discapacidad fisica desde la perspectiva del g\u00e9nero. En este contexto, vamos a analizar si la doble discriminaci\u00f3n existente en nuestra sociedad para con las mujeres se traduce en alg\u00fan perfil psicol\u00f3gico espec\u00edfico que justifique tal discriminaci\u00f3n. En otras palabras, nuestra investigaci\u00f3n se centra en comparar y estudiar las diferencias entre mujeres y varones en las escalas psicol\u00f3gicas de la emelm (extraversi\u00f3n, neurotismo, ansiedad de ejecuci\u00f3n, motivaci\u00f3n, locus de control, afrontamiento y depresi\u00f3n) y comprobar si dichas diferencias son reales y, en consecuencia, la situaci\u00f3n de discriminaci\u00f3n que sufren las mujeres puede basarse en tales diferencias. De esta forma, los objetivos espec\u00edficos planteados en este estudio son, por un lado, comparar la supuesta variabilidad inter-grupos (mujeres-hombres) en las escalas psicol\u00f3gicas, y por otro, estudiar la variabilidad en el grupo de mujeres (intra-grupo) analizando las posibles diferencias en funci\u00f3n de una serie de variables de car\u00e1cter cl\u00ednico y sociodemogr\u00e1fico. entre los principales resultados obtenidos, hemos comprobado, en primer lugar, que no aparecen diferencias significativas en las escalas psicol\u00f3gicas en funci\u00f3n de la variable g\u00e9nero. En segundo lugar, no apare relaci\u00f3n entre las variables cl\u00ednicas analizadas y las puntuaciones obtenidas en las escalas psicol\u00f3gicas en el grupo de las mujeres, excepto en extraversi\u00f3n y afrontamiento rememorado cuando hablamos de la variable nivel de lesi\u00f3n. Y, en tercer lugar, algunas variables socio-demogr\u00e1ficas (nivel cultural y estado civil) influyen en las respuestas de las mujeres en algunas de las escalas psicol\u00f3gicas. en s\u00edntesis, podemos concluir afirmando que existen diferencias individuales en cada una de las escalas psicol\u00f3gicas analizadas, pero dich<\/p>\n<p>&nbsp;<\/p>\n<h3>Datos acad\u00e9micos de la tesis doctoral \u00ab<strong>La perspectiva de genero en el proceso de adpatacion a la lesion modular<\/strong>\u00ab<\/h3>\n<ul>\n<li><strong>T\u00edtulo de la tesis:<\/strong>\u00a0 La perspectiva de genero en el proceso de adpatacion a la lesion modular <\/li>\n<li><strong>Autor:<\/strong>\u00a0 Lara Garcia Carenas <\/li>\n<li><strong>Universidad:<\/strong>\u00a0 Oviedo<\/li>\n<li><strong>Fecha de lectura de la tesis:<\/strong>\u00a0 01\/03\/2007<\/li>\n<\/ul>\n<p>&nbsp;<\/p>\n<h3>Direcci\u00f3n y tribunal<\/h3>\n<ul>\n<li><strong>Director de la tesis<\/strong>\n<ul>\n<li>Antonio  Le\u00f3n Aguado D\u00edaz<\/li>\n<\/ul>\n<\/li>\n<li><strong>Tribunal<\/strong>\n<ul>\n<li>Presidente del tribunal: Miguel angel Verdugo alonso <\/li>\n<li>Mar\u00eda  yolanda Fontanil gomez (vocal)<\/li>\n<li>delf\u00edn Montero centeno (vocal)<\/li>\n<li>benito Arias Martinez (vocal)<\/li>\n<\/ul>\n<\/li>\n<\/ul>\n<p>&nbsp;<\/p>\n","protected":false},"excerpt":{"rendered":"<p>Tesis doctoral de Lara Garcia Carenas La tesis doctoral que presentamos se enmarca en la l\u00ednea de estudios centrados en [&hellip;]<\/p>\n","protected":false},"author":1,"featured_media":0,"comment_status":"open","ping_status":"open","sticky":false,"template":"","format":"standard","meta":{"site-sidebar-layout":"default","site-content-layout":"","ast-site-content-layout":"","site-content-style":"default","site-sidebar-style":"default","ast-global-header-display":"","ast-banner-title-visibility":"","ast-main-header-display":"","ast-hfb-above-header-display":"","ast-hfb-below-header-display":"","ast-hfb-mobile-header-display":"","site-post-title":"","ast-breadcrumbs-content":"","ast-featured-img":"","footer-sml-layout":"","theme-transparent-header-meta":"","adv-header-id-meta":"","stick-header-meta":"","header-above-stick-meta":"","header-main-stick-meta":"","header-below-stick-meta":"","astra-migrate-meta-layouts":"default","ast-page-background-enabled":"default","ast-page-background-meta":{"desktop":{"background-color":"var(--ast-global-color-4)","background-image":"","background-repeat":"repeat","background-position":"center center","background-size":"auto","background-attachment":"scroll","background-type":"","background-media":"","overlay-type":"","overlay-color":"","overlay-gradient":""},"tablet":{"background-color":"","background-image":"","background-repeat":"repeat","background-position":"center center","background-size":"auto","background-attachment":"scroll","background-type":"","background-media":"","overlay-type":"","overlay-color":"","overlay-gradient":""},"mobile":{"background-color":"","background-image":"","background-repeat":"repeat","background-position":"center center","background-size":"auto","background-attachment":"scroll","background-type":"","background-media":"","overlay-type":"","overlay-color":"","overlay-gradient":""}},"ast-content-background-meta":{"desktop":{"background-color":"var(--ast-global-color-5)","background-image":"","background-repeat":"repeat","background-position":"center center","background-size":"auto","background-attachment":"scroll","background-type":"","background-media":"","overlay-type":"","overlay-color":"","overlay-gradient":""},"tablet":{"background-color":"var(--ast-global-color-5)","background-image":"","background-repeat":"repeat","background-position":"center center","background-size":"auto","background-attachment":"scroll","background-type":"","background-media":"","overlay-type":"","overlay-color":"","overlay-gradient":""},"mobile":{"background-color":"var(--ast-global-color-5)","background-image":"","background-repeat":"repeat","background-position":"center center","background-size":"auto","background-attachment":"scroll","background-type":"","background-media":"","overlay-type":"","overlay-color":"","overlay-gradient":""}},"footnotes":""},"categories":[2871,6893,8846],"tags":[8851,9413,15572,126586,89086,9414],"class_list":["post-57292","post","type-post","status-publish","format-standard","hentry","category-analisis-por-escalas-en-psicologia","category-medida-de-la-personalidad","category-oviedo","tag-antonio-leon-aguado-diaz","tag-benito-arias-Martinez","tag-delfin-montero-centeno","tag-lara-garcia-carenas","tag-maria-yolanda-fontanil-gomez","tag-miguel-angel-verdugo-alonso"],"_links":{"self":[{"href":"https:\/\/www.deberes.net\/tesis\/wp-json\/wp\/v2\/posts\/57292","targetHints":{"allow":["GET"]}}],"collection":[{"href":"https:\/\/www.deberes.net\/tesis\/wp-json\/wp\/v2\/posts"}],"about":[{"href":"https:\/\/www.deberes.net\/tesis\/wp-json\/wp\/v2\/types\/post"}],"author":[{"embeddable":true,"href":"https:\/\/www.deberes.net\/tesis\/wp-json\/wp\/v2\/users\/1"}],"replies":[{"embeddable":true,"href":"https:\/\/www.deberes.net\/tesis\/wp-json\/wp\/v2\/comments?post=57292"}],"version-history":[{"count":0,"href":"https:\/\/www.deberes.net\/tesis\/wp-json\/wp\/v2\/posts\/57292\/revisions"}],"wp:attachment":[{"href":"https:\/\/www.deberes.net\/tesis\/wp-json\/wp\/v2\/media?parent=57292"}],"wp:term":[{"taxonomy":"category","embeddable":true,"href":"https:\/\/www.deberes.net\/tesis\/wp-json\/wp\/v2\/categories?post=57292"},{"taxonomy":"post_tag","embeddable":true,"href":"https:\/\/www.deberes.net\/tesis\/wp-json\/wp\/v2\/tags?post=57292"}],"curies":[{"name":"wp","href":"https:\/\/api.w.org\/{rel}","templated":true}]}}