{"id":57304,"date":"2007-02-03T00:00:00","date_gmt":"2007-02-03T00:00:00","guid":{"rendered":"https:\/\/www.deberes.net\/tesis\/sin-categoria\/espacios-verdes-y-paisaje-urbano-metodologa%c2%ada-para-el-reordenamiento-de-los-espacios-verdes-y-la-mejora-del-paisaje-urbano-de-las-ciudades-cubanas\/"},"modified":"2007-02-03T00:00:00","modified_gmt":"2007-02-03T00:00:00","slug":"espacios-verdes-y-paisaje-urbano-metodologa%c2%ada-para-el-reordenamiento-de-los-espacios-verdes-y-la-mejora-del-paisaje-urbano-de-las-ciudades-cubanas","status":"publish","type":"post","link":"https:\/\/www.deberes.net\/tesis\/geografia-humana\/espacios-verdes-y-paisaje-urbano-metodologa%c2%ada-para-el-reordenamiento-de-los-espacios-verdes-y-la-mejora-del-paisaje-urbano-de-las-ciudades-cubanas\/","title":{"rendered":"Espacios verdes y paisaje urbano. metodolog\u00eda para el reordenamiento de los espacios verdes y la mejora del paisaje urbano de las ciudades cubanas"},"content":{"rendered":"<h2>Tesis doctoral de <strong> Ala\u00edn G\u00f3\u00f1iz Jaime <\/strong><\/h2>\n<p>En la investigaci\u00f3n se evidencia que la vegetaci\u00f3n es uno de los elementos afectados que influye negativamente en el paisaje de las ciudades cubanas. Se ilustran problemas reales y se plantean socluciones para la b\u00fasqueda de entornos m\u00e1s equilibrados menos dr\u00e1sticas con la naturaleza, sustentados en las teor\u00edas del desarrollo sostenible y las buenas pr\u00e1cticas del ecourbanismo. La investigaci\u00f3n pone al servicio de los interesados una base cient\u00edfico-te\u00f3rica, con enfoque ecol\u00f3gico-paisaj\u00edstico actualizado, que facilita el trabajo del dise\u00f1o paisajista asociado al desarrollo urbano.<\/p>\n<p>&nbsp;<\/p>\n<h3>Datos acad\u00e9micos de la tesis doctoral \u00ab<strong>Espacios verdes y paisaje urbano. metodolog\u00eda para el reordenamiento de los espacios verdes y la mejora del paisaje urbano de las ciudades cubanas<\/strong>\u00ab<\/h3>\n<ul>\n<li><strong>T\u00edtulo de la tesis:<\/strong>\u00a0 Espacios verdes y paisaje urbano. metodolog\u00eda para el reordenamiento de los espacios verdes y la mejora del paisaje urbano de las ciudades cubanas <\/li>\n<li><strong>Autor:<\/strong>\u00a0 Ala\u00edn G\u00f3\u00f1iz Jaime <\/li>\n<li><strong>Universidad:<\/strong>\u00a0 Alicante<\/li>\n<li><strong>Fecha de lectura de la tesis:<\/strong>\u00a0 02\/03\/2007<\/li>\n<\/ul>\n<p>&nbsp;<\/p>\n<h3>Direcci\u00f3n y tribunal<\/h3>\n<ul>\n<li><strong>Director de la tesis<\/strong>\n<ul>\n<li>Gabino Ponce Herrero<\/li>\n<\/ul>\n<\/li>\n<li><strong>Tribunal<\/strong>\n<ul>\n<li>Presidente del tribunal: Antonio Ramos  hidalgo <\/li>\n<li>armando Urquiola cruz (vocal)<\/li>\n<li> Fern\u00e1ndez figueroa enrique Juan  de dios (vocal)<\/li>\n<li>  (vocal)<\/li>\n<\/ul>\n<\/li>\n<\/ul>\n<p>&nbsp;<\/p>\n","protected":false},"excerpt":{"rendered":"<p>Tesis doctoral de Ala\u00edn G\u00f3\u00f1iz Jaime En la investigaci\u00f3n se evidencia que la vegetaci\u00f3n es uno de los elementos afectados [&hellip;]<\/p>\n","protected":false},"author":1,"featured_media":0,"comment_status":"open","ping_status":"open","sticky":false,"template":"","format":"standard","meta":{"site-sidebar-layout":"default","site-content-layout":"","ast-site-content-layout":"","site-content-style":"default","site-sidebar-style":"default","ast-global-header-display":"","ast-banner-title-visibility":"","ast-main-header-display":"","ast-hfb-above-header-display":"","ast-hfb-below-header-display":"","ast-hfb-mobile-header-display":"","site-post-title":"","ast-breadcrumbs-content":"","ast-featured-img":"","footer-sml-layout":"","theme-transparent-header-meta":"","adv-header-id-meta":"","stick-header-meta":"","header-above-stick-meta":"","header-main-stick-meta":"","header-below-stick-meta":"","astra-migrate-meta-layouts":"default","ast-page-background-enabled":"default","ast-page-background-meta":{"desktop":{"background-color":"var(--ast-global-color-4)","background-image":"","background-repeat":"repeat","background-position":"center center","background-size":"auto","background-attachment":"scroll","background-type":"","background-media":"","overlay-type":"","overlay-color":"","overlay-gradient":""},"tablet":{"background-color":"","background-image":"","background-repeat":"repeat","background-position":"center center","background-size":"auto","background-attachment":"scroll","background-type":"","background-media":"","overlay-type":"","overlay-color":"","overlay-gradient":""},"mobile":{"background-color":"","background-image":"","background-repeat":"repeat","background-position":"center center","background-size":"auto","background-attachment":"scroll","background-type":"","background-media":"","overlay-type":"","overlay-color":"","overlay-gradient":""}},"ast-content-background-meta":{"desktop":{"background-color":"var(--ast-global-color-5)","background-image":"","background-repeat":"repeat","background-position":"center center","background-size":"auto","background-attachment":"scroll","background-type":"","background-media":"","overlay-type":"","overlay-color":"","overlay-gradient":""},"tablet":{"background-color":"var(--ast-global-color-5)","background-image":"","background-repeat":"repeat","background-position":"center center","background-size":"auto","background-attachment":"scroll","background-type":"","background-media":"","overlay-type":"","overlay-color":"","overlay-gradient":""},"mobile":{"background-color":"var(--ast-global-color-5)","background-image":"","background-repeat":"repeat","background-position":"center center","background-size":"auto","background-attachment":"scroll","background-type":"","background-media":"","overlay-type":"","overlay-color":"","overlay-gradient":""}},"footnotes":""},"categories":[19166,1401],"tags":[126608,53217,42814,126528,56642],"class_list":["post-57304","post","type-post","status-publish","format-standard","hentry","category-alicante","category-geografia-humana","tag-alain-goniz-jaime","tag-antonio-ramos-hidalgo","tag-armando-urquiola-cruz","tag-fernandez-figueroa-enrique-juan-de-dios","tag-gabino-ponce-herrero"],"_links":{"self":[{"href":"https:\/\/www.deberes.net\/tesis\/wp-json\/wp\/v2\/posts\/57304","targetHints":{"allow":["GET"]}}],"collection":[{"href":"https:\/\/www.deberes.net\/tesis\/wp-json\/wp\/v2\/posts"}],"about":[{"href":"https:\/\/www.deberes.net\/tesis\/wp-json\/wp\/v2\/types\/post"}],"author":[{"embeddable":true,"href":"https:\/\/www.deberes.net\/tesis\/wp-json\/wp\/v2\/users\/1"}],"replies":[{"embeddable":true,"href":"https:\/\/www.deberes.net\/tesis\/wp-json\/wp\/v2\/comments?post=57304"}],"version-history":[{"count":0,"href":"https:\/\/www.deberes.net\/tesis\/wp-json\/wp\/v2\/posts\/57304\/revisions"}],"wp:attachment":[{"href":"https:\/\/www.deberes.net\/tesis\/wp-json\/wp\/v2\/media?parent=57304"}],"wp:term":[{"taxonomy":"category","embeddable":true,"href":"https:\/\/www.deberes.net\/tesis\/wp-json\/wp\/v2\/categories?post=57304"},{"taxonomy":"post_tag","embeddable":true,"href":"https:\/\/www.deberes.net\/tesis\/wp-json\/wp\/v2\/tags?post=57304"}],"curies":[{"name":"wp","href":"https:\/\/api.w.org\/{rel}","templated":true}]}}