{"id":57318,"date":"2007-02-03T00:00:00","date_gmt":"2007-02-03T00:00:00","guid":{"rendered":"https:\/\/www.deberes.net\/tesis\/sin-categoria\/factores-de-riesgo-cardiovascular-en-poblacion-laboral-de-valencia-interacciones-entre-genes-y-ambiente\/"},"modified":"2007-02-03T00:00:00","modified_gmt":"2007-02-03T00:00:00","slug":"factores-de-riesgo-cardiovascular-en-poblacion-laboral-de-valencia-interacciones-entre-genes-y-ambiente","status":"publish","type":"post","link":"https:\/\/www.deberes.net\/tesis\/cardiologia\/factores-de-riesgo-cardiovascular-en-poblacion-laboral-de-valencia-interacciones-entre-genes-y-ambiente\/","title":{"rendered":"Factores de riesgo cardiovascular en poblacion laboral de Valencia: interacciones entre genes y ambiente."},"content":{"rendered":"<h2>Tesis doctoral de <strong> Jose Folch Garcia <\/strong><\/h2>\n<p>Se ha estudiado una muestra de 600 trabajadores (300 hombres\/300 mujeres), para determinar la preValencia de los factores de riesgo cardiovascular: ambientales, de variables antropom\u00e9tricas, de variables cl\u00ednicas y bioqu\u00edmicas, de variables de estilo de vida, y de polimorfismos gen\u00e9ticos. As\u00ed mismo se busco la asociaci\u00f3n entre las diferentes variables. En esta poblaci\u00f3n laboral sana se ha encontrado una elevada preValencia de importantes fenotipos intermedios. As\u00ed, la preValencia de hipertensi\u00f3n, de las hiperlipemias de perfil aterog\u00e9nico ha sido en general elevada y mayor en el grupo de hombres que en el de mujeres. Aunque con preValencias elevadas, tambi\u00e9n ha sido muy diferente entre hombres y mujeres la preValencia de obesidad y de sobrepeso. Se ha encontrado una alt\u00edsima preValencia de consumo de tabaco en ambos sexos. La actividad f\u00edsica realizada por la muestra estudiada fue baja. El consumo de alcohol fue elevado en hombres (92%) y menor en mujeres (57%). El consumo de alimentos tambi\u00e9n present\u00f3 algunos indicios de patr\u00f3n diferente en hombres y mujeres consumiendo \u00e9stas una alimentaci\u00f3n m\u00e1s saludable. El an\u00e1lisis de los polimorfismos gen\u00e9ticos en los genes candidatos estudiados puso de manifiesto una importante contribuci\u00f3n gen\u00e9tica como determinante de los fenotipos analizados. As\u00ed, el polimorfismo de la apoe se asoci\u00f3 muy significativamente con las concentraciones de c-ldl tanto en hombres como en mujeres. El gen de la lpl se han analizado dos polimorfismos, el lpl hindiii, y el lpl ser447stop , ambos se han encontrado en elevado desequilibrio de ligamiento positivo, presentando una mayor frecuencia al\u00e9lica el alelo h+. Los minoritarios se han asociado con menores concentraciones de triglic\u00e9ridos y mayores concentraciones de c-hdl. Para la variabilidad en las concentraciones de c-hdl, se ha identificado el polimorfismo cetp-taq1b, que contribuye con un 5,7%, valor claramente superior al estimado para otras variables ambientales co<\/p>\n<p>&nbsp;<\/p>\n<h3>Datos acad\u00e9micos de la tesis doctoral \u00ab<strong>Factores de riesgo cardiovascular en poblacion laboral de Valencia: interacciones entre genes y ambiente.<\/strong>\u00ab<\/h3>\n<ul>\n<li><strong>T\u00edtulo de la tesis:<\/strong>\u00a0 Factores de riesgo cardiovascular en poblacion laboral de Valencia: interacciones entre genes y ambiente. <\/li>\n<li><strong>Autor:<\/strong>\u00a0 Jose Folch Garcia <\/li>\n<li><strong>Universidad:<\/strong>\u00a0 Universitat de val\u00e9ncia (estudi general)<\/li>\n<li><strong>Fecha de lectura de la tesis:<\/strong>\u00a0 02\/03\/2007<\/li>\n<\/ul>\n<p>&nbsp;<\/p>\n<h3>Direcci\u00f3n y tribunal<\/h3>\n<ul>\n<li><strong>Director de la tesis<\/strong>\n<ul>\n<li>Dolores Corella Piquer<\/li>\n<\/ul>\n<\/li>\n<li><strong>Tribunal<\/strong>\n<ul>\n<li>Presidente del tribunal: jos\u00e9 Cabo soler <\/li>\n<li>Jos\u00e9 Mar\u00eda Vila salinas (vocal)<\/li>\n<li>Jorge Mateu mahiques (vocal)<\/li>\n<li>oscar Coltell simon (vocal)<\/li>\n<\/ul>\n<\/li>\n<\/ul>\n<p>&nbsp;<\/p>\n","protected":false},"excerpt":{"rendered":"<p>Tesis doctoral de Jose Folch Garcia Se ha estudiado una muestra de 600 trabajadores (300 hombres\/300 mujeres), para determinar la [&hellip;]<\/p>\n","protected":false},"author":1,"featured_media":0,"comment_status":"open","ping_status":"open","sticky":false,"template":"","format":"standard","meta":{"site-sidebar-layout":"default","site-content-layout":"","ast-site-content-layout":"","site-content-style":"default","site-sidebar-style":"default","ast-global-header-display":"","ast-banner-title-visibility":"","ast-main-header-display":"","ast-hfb-above-header-display":"","ast-hfb-below-header-display":"","ast-hfb-mobile-header-display":"","site-post-title":"","ast-breadcrumbs-content":"","ast-featured-img":"","footer-sml-layout":"","theme-transparent-header-meta":"","adv-header-id-meta":"","stick-header-meta":"","header-above-stick-meta":"","header-main-stick-meta":"","header-below-stick-meta":"","astra-migrate-meta-layouts":"default","ast-page-background-enabled":"default","ast-page-background-meta":{"desktop":{"background-color":"var(--ast-global-color-4)","background-image":"","background-repeat":"repeat","background-position":"center center","background-size":"auto","background-attachment":"scroll","background-type":"","background-media":"","overlay-type":"","overlay-color":"","overlay-gradient":""},"tablet":{"background-color":"","background-image":"","background-repeat":"repeat","background-position":"center center","background-size":"auto","background-attachment":"scroll","background-type":"","background-media":"","overlay-type":"","overlay-color":"","overlay-gradient":""},"mobile":{"background-color":"","background-image":"","background-repeat":"repeat","background-position":"center center","background-size":"auto","background-attachment":"scroll","background-type":"","background-media":"","overlay-type":"","overlay-color":"","overlay-gradient":""}},"ast-content-background-meta":{"desktop":{"background-color":"var(--ast-global-color-5)","background-image":"","background-repeat":"repeat","background-position":"center center","background-size":"auto","background-attachment":"scroll","background-type":"","background-media":"","overlay-type":"","overlay-color":"","overlay-gradient":""},"tablet":{"background-color":"var(--ast-global-color-5)","background-image":"","background-repeat":"repeat","background-position":"center center","background-size":"auto","background-attachment":"scroll","background-type":"","background-media":"","overlay-type":"","overlay-color":"","overlay-gradient":""},"mobile":{"background-color":"var(--ast-global-color-5)","background-image":"","background-repeat":"repeat","background-position":"center center","background-size":"auto","background-attachment":"scroll","background-type":"","background-media":"","overlay-type":"","overlay-color":"","overlay-gradient":""}},"footnotes":""},"categories":[932,1086,1686,7395],"tags":[11590,43892,11484,126635,11593,126636],"class_list":["post-57318","post","type-post","status-publish","format-standard","hentry","category-cardiologia","category-epidemiologia","category-medicina-preventiva","category-salud-laboral","tag-dolores-corella-piquer","tag-jorge-mateu-mahiques","tag-jose-cabo-soler","tag-jose-folch-garcia","tag-jose-maria-vila-salinas","tag-oscar-coltell-simon"],"_links":{"self":[{"href":"https:\/\/www.deberes.net\/tesis\/wp-json\/wp\/v2\/posts\/57318","targetHints":{"allow":["GET"]}}],"collection":[{"href":"https:\/\/www.deberes.net\/tesis\/wp-json\/wp\/v2\/posts"}],"about":[{"href":"https:\/\/www.deberes.net\/tesis\/wp-json\/wp\/v2\/types\/post"}],"author":[{"embeddable":true,"href":"https:\/\/www.deberes.net\/tesis\/wp-json\/wp\/v2\/users\/1"}],"replies":[{"embeddable":true,"href":"https:\/\/www.deberes.net\/tesis\/wp-json\/wp\/v2\/comments?post=57318"}],"version-history":[{"count":0,"href":"https:\/\/www.deberes.net\/tesis\/wp-json\/wp\/v2\/posts\/57318\/revisions"}],"wp:attachment":[{"href":"https:\/\/www.deberes.net\/tesis\/wp-json\/wp\/v2\/media?parent=57318"}],"wp:term":[{"taxonomy":"category","embeddable":true,"href":"https:\/\/www.deberes.net\/tesis\/wp-json\/wp\/v2\/categories?post=57318"},{"taxonomy":"post_tag","embeddable":true,"href":"https:\/\/www.deberes.net\/tesis\/wp-json\/wp\/v2\/tags?post=57318"}],"curies":[{"name":"wp","href":"https:\/\/api.w.org\/{rel}","templated":true}]}}