{"id":57335,"date":"2007-02-03T00:00:00","date_gmt":"2007-02-03T00:00:00","guid":{"rendered":"https:\/\/www.deberes.net\/tesis\/sin-categoria\/el-problema-de-la-america-hispana-en-las-cortes-del-trienio-liberal-1820-1823\/"},"modified":"2007-02-03T00:00:00","modified_gmt":"2007-02-03T00:00:00","slug":"el-problema-de-la-america-hispana-en-las-cortes-del-trienio-liberal-1820-1823","status":"publish","type":"post","link":"https:\/\/www.deberes.net\/tesis\/historia-contemporanea\/el-problema-de-la-america-hispana-en-las-cortes-del-trienio-liberal-1820-1823\/","title":{"rendered":"El problema de la america hispana en las cortes del trienio liberal, 1820 1823"},"content":{"rendered":"<h2>Tesis doctoral de <strong> Salvador Broseta Perales <\/strong><\/h2>\n<p>El 1 de enero de 1820, rafael del riego encabez\u00f3 un golpe de estado liberal que acabar\u00eda tres meses despu\u00e9s con la jura de la constituci\u00f3n por parte del rey absolutista fernando vii. Se iniciaba as\u00ed el segundo per\u00edodo constitucional de la historia de espa\u00f1a. Se recuperaron las instituciones propias, como el parlamento, centro pol\u00edtico y lugar clave de los debates pol\u00edticos. La observancia y an\u00e1lisis de los diarios de sesiones de cortes durante el per\u00edodo que estuvo vigente la constituci\u00f3n, 1820-1823, nos da como resultado una \u00e9poca muy intensa con una serie de problemas pol\u00edticos muy importantes. Entre ellos destaca la situaci\u00f3n de las antiguas colonias en el continente americano, reconocidas por las cortes como provincias, con el mismo trato que cualquier territorio peninsular en la teor\u00eda pero que no se vio reflejado en la pr\u00e1ctica, tal y como denunciaban los representantes de aquellas provincias americanas. Mientras en las cortes se debat\u00eda qu\u00e9 pol\u00edticas se adoptaban para los territorios ultramarinos, en partes significativas de am\u00e9rica se declaraba la independencia con respecto a espa\u00f1a. A\u00fan as\u00ed, esos debates nos sirven para ver el grado de madurez del liberalismo espa\u00f1ol y su toma de posiciones con respecto a un problema tan grave pues supon\u00eda una p\u00e9rdida de territorio ingente con sus consecuencias pol\u00edticas y sobre todo econ\u00f3micas.<\/p>\n<p>&nbsp;<\/p>\n<h3>Datos acad\u00e9micos de la tesis doctoral \u00ab<strong>El problema de la america hispana en las cortes del trienio liberal, 1820 1823<\/strong>\u00ab<\/h3>\n<ul>\n<li><strong>T\u00edtulo de la tesis:<\/strong>\u00a0 El problema de la america hispana en las cortes del trienio liberal, 1820 1823 <\/li>\n<li><strong>Autor:<\/strong>\u00a0 Salvador Broseta Perales <\/li>\n<li><strong>Universidad:<\/strong>\u00a0 Jaume i de castell\u00f3n<\/li>\n<li><strong>Fecha de lectura de la tesis:<\/strong>\u00a0 02\/03\/2007<\/li>\n<\/ul>\n<p>&nbsp;<\/p>\n<h3>Direcci\u00f3n y tribunal<\/h3>\n<ul>\n<li><strong>Director de la tesis<\/strong>\n<ul>\n<li>Manuel Chust Calero<\/li>\n<\/ul>\n<\/li>\n<li><strong>Tribunal<\/strong>\n<ul>\n<li>Presidente del tribunal: tom\u00e1s Garc\u00eda-cuenca ariati <\/li>\n<li>Juan Marchena fernandez (vocal)<\/li>\n<li>Juan Andreo garcia (vocal)<\/li>\n<li>marc Bald\u00f3 lacomba (vocal)<\/li>\n<\/ul>\n<\/li>\n<\/ul>\n<p>&nbsp;<\/p>\n","protected":false},"excerpt":{"rendered":"<p>Tesis doctoral de Salvador Broseta Perales El 1 de enero de 1820, rafael del riego encabez\u00f3 un golpe de estado [&hellip;]<\/p>\n","protected":false},"author":1,"featured_media":0,"comment_status":"open","ping_status":"open","sticky":false,"template":"","format":"standard","meta":{"site-sidebar-layout":"default","site-content-layout":"","ast-site-content-layout":"","site-content-style":"default","site-sidebar-style":"default","ast-global-header-display":"","ast-banner-title-visibility":"","ast-main-header-display":"","ast-hfb-above-header-display":"","ast-hfb-below-header-display":"","ast-hfb-mobile-header-display":"","site-post-title":"","ast-breadcrumbs-content":"","ast-featured-img":"","footer-sml-layout":"","theme-transparent-header-meta":"","adv-header-id-meta":"","stick-header-meta":"","header-above-stick-meta":"","header-main-stick-meta":"","header-below-stick-meta":"","astra-migrate-meta-layouts":"default","ast-page-background-enabled":"default","ast-page-background-meta":{"desktop":{"background-color":"var(--ast-global-color-4)","background-image":"","background-repeat":"repeat","background-position":"center center","background-size":"auto","background-attachment":"scroll","background-type":"","background-media":"","overlay-type":"","overlay-color":"","overlay-gradient":""},"tablet":{"background-color":"","background-image":"","background-repeat":"repeat","background-position":"center center","background-size":"auto","background-attachment":"scroll","background-type":"","background-media":"","overlay-type":"","overlay-color":"","overlay-gradient":""},"mobile":{"background-color":"","background-image":"","background-repeat":"repeat","background-position":"center center","background-size":"auto","background-attachment":"scroll","background-type":"","background-media":"","overlay-type":"","overlay-color":"","overlay-gradient":""}},"ast-content-background-meta":{"desktop":{"background-color":"var(--ast-global-color-5)","background-image":"","background-repeat":"repeat","background-position":"center center","background-size":"auto","background-attachment":"scroll","background-type":"","background-media":"","overlay-type":"","overlay-color":"","overlay-gradient":""},"tablet":{"background-color":"var(--ast-global-color-5)","background-image":"","background-repeat":"repeat","background-position":"center center","background-size":"auto","background-attachment":"scroll","background-type":"","background-media":"","overlay-type":"","overlay-color":"","overlay-gradient":""},"mobile":{"background-color":"var(--ast-global-color-5)","background-image":"","background-repeat":"repeat","background-position":"center center","background-size":"auto","background-attachment":"scroll","background-type":"","background-media":"","overlay-type":"","overlay-color":"","overlay-gradient":""}},"footnotes":""},"categories":[1816,6049,18725],"tags":[8711,8769,65578,37772,126663,126664],"class_list":["post-57335","post","type-post","status-publish","format-standard","hentry","category-historia-contemporanea","category-historia-contemporanea-del-area-americana","category-jaume-i-de-castellon","tag-juan-andreo-garcia","tag-juan-marchena-fernandez","tag-manuel-chust-calero","tag-marc-baldo-lacomba","tag-salvador-broseta-perales","tag-tomas-garcia-cuenca-ariati"],"_links":{"self":[{"href":"https:\/\/www.deberes.net\/tesis\/wp-json\/wp\/v2\/posts\/57335","targetHints":{"allow":["GET"]}}],"collection":[{"href":"https:\/\/www.deberes.net\/tesis\/wp-json\/wp\/v2\/posts"}],"about":[{"href":"https:\/\/www.deberes.net\/tesis\/wp-json\/wp\/v2\/types\/post"}],"author":[{"embeddable":true,"href":"https:\/\/www.deberes.net\/tesis\/wp-json\/wp\/v2\/users\/1"}],"replies":[{"embeddable":true,"href":"https:\/\/www.deberes.net\/tesis\/wp-json\/wp\/v2\/comments?post=57335"}],"version-history":[{"count":0,"href":"https:\/\/www.deberes.net\/tesis\/wp-json\/wp\/v2\/posts\/57335\/revisions"}],"wp:attachment":[{"href":"https:\/\/www.deberes.net\/tesis\/wp-json\/wp\/v2\/media?parent=57335"}],"wp:term":[{"taxonomy":"category","embeddable":true,"href":"https:\/\/www.deberes.net\/tesis\/wp-json\/wp\/v2\/categories?post=57335"},{"taxonomy":"post_tag","embeddable":true,"href":"https:\/\/www.deberes.net\/tesis\/wp-json\/wp\/v2\/tags?post=57335"}],"curies":[{"name":"wp","href":"https:\/\/api.w.org\/{rel}","templated":true}]}}