{"id":57407,"date":"2007-08-03T00:00:00","date_gmt":"2007-08-03T00:00:00","guid":{"rendered":"https:\/\/www.deberes.net\/tesis\/sin-categoria\/la-integracion-socio-educativa-de-los-padres-y-madres-inmigrantes-en-los-centros-de-educacion-infantil-y-primaria-propuesta-de-mejora-a-partir-de-un-estudio-de-casos\/"},"modified":"2007-08-03T00:00:00","modified_gmt":"2007-08-03T00:00:00","slug":"la-integracion-socio-educativa-de-los-padres-y-madres-inmigrantes-en-los-centros-de-educacion-infantil-y-primaria-propuesta-de-mejora-a-partir-de-un-estudio-de-casos","status":"publish","type":"post","link":"https:\/\/www.deberes.net\/tesis\/organizacion-y-planificacion-de-la-educacion\/la-integracion-socio-educativa-de-los-padres-y-madres-inmigrantes-en-los-centros-de-educacion-infantil-y-primaria-propuesta-de-mejora-a-partir-de-un-estudio-de-casos\/","title":{"rendered":"La integraci\u00f3n socio-educativa de los padres y madres inmigrantes en los centros de educacion infantil y primaria. propuesta de mejora a partir de un estudio de casos"},"content":{"rendered":"<h2>Tesis doctoral de <strong> Inmaculada Gonzalez Falcon <\/strong><\/h2>\n<p>En esta investigaci\u00f3n el tema de la integraci\u00f3n de los padres y madres inmigrantes se analiza desde una vertiente socio-educativa, enfatiz\u00e1ndose as\u00ed la funci\u00f3n social de la educaci\u00f3n. Igualmente, la integraci\u00f3n es entendida desde una doble perspectiva: la relacional (analiz\u00e1ndose las interacciones que los padres y madres unmigrantes mantienen con el resto de la comunidad educativa) y la participativa (estudi\u00e1ndose el grado de participaci\u00f3n que estos padres y madres tienen en las escuelas). Tras un primer an\u00e1lisis te\u00f3rico de \u00e9stas y otras cuestiones afines, la investigaci\u00f3n presenta un estudio de casos espec\u00edfico, el de una escuela de un pueblo de huelva (moguer) con alto \u00edndice de alumnado inmigrante. A trav\u00e9s de t\u00e9cnicas puramente cualitativas ( entrevistas, observaciones, an\u00e1lisis de documentos, diario de investigaci\u00f3n&#8230;) Se indaga en las concepciones y actitudes que la poblaci\u00f3n aut\u00f3ctona (alumnado, profesorado y familias de dicho centro) tiene sobre las familias inmigrantes y sus hijos\/as, y viceversa. Igualmente, se explora el grado de conocimientoque todos ellos tienen entre s\u00ed y las actuaciones m\u00e1s importantes que se han llevado a cabo para fomentar la integraci\u00f3n de las familias inmigrantes. Asimismo, se recogen ls necesidades, demandas y principales obst\u00e1culos y apoyos que inciden en este proceso. Tras las conclusiones, se incluye una propuesta rigurosa de alternativas para esta escuela, sirviendo como referente general para mejorar la integraci\u00f3n socio-educativa de las familias inmigrantes en otros centros educativos.<\/p>\n<p>&nbsp;<\/p>\n<h3>Datos acad\u00e9micos de la tesis doctoral \u00ab<strong>La integraci\u00f3n socio-educativa de los padres y madres inmigrantes en los centros de educacion infantil y primaria. propuesta de mejora a partir de un estudio de casos<\/strong>\u00ab<\/h3>\n<ul>\n<li><strong>T\u00edtulo de la tesis:<\/strong>\u00a0 La integraci\u00f3n socio-educativa de los padres y madres inmigrantes en los centros de educacion infantil y primaria. propuesta de mejora a partir de un estudio de casos <\/li>\n<li><strong>Autor:<\/strong>\u00a0 Inmaculada Gonzalez Falcon <\/li>\n<li><strong>Universidad:<\/strong>\u00a0 Huelva<\/li>\n<li><strong>Fecha de lectura de la tesis:<\/strong>\u00a0 08\/03\/2007<\/li>\n<\/ul>\n<p>&nbsp;<\/p>\n<h3>Direcci\u00f3n y tribunal<\/h3>\n<ul>\n<li><strong>Director de la tesis<\/strong>\n<ul>\n<li>Antonio Romero Mu\u00f1oz<\/li>\n<\/ul>\n<\/li>\n<li><strong>Tribunal<\/strong>\n<ul>\n<li>Presidente del tribunal: Juan Fernandez sierra <\/li>\n<li>Jos\u00e9 Manuel Coronel llamas (vocal)<\/li>\n<li>nieves Blanco Garc\u00eda (vocal)<\/li>\n<li>paola Dusi (vocal)<\/li>\n<\/ul>\n<\/li>\n<\/ul>\n<p>&nbsp;<\/p>\n","protected":false},"excerpt":{"rendered":"<p>Tesis doctoral de Inmaculada Gonzalez Falcon En esta investigaci\u00f3n el tema de la integraci\u00f3n de los padres y madres inmigrantes [&hellip;]<\/p>\n","protected":false},"author":1,"featured_media":0,"comment_status":"open","ping_status":"open","sticky":false,"template":"","format":"standard","meta":{"site-sidebar-layout":"default","site-content-layout":"","ast-site-content-layout":"","site-content-style":"default","site-sidebar-style":"default","ast-global-header-display":"","ast-banner-title-visibility":"","ast-main-header-display":"","ast-hfb-above-header-display":"","ast-hfb-below-header-display":"","ast-hfb-mobile-header-display":"","site-post-title":"","ast-breadcrumbs-content":"","ast-featured-img":"","footer-sml-layout":"","theme-transparent-header-meta":"","adv-header-id-meta":"","stick-header-meta":"","header-above-stick-meta":"","header-main-stick-meta":"","header-below-stick-meta":"","astra-migrate-meta-layouts":"default","ast-page-background-enabled":"default","ast-page-background-meta":{"desktop":{"background-color":"var(--ast-global-color-4)","background-image":"","background-repeat":"repeat","background-position":"center center","background-size":"auto","background-attachment":"scroll","background-type":"","background-media":"","overlay-type":"","overlay-color":"","overlay-gradient":""},"tablet":{"background-color":"","background-image":"","background-repeat":"repeat","background-position":"center center","background-size":"auto","background-attachment":"scroll","background-type":"","background-media":"","overlay-type":"","overlay-color":"","overlay-gradient":""},"mobile":{"background-color":"","background-image":"","background-repeat":"repeat","background-position":"center center","background-size":"auto","background-attachment":"scroll","background-type":"","background-media":"","overlay-type":"","overlay-color":"","overlay-gradient":""}},"ast-content-background-meta":{"desktop":{"background-color":"var(--ast-global-color-5)","background-image":"","background-repeat":"repeat","background-position":"center center","background-size":"auto","background-attachment":"scroll","background-type":"","background-media":"","overlay-type":"","overlay-color":"","overlay-gradient":""},"tablet":{"background-color":"var(--ast-global-color-5)","background-image":"","background-repeat":"repeat","background-position":"center center","background-size":"auto","background-attachment":"scroll","background-type":"","background-media":"","overlay-type":"","overlay-color":"","overlay-gradient":""},"mobile":{"background-color":"var(--ast-global-color-5)","background-image":"","background-repeat":"repeat","background-position":"center center","background-size":"auto","background-attachment":"scroll","background-type":"","background-media":"","overlay-type":"","overlay-color":"","overlay-gradient":""}},"footnotes":""},"categories":[18975,7611,1184,2232],"tags":[49594,126833,126834,57394,22814,126835],"class_list":["post-57407","post","type-post","status-publish","format-standard","hentry","category-huelva","category-organizacion-y-direccion-de-las-instituciones-educativas","category-organizacion-y-planificacion-de-la-educacion","category-sociologia-cultural","tag-antonio-romero-munoz","tag-inmaculada-gonzalez-falcon","tag-jose-manuel-coronel-llamas","tag-juan-fernandez-sierra","tag-nieves-blanco-garcia","tag-paola-dusi"],"_links":{"self":[{"href":"https:\/\/www.deberes.net\/tesis\/wp-json\/wp\/v2\/posts\/57407","targetHints":{"allow":["GET"]}}],"collection":[{"href":"https:\/\/www.deberes.net\/tesis\/wp-json\/wp\/v2\/posts"}],"about":[{"href":"https:\/\/www.deberes.net\/tesis\/wp-json\/wp\/v2\/types\/post"}],"author":[{"embeddable":true,"href":"https:\/\/www.deberes.net\/tesis\/wp-json\/wp\/v2\/users\/1"}],"replies":[{"embeddable":true,"href":"https:\/\/www.deberes.net\/tesis\/wp-json\/wp\/v2\/comments?post=57407"}],"version-history":[{"count":0,"href":"https:\/\/www.deberes.net\/tesis\/wp-json\/wp\/v2\/posts\/57407\/revisions"}],"wp:attachment":[{"href":"https:\/\/www.deberes.net\/tesis\/wp-json\/wp\/v2\/media?parent=57407"}],"wp:term":[{"taxonomy":"category","embeddable":true,"href":"https:\/\/www.deberes.net\/tesis\/wp-json\/wp\/v2\/categories?post=57407"},{"taxonomy":"post_tag","embeddable":true,"href":"https:\/\/www.deberes.net\/tesis\/wp-json\/wp\/v2\/tags?post=57407"}],"curies":[{"name":"wp","href":"https:\/\/api.w.org\/{rel}","templated":true}]}}