{"id":57460,"date":"2007-10-03T00:00:00","date_gmt":"2007-10-03T00:00:00","guid":{"rendered":"https:\/\/www.deberes.net\/tesis\/sin-categoria\/efectos-farmacologicos-y-cicatrizantes-de-extracto-etanolico-de-rumex-lunaria\/"},"modified":"2007-10-03T00:00:00","modified_gmt":"2007-10-03T00:00:00","slug":"efectos-farmacologicos-y-cicatrizantes-de-extracto-etanolico-de-rumex-lunaria","status":"publish","type":"post","link":"https:\/\/www.deberes.net\/tesis\/traumatologia\/efectos-farmacologicos-y-cicatrizantes-de-extracto-etanolico-de-rumex-lunaria\/","title":{"rendered":"Efectos farmacol\u00f3gicos y cicatrizantes de extracto etan\u00f3lico de rumex lunaria"},"content":{"rendered":"<h2>Tesis doctoral de <strong> Bienvenida Del Carmen Rodr\u00edguez De Vera <\/strong><\/h2>\n<p>Nos hemos propuesto estudiar la aplicaci\u00f3n de un endemismo vegetal canario, la rumex lunaria l, popularmente conocida como vinagrera, en la resoluci\u00f3n de \u00falceras cut\u00e1neas experimentales.     una vez efectuada la revisi\u00f3n bibliogr\u00e1fica, procedimos a la obtenci\u00f3n del extracto etan\u00f3lico de hojas secas de rumex lunaria y al posterior estudio del so componentes fotoqu\u00edmicos mediante cromatograf\u00eda en capa fina obteniendo, principalmente, diversos elementos gluc\u00eddicos y antraquinonas, compuestos con acci\u00f3n cicatrizante.     del extracto obtenido se realiz\u00f3 el estudio farmacol\u00f3gico para dilucidar, previamente, la dosis letal 50 en ratones albinos swis, comprob\u00e1ndose que la sustancia posee, seg\u00fan la escala de loomis, una ligera toxicidad. El estudio farmacol\u00f3gico se realiz\u00f3 aplicando el test de irwin (valoraci\u00f3n conductual mediante actividad espont\u00e1nea, respuesta efectivo-motora y sensitivo-motora) y el test de lim (movimientos espont\u00e1neos y tono motor) con diversas dosis del extracto obtenido (220, 440 y 880 mg\/kg).     las mismas dosis se\u00f1aladas se aplicaron localmente o en combinaci\u00f3n local-oral en ratas sprague dawley sometidas a \u00falceras cut\u00e1neas de piel total y se analizaron los cambios histol\u00f3gicos mediante estudio con hematoxilina-eosina. As\u00ed mismo, mediante planimetr\u00eda ulcerom\u00e9trica, se obtuvieron las medias de superficie evolutiva de las lesiones cut\u00e1neas, realizandose el tratamiento estad\u00edstico de dichos datos mediante le programa spss 13.0.     al margen de los resultados fotoqu\u00edmicos obtenidos, y se\u00f1alados, desde una perspectiva farmacol\u00f3gica, es extracto etan\u00f3lico de rumex lunaria posee acci\u00f3n depresora del snc.     desde el punto de vista cicatricial, el extracto etan\u00f3lico de rumes lunaria favorece el proceso de reparaci\u00f3n tisular a dosis bajas (en uso t\u00f3pico), mientras que a dosis intermedias se produce una sinerg\u00eda en su uso t\u00f3pico y por v\u00eda oral. Por el contrario, a dosis altas, no se obtiene ning\u00fan benef<\/p>\n<p>&nbsp;<\/p>\n<h3>Datos acad\u00e9micos de la tesis doctoral \u00ab<strong>Efectos farmacol\u00f3gicos y cicatrizantes de extracto etan\u00f3lico de rumex lunaria<\/strong>\u00ab<\/h3>\n<ul>\n<li><strong>T\u00edtulo de la tesis:<\/strong>\u00a0 Efectos farmacol\u00f3gicos y cicatrizantes de extracto etan\u00f3lico de rumex lunaria <\/li>\n<li><strong>Autor:<\/strong>\u00a0 Bienvenida Del Carmen Rodr\u00edguez De Vera <\/li>\n<li><strong>Universidad:<\/strong>\u00a0 Palmas de gran canaria<\/li>\n<li><strong>Fecha de lectura de la tesis:<\/strong>\u00a0 10\/03\/2007<\/li>\n<\/ul>\n<p>&nbsp;<\/p>\n<h3>Direcci\u00f3n y tribunal<\/h3>\n<ul>\n<li><strong>Director de la tesis<\/strong>\n<ul>\n<li> Jim\u00e9nez D\u00edaz Juan  Fernando<\/li>\n<\/ul>\n<\/li>\n<li><strong>Tribunal<\/strong>\n<ul>\n<li>Presidente del tribunal:  May\u00e1n santos Jos\u00e9 manuel <\/li>\n<li>francisca Perez llamas (vocal)<\/li>\n<li>ricardo Navarro Garc\u00eda (vocal)<\/li>\n<li>Jos\u00e9 Regidor Garc\u00eda (vocal)<\/li>\n<\/ul>\n<\/li>\n<\/ul>\n<p>&nbsp;<\/p>\n","protected":false},"excerpt":{"rendered":"<p>Tesis doctoral de Bienvenida Del Carmen Rodr\u00edguez De Vera Nos hemos propuesto estudiar la aplicaci\u00f3n de un endemismo vegetal canario, [&hellip;]<\/p>\n","protected":false},"author":1,"featured_media":0,"comment_status":"open","ping_status":"open","sticky":false,"template":"","format":"standard","meta":{"site-sidebar-layout":"default","site-content-layout":"","ast-site-content-layout":"","site-content-style":"default","site-sidebar-style":"default","ast-global-header-display":"","ast-banner-title-visibility":"","ast-main-header-display":"","ast-hfb-above-header-display":"","ast-hfb-below-header-display":"","ast-hfb-mobile-header-display":"","site-post-title":"","ast-breadcrumbs-content":"","ast-featured-img":"","footer-sml-layout":"","theme-transparent-header-meta":"","adv-header-id-meta":"","stick-header-meta":"","header-above-stick-meta":"","header-main-stick-meta":"","header-below-stick-meta":"","astra-migrate-meta-layouts":"default","ast-page-background-enabled":"default","ast-page-background-meta":{"desktop":{"background-color":"var(--ast-global-color-4)","background-image":"","background-repeat":"repeat","background-position":"center center","background-size":"auto","background-attachment":"scroll","background-type":"","background-media":"","overlay-type":"","overlay-color":"","overlay-gradient":""},"tablet":{"background-color":"","background-image":"","background-repeat":"repeat","background-position":"center center","background-size":"auto","background-attachment":"scroll","background-type":"","background-media":"","overlay-type":"","overlay-color":"","overlay-gradient":""},"mobile":{"background-color":"","background-image":"","background-repeat":"repeat","background-position":"center center","background-size":"auto","background-attachment":"scroll","background-type":"","background-media":"","overlay-type":"","overlay-color":"","overlay-gradient":""}},"ast-content-background-meta":{"desktop":{"background-color":"var(--ast-global-color-5)","background-image":"","background-repeat":"repeat","background-position":"center center","background-size":"auto","background-attachment":"scroll","background-type":"","background-media":"","overlay-type":"","overlay-color":"","overlay-gradient":""},"tablet":{"background-color":"var(--ast-global-color-5)","background-image":"","background-repeat":"repeat","background-position":"center center","background-size":"auto","background-attachment":"scroll","background-type":"","background-media":"","overlay-type":"","overlay-color":"","overlay-gradient":""},"mobile":{"background-color":"var(--ast-global-color-5)","background-image":"","background-repeat":"repeat","background-position":"center center","background-size":"auto","background-attachment":"scroll","background-type":"","background-media":"","overlay-type":"","overlay-color":"","overlay-gradient":""}},"footnotes":""},"categories":[1279,16629,254],"tags":[126946,64889,16703,10224,3208,40278],"class_list":["post-57460","post","type-post","status-publish","format-standard","hentry","category-cirugia-experimental","category-palmas-de-gran-canaria","category-traumatologia","tag-bienvenida-del-carmen-rodriguez-de-vera","tag-francisca-perez-llamas","tag-jimenez-diaz-juan-fernando","tag-jose-regidor-garcia","tag-mayan-santos-jose-manuel","tag-ricardo-navarro-garcia"],"_links":{"self":[{"href":"https:\/\/www.deberes.net\/tesis\/wp-json\/wp\/v2\/posts\/57460","targetHints":{"allow":["GET"]}}],"collection":[{"href":"https:\/\/www.deberes.net\/tesis\/wp-json\/wp\/v2\/posts"}],"about":[{"href":"https:\/\/www.deberes.net\/tesis\/wp-json\/wp\/v2\/types\/post"}],"author":[{"embeddable":true,"href":"https:\/\/www.deberes.net\/tesis\/wp-json\/wp\/v2\/users\/1"}],"replies":[{"embeddable":true,"href":"https:\/\/www.deberes.net\/tesis\/wp-json\/wp\/v2\/comments?post=57460"}],"version-history":[{"count":0,"href":"https:\/\/www.deberes.net\/tesis\/wp-json\/wp\/v2\/posts\/57460\/revisions"}],"wp:attachment":[{"href":"https:\/\/www.deberes.net\/tesis\/wp-json\/wp\/v2\/media?parent=57460"}],"wp:term":[{"taxonomy":"category","embeddable":true,"href":"https:\/\/www.deberes.net\/tesis\/wp-json\/wp\/v2\/categories?post=57460"},{"taxonomy":"post_tag","embeddable":true,"href":"https:\/\/www.deberes.net\/tesis\/wp-json\/wp\/v2\/tags?post=57460"}],"curies":[{"name":"wp","href":"https:\/\/api.w.org\/{rel}","templated":true}]}}