{"id":57461,"date":"2007-12-03T00:00:00","date_gmt":"2007-12-03T00:00:00","guid":{"rendered":"https:\/\/www.deberes.net\/tesis\/sin-categoria\/diversidad-vegetal-impactos-y-amenazas-en-la-altiplanicie-de-el-toldo-cuba\/"},"modified":"2007-12-03T00:00:00","modified_gmt":"2007-12-03T00:00:00","slug":"diversidad-vegetal-impactos-y-amenazas-en-la-altiplanicie-de-el-toldo-cuba","status":"publish","type":"post","link":"https:\/\/www.deberes.net\/tesis\/ecologia-vegetal\/diversidad-vegetal-impactos-y-amenazas-en-la-altiplanicie-de-el-toldo-cuba\/","title":{"rendered":"Diversidad vegetal, impactos y amenazas en la altiplanicie de el toldo, cuba"},"content":{"rendered":"<h2>Tesis doctoral de <strong> Francisco Cejas Rodr\u00edguez <\/strong><\/h2>\n<p>Se caracteriza la flora y la vegetaci\u00f3n de la altiplanicie de el toldo, moa, cuba, analizando el estado de conservaci\u00f3n y los impactos naturales y antr\u00f3picos que ocasionan afectaciones a su diversidad vegetal.<\/p>\n<p>&nbsp;<\/p>\n<h3>Datos acad\u00e9micos de la tesis doctoral \u00ab<strong>Diversidad vegetal, impactos y amenazas en la altiplanicie de el toldo, cuba<\/strong>\u00ab<\/h3>\n<ul>\n<li><strong>T\u00edtulo de la tesis:<\/strong>\u00a0 Diversidad vegetal, impactos y amenazas en la altiplanicie de el toldo, cuba <\/li>\n<li><strong>Autor:<\/strong>\u00a0 Francisco Cejas Rodr\u00edguez <\/li>\n<li><strong>Universidad:<\/strong>\u00a0 Alicante<\/li>\n<li><strong>Fecha de lectura de la tesis:<\/strong>\u00a0 12\/03\/2007<\/li>\n<\/ul>\n<p>&nbsp;<\/p>\n<h3>Direcci\u00f3n y tribunal<\/h3>\n<ul>\n<li><strong>Director de la tesis<\/strong>\n<ul>\n<li>Andreu Bonet Jornet<\/li>\n<\/ul>\n<\/li>\n<li><strong>Tribunal<\/strong>\n<ul>\n<li>Presidente del tribunal:  Urquiola cruz armando Jes\u00fas <\/li>\n<li>Jorge Ferro d\u00edaz (vocal)<\/li>\n<li>rene pablo Capote  lopez (vocal)<\/li>\n<li> Luis l\u00f3pez martin h. (vocal)<\/li>\n<\/ul>\n<\/li>\n<\/ul>\n<p>&nbsp;<\/p>\n","protected":false},"excerpt":{"rendered":"<p>Tesis doctoral de Francisco Cejas Rodr\u00edguez Se caracteriza la flora y la vegetaci\u00f3n de la altiplanicie de el toldo, moa, [&hellip;]<\/p>\n","protected":false},"author":1,"featured_media":0,"comment_status":"open","ping_status":"open","sticky":false,"template":"","format":"standard","meta":{"site-sidebar-layout":"default","site-content-layout":"","ast-site-content-layout":"","site-content-style":"default","site-sidebar-style":"default","ast-global-header-display":"","ast-banner-title-visibility":"","ast-main-header-display":"","ast-hfb-above-header-display":"","ast-hfb-below-header-display":"","ast-hfb-mobile-header-display":"","site-post-title":"","ast-breadcrumbs-content":"","ast-featured-img":"","footer-sml-layout":"","theme-transparent-header-meta":"","adv-header-id-meta":"","stick-header-meta":"","header-above-stick-meta":"","header-main-stick-meta":"","header-below-stick-meta":"","astra-migrate-meta-layouts":"default","ast-page-background-enabled":"default","ast-page-background-meta":{"desktop":{"background-color":"var(--ast-global-color-4)","background-image":"","background-repeat":"repeat","background-position":"center center","background-size":"auto","background-attachment":"scroll","background-type":"","background-media":"","overlay-type":"","overlay-color":"","overlay-gradient":""},"tablet":{"background-color":"","background-image":"","background-repeat":"repeat","background-position":"center center","background-size":"auto","background-attachment":"scroll","background-type":"","background-media":"","overlay-type":"","overlay-color":"","overlay-gradient":""},"mobile":{"background-color":"","background-image":"","background-repeat":"repeat","background-position":"center center","background-size":"auto","background-attachment":"scroll","background-type":"","background-media":"","overlay-type":"","overlay-color":"","overlay-gradient":""}},"ast-content-background-meta":{"desktop":{"background-color":"var(--ast-global-color-5)","background-image":"","background-repeat":"repeat","background-position":"center center","background-size":"auto","background-attachment":"scroll","background-type":"","background-media":"","overlay-type":"","overlay-color":"","overlay-gradient":""},"tablet":{"background-color":"var(--ast-global-color-5)","background-image":"","background-repeat":"repeat","background-position":"center center","background-size":"auto","background-attachment":"scroll","background-type":"","background-media":"","overlay-type":"","overlay-color":"","overlay-gradient":""},"mobile":{"background-color":"var(--ast-global-color-5)","background-image":"","background-repeat":"repeat","background-position":"center center","background-size":"auto","background-attachment":"scroll","background-type":"","background-media":"","overlay-type":"","overlay-color":"","overlay-gradient":""}},"footnotes":""},"categories":[19166,620],"tags":[83143,126947,126948,126950,126949,79139],"class_list":["post-57461","post","type-post","status-publish","format-standard","hentry","category-alicante","category-ecologia-vegetal","tag-andreu-bonet-jornet","tag-francisco-cejas-rodriguez","tag-jorge-ferro-diaz","tag-luis-lopez-martin-h","tag-rene-pablo-capote-lopez","tag-urquiola-cruz-armando-jesus"],"_links":{"self":[{"href":"https:\/\/www.deberes.net\/tesis\/wp-json\/wp\/v2\/posts\/57461","targetHints":{"allow":["GET"]}}],"collection":[{"href":"https:\/\/www.deberes.net\/tesis\/wp-json\/wp\/v2\/posts"}],"about":[{"href":"https:\/\/www.deberes.net\/tesis\/wp-json\/wp\/v2\/types\/post"}],"author":[{"embeddable":true,"href":"https:\/\/www.deberes.net\/tesis\/wp-json\/wp\/v2\/users\/1"}],"replies":[{"embeddable":true,"href":"https:\/\/www.deberes.net\/tesis\/wp-json\/wp\/v2\/comments?post=57461"}],"version-history":[{"count":0,"href":"https:\/\/www.deberes.net\/tesis\/wp-json\/wp\/v2\/posts\/57461\/revisions"}],"wp:attachment":[{"href":"https:\/\/www.deberes.net\/tesis\/wp-json\/wp\/v2\/media?parent=57461"}],"wp:term":[{"taxonomy":"category","embeddable":true,"href":"https:\/\/www.deberes.net\/tesis\/wp-json\/wp\/v2\/categories?post=57461"},{"taxonomy":"post_tag","embeddable":true,"href":"https:\/\/www.deberes.net\/tesis\/wp-json\/wp\/v2\/tags?post=57461"}],"curies":[{"name":"wp","href":"https:\/\/api.w.org\/{rel}","templated":true}]}}