{"id":57532,"date":"2018-03-09T22:45:19","date_gmt":"2018-03-09T22:45:19","guid":{"rendered":"https:\/\/www.deberes.net\/tesis\/sin-categoria\/el-convenio-colectivo-en-el-sistema-de-fuentes-de-derecho-en-brasil\/"},"modified":"2018-03-09T22:45:19","modified_gmt":"2018-03-09T22:45:19","slug":"el-convenio-colectivo-en-el-sistema-de-fuentes-de-derecho-en-brasil","status":"publish","type":"post","link":"https:\/\/www.deberes.net\/tesis\/sin-categoria\/el-convenio-colectivo-en-el-sistema-de-fuentes-de-derecho-en-brasil\/","title":{"rendered":"El convenio colectivo en el sistema de fuentes de derecho en brasil"},"content":{"rendered":"<h2>Tesis doctoral de <strong>  Teixeira De Freitas Bastos Cunha Alexandre <\/strong><\/h2>\n<p>La tesis doctoral versa sobre el an\u00e1lisis de la capacidad del convenio colectivo para regular condiciones de trabajo en el ordenamiento jur\u00eddico brasile\u00f1o. Se ahonda en el conocimiento de las condiciones concretas para que la norma aut\u00f3noma opere, de hecho, modificaciones en las condiciones de trabajo, en la medida en que al hablar de la capacidad reguladora del convenio colectivo se est\u00e1 tratando, en realidad, de una actividad normadora t\u00edpica que se ejerce de una forma at\u00edpica, desde una perspectiva m\u00e1s tradicional que tiene como base de regulaci\u00f3n de la conducta de las personas la ley por excelencia. Por tanto, la cuesti\u00f3n central puesta en esta investigaci\u00f3n recae necesariamente tanto en uno de los principales cauces de reestructuraci\u00f3n del derecho del trabajo, como en las repercusiones de lo pactado colectivamente, en los contratos de trabajo individualmente firmados. un primer aspecto de particular inter\u00e9s en la investigaci\u00f3n de esta capacidad reguladora de la norma colectiva es la especificidad del modelo unitario de representaciones delos trabajadores existentes en brasil: el denominado sindicalismo unicista.     en el cap\u00edtulo ii, la problem\u00e1tica afecta a la regulaci\u00f3n y modificaci\u00f3n de las condiciones de trabajo, tratada desde una pespectiva din\u00e1mica de las fuentes de derecho en brasil. Finalmente, en el cap\u00edtulo iii, el objeto de estudio se restringe a aspectos de orden metajur\u00eddico, pero directamente conectados con la eficacia de las normas colectivas en las relaciones de trabajo en brasil. El trayecto propuesto conduce a las conclusiones que se proponen responder a los planteamientos acerca de la capacidad efectiva de los convenios colectivos para operar modificaciones en las condiciones de trabajo en el sistema de relaciones de trabajo existente en aqu\u00e9l pa\u00eds.<\/p>\n<p>&nbsp;<\/p>\n<h3>Datos acad\u00e9micos de la tesis doctoral \u00ab<strong>El convenio colectivo en el sistema de fuentes de derecho en brasil<\/strong>\u00ab<\/h3>\n<ul>\n<li><strong>T\u00edtulo de la tesis:<\/strong>\u00a0 El convenio colectivo en el sistema de fuentes de derecho en brasil <\/li>\n<li><strong>Autor:<\/strong>\u00a0  Teixeira De Freitas Bastos Cunha Alexandre <\/li>\n<li><strong>Universidad:<\/strong>\u00a0 Complutense de Madrid<\/li>\n<li><strong>Fecha de lectura de la tesis:<\/strong>\u00a0 16\/03\/2007<\/li>\n<\/ul>\n<p>&nbsp;<\/p>\n<h3>Direcci\u00f3n y tribunal<\/h3>\n<ul>\n<li><strong>Director de la tesis<\/strong>\n<ul>\n<li>re Valdes Dal<\/li>\n<\/ul>\n<\/li>\n<li><strong>Tribunal<\/strong>\n<ul>\n<li>Presidente del tribunal: Mar\u00eda  emilia Casas baamonde <\/li>\n<li>Antonio Baylos grau (vocal)<\/li>\n<li>antoine Jeammaud (vocal)<\/li>\n<li>Jes\u00fas Cruz villal\u00f3n (vocal)<\/li>\n<\/ul>\n<\/li>\n<\/ul>\n<p>&nbsp;<\/p>\n","protected":false},"excerpt":{"rendered":"<p>Tesis doctoral de Teixeira De Freitas Bastos Cunha Alexandre La tesis doctoral versa sobre el an\u00e1lisis de la capacidad del [&hellip;]<\/p>\n","protected":false},"author":1,"featured_media":0,"comment_status":"open","ping_status":"open","sticky":false,"template":"","format":"standard","meta":{"site-sidebar-layout":"default","site-content-layout":"","ast-site-content-layout":"","site-content-style":"default","site-sidebar-style":"default","ast-global-header-display":"","ast-banner-title-visibility":"","ast-main-header-display":"","ast-hfb-above-header-display":"","ast-hfb-below-header-display":"","ast-hfb-mobile-header-display":"","site-post-title":"","ast-breadcrumbs-content":"","ast-featured-img":"","footer-sml-layout":"","theme-transparent-header-meta":"","adv-header-id-meta":"","stick-header-meta":"","header-above-stick-meta":"","header-main-stick-meta":"","header-below-stick-meta":"","astra-migrate-meta-layouts":"default","ast-page-background-enabled":"default","ast-page-background-meta":{"desktop":{"background-color":"var(--ast-global-color-4)","background-image":"","background-repeat":"repeat","background-position":"center center","background-size":"auto","background-attachment":"scroll","background-type":"","background-media":"","overlay-type":"","overlay-color":"","overlay-gradient":""},"tablet":{"background-color":"","background-image":"","background-repeat":"repeat","background-position":"center center","background-size":"auto","background-attachment":"scroll","background-type":"","background-media":"","overlay-type":"","overlay-color":"","overlay-gradient":""},"mobile":{"background-color":"","background-image":"","background-repeat":"repeat","background-position":"center center","background-size":"auto","background-attachment":"scroll","background-type":"","background-media":"","overlay-type":"","overlay-color":"","overlay-gradient":""}},"ast-content-background-meta":{"desktop":{"background-color":"var(--ast-global-color-5)","background-image":"","background-repeat":"repeat","background-position":"center center","background-size":"auto","background-attachment":"scroll","background-type":"","background-media":"","overlay-type":"","overlay-color":"","overlay-gradient":""},"tablet":{"background-color":"var(--ast-global-color-5)","background-image":"","background-repeat":"repeat","background-position":"center center","background-size":"auto","background-attachment":"scroll","background-type":"","background-media":"","overlay-type":"","overlay-color":"","overlay-gradient":""},"mobile":{"background-color":"var(--ast-global-color-5)","background-image":"","background-repeat":"repeat","background-position":"center center","background-size":"auto","background-attachment":"scroll","background-type":"","background-media":"","overlay-type":"","overlay-color":"","overlay-gradient":""}},"footnotes":""},"categories":[2170,1],"tags":[127118,18714,26865,9456,55783,127117],"class_list":["post-57532","post","type-post","status-publish","format-standard","hentry","category-derecho-del-trabajo-y-de-la-seguridad-social","category-sin-categoria","tag-antoine-jeammaud","tag-antonio-baylos-grau","tag-jesus-cruz-villalon","tag-maria-emilia-casas-baamonde","tag-re-valdes-dal","tag-teixeira-de-freitas-bastos-cunha-alexandre"],"_links":{"self":[{"href":"https:\/\/www.deberes.net\/tesis\/wp-json\/wp\/v2\/posts\/57532","targetHints":{"allow":["GET"]}}],"collection":[{"href":"https:\/\/www.deberes.net\/tesis\/wp-json\/wp\/v2\/posts"}],"about":[{"href":"https:\/\/www.deberes.net\/tesis\/wp-json\/wp\/v2\/types\/post"}],"author":[{"embeddable":true,"href":"https:\/\/www.deberes.net\/tesis\/wp-json\/wp\/v2\/users\/1"}],"replies":[{"embeddable":true,"href":"https:\/\/www.deberes.net\/tesis\/wp-json\/wp\/v2\/comments?post=57532"}],"version-history":[{"count":0,"href":"https:\/\/www.deberes.net\/tesis\/wp-json\/wp\/v2\/posts\/57532\/revisions"}],"wp:attachment":[{"href":"https:\/\/www.deberes.net\/tesis\/wp-json\/wp\/v2\/media?parent=57532"}],"wp:term":[{"taxonomy":"category","embeddable":true,"href":"https:\/\/www.deberes.net\/tesis\/wp-json\/wp\/v2\/categories?post=57532"},{"taxonomy":"post_tag","embeddable":true,"href":"https:\/\/www.deberes.net\/tesis\/wp-json\/wp\/v2\/tags?post=57532"}],"curies":[{"name":"wp","href":"https:\/\/api.w.org\/{rel}","templated":true}]}}