{"id":57536,"date":"2018-03-09T22:45:19","date_gmt":"2018-03-09T22:45:19","guid":{"rendered":"https:\/\/www.deberes.net\/tesis\/sin-categoria\/estres-riesgo-familiar-e-inadaptacion-socioemocional-y-escolar-en-la-infancia\/"},"modified":"2018-03-09T22:45:19","modified_gmt":"2018-03-09T22:45:19","slug":"estres-riesgo-familiar-e-inadaptacion-socioemocional-y-escolar-en-la-infancia","status":"publish","type":"post","link":"https:\/\/www.deberes.net\/tesis\/psicologia-fisiologica\/estres-riesgo-familiar-e-inadaptacion-socioemocional-y-escolar-en-la-infancia\/","title":{"rendered":"Estr\u00e9s, riesgo familiar e inadaptaci\u00f3n socioemocional y escolar en la infancia"},"content":{"rendered":"<h2>Tesis doctoral de <strong> Francisco Javier Fernandez Baena <\/strong><\/h2>\n<p>El presente estudio se enmarca dentro de la literatura de investigaci\u00f3n sobre las relaciones entre estr\u00e9s e inadaptaci\u00f3n socioemocional y escolar en la infancia. Se consideran variables de estr\u00e9s cotidiano autopercibido y de riesgo familiar como un bajo nivel sociocultural y estresores familiares. Adem\u00e1s, se analiza el papel jugado por una variable mediadora de naturaleza hormonal como los niveles de cortisol matutino. El sexo es considerado en este trabajo como una variable moderadora. Los participantes en esta investigaci\u00f3n fueron 79 escolares de desarrollo normalizado, 38 ni\u00f1as, y 41 ni\u00f1os, con edades comprendidas entre los 9 y 12 a\u00f1os. En cuanto a los resutlado del estudio, en su conjunto, apoyan la idea de que tanto el estr\u00e9s cotidiano autopercibido, como el riesgo familiar predicen la ocurrencia de inadaptaci\u00f3n socioemocinal y escolar, mientras que la hip\u00f3tesis mediadora de los niveles de cortisol s\u00f3lo obtienen evidencia a favor en la submuestra de ni\u00f1os. En definitiva, se afirma la necesidad de promover entornos sociales que promuevan emociones positivas, sentimientos de seguridad y herramientas de manejo del estr\u00e9s con el objeto de prevenir el desarrollo de patrones desadaptativos.<\/p>\n<p>&nbsp;<\/p>\n<h3>Datos acad\u00e9micos de la tesis doctoral \u00ab<strong>Estr\u00e9s, riesgo familiar e inadaptaci\u00f3n socioemocional y escolar en la infancia<\/strong>\u00ab<\/h3>\n<ul>\n<li><strong>T\u00edtulo de la tesis:<\/strong>\u00a0 Estr\u00e9s, riesgo familiar e inadaptaci\u00f3n socioemocional y escolar en la infancia <\/li>\n<li><strong>Autor:<\/strong>\u00a0 Francisco Javier Fernandez Baena <\/li>\n<li><strong>Universidad:<\/strong>\u00a0 M\u00e1laga<\/li>\n<li><strong>Fecha de lectura de la tesis:<\/strong>\u00a0 16\/03\/2007<\/li>\n<\/ul>\n<p>&nbsp;<\/p>\n<h3>Direcci\u00f3n y tribunal<\/h3>\n<ul>\n<li><strong>Director de la tesis<\/strong>\n<ul>\n<li> Trianes Torres M. Victoria<\/li>\n<\/ul>\n<\/li>\n<li><strong>Tribunal<\/strong>\n<ul>\n<li>Presidente del tribunal: fernando Justicia justicia <\/li>\n<li>enrique Francisco Maldonado montero (vocal)<\/li>\n<li>M\u00aa Jos\u00e9 Blanca mena (vocal)<\/li>\n<li>humbelina Robles ortega (vocal)<\/li>\n<\/ul>\n<\/li>\n<\/ul>\n<p>&nbsp;<\/p>\n","protected":false},"excerpt":{"rendered":"<p>Tesis doctoral de Francisco Javier Fernandez Baena El presente estudio se enmarca dentro de la literatura de investigaci\u00f3n sobre las [&hellip;]<\/p>\n","protected":false},"author":1,"featured_media":0,"comment_status":"open","ping_status":"open","sticky":false,"template":"","format":"standard","meta":{"site-sidebar-layout":"default","site-content-layout":"","ast-site-content-layout":"","site-content-style":"default","site-sidebar-style":"default","ast-global-header-display":"","ast-banner-title-visibility":"","ast-main-header-display":"","ast-hfb-above-header-display":"","ast-hfb-below-header-display":"","ast-hfb-mobile-header-display":"","site-post-title":"","ast-breadcrumbs-content":"","ast-featured-img":"","footer-sml-layout":"","theme-transparent-header-meta":"","adv-header-id-meta":"","stick-header-meta":"","header-above-stick-meta":"","header-main-stick-meta":"","header-below-stick-meta":"","astra-migrate-meta-layouts":"default","ast-page-background-enabled":"default","ast-page-background-meta":{"desktop":{"background-color":"var(--ast-global-color-4)","background-image":"","background-repeat":"repeat","background-position":"center center","background-size":"auto","background-attachment":"scroll","background-type":"","background-media":"","overlay-type":"","overlay-color":"","overlay-gradient":""},"tablet":{"background-color":"","background-image":"","background-repeat":"repeat","background-position":"center center","background-size":"auto","background-attachment":"scroll","background-type":"","background-media":"","overlay-type":"","overlay-color":"","overlay-gradient":""},"mobile":{"background-color":"","background-image":"","background-repeat":"repeat","background-position":"center center","background-size":"auto","background-attachment":"scroll","background-type":"","background-media":"","overlay-type":"","overlay-color":"","overlay-gradient":""}},"ast-content-background-meta":{"desktop":{"background-color":"var(--ast-global-color-5)","background-image":"","background-repeat":"repeat","background-position":"center center","background-size":"auto","background-attachment":"scroll","background-type":"","background-media":"","overlay-type":"","overlay-color":"","overlay-gradient":""},"tablet":{"background-color":"var(--ast-global-color-5)","background-image":"","background-repeat":"repeat","background-position":"center center","background-size":"auto","background-attachment":"scroll","background-type":"","background-media":"","overlay-type":"","overlay-color":"","overlay-gradient":""},"mobile":{"background-color":"var(--ast-global-color-5)","background-image":"","background-repeat":"repeat","background-position":"center center","background-size":"auto","background-attachment":"scroll","background-type":"","background-media":"","overlay-type":"","overlay-color":"","overlay-gradient":""}},"footnotes":""},"categories":[10755,7834,5110],"tags":[127124,4266,127123,127125,69112,93531],"class_list":["post-57536","post","type-post","status-publish","format-standard","hentry","category-desviaciones-del-comportamiento","category-malaga","category-psicologia-fisiologica","tag-enrique-francisco-maldonado-montero","tag-fernando-justicia-justicia","tag-francisco-javier-fernandez-baena","tag-humbelina-robles-ortega","tag-ma-jose-blanca-mena","tag-trianes-torres-m-victoria"],"_links":{"self":[{"href":"https:\/\/www.deberes.net\/tesis\/wp-json\/wp\/v2\/posts\/57536","targetHints":{"allow":["GET"]}}],"collection":[{"href":"https:\/\/www.deberes.net\/tesis\/wp-json\/wp\/v2\/posts"}],"about":[{"href":"https:\/\/www.deberes.net\/tesis\/wp-json\/wp\/v2\/types\/post"}],"author":[{"embeddable":true,"href":"https:\/\/www.deberes.net\/tesis\/wp-json\/wp\/v2\/users\/1"}],"replies":[{"embeddable":true,"href":"https:\/\/www.deberes.net\/tesis\/wp-json\/wp\/v2\/comments?post=57536"}],"version-history":[{"count":0,"href":"https:\/\/www.deberes.net\/tesis\/wp-json\/wp\/v2\/posts\/57536\/revisions"}],"wp:attachment":[{"href":"https:\/\/www.deberes.net\/tesis\/wp-json\/wp\/v2\/media?parent=57536"}],"wp:term":[{"taxonomy":"category","embeddable":true,"href":"https:\/\/www.deberes.net\/tesis\/wp-json\/wp\/v2\/categories?post=57536"},{"taxonomy":"post_tag","embeddable":true,"href":"https:\/\/www.deberes.net\/tesis\/wp-json\/wp\/v2\/tags?post=57536"}],"curies":[{"name":"wp","href":"https:\/\/api.w.org\/{rel}","templated":true}]}}