{"id":57564,"date":"2018-03-09T22:45:24","date_gmt":"2018-03-09T22:45:24","guid":{"rendered":"https:\/\/www.deberes.net\/tesis\/sin-categoria\/joaquin-peinado-la-herencia-del-cubismo-en-la-renovacion-plastica-espanola-del-siglo-xx-catalogacion-de-la-obra-1921-1975\/"},"modified":"2018-03-09T22:45:24","modified_gmt":"2018-03-09T22:45:24","slug":"joaquin-peinado-la-herencia-del-cubismo-en-la-renovacion-plastica-espanola-del-siglo-xx-catalogacion-de-la-obra-1921-1975","status":"publish","type":"post","link":"https:\/\/www.deberes.net\/tesis\/historias-especializadas\/joaquin-peinado-la-herencia-del-cubismo-en-la-renovacion-plastica-espanola-del-siglo-xx-catalogacion-de-la-obra-1921-1975\/","title":{"rendered":"Joaquin peinado: la herencia del cubismo en la renovaci\u00f3n pl\u00e1stica espa\u00f1ola del siglo xx. catalogaci\u00f3n de la obra 1921-1975"},"content":{"rendered":"<h2>Tesis doctoral de <strong>  L\u00f3pez Flores Rafael Valent\u00edn <\/strong><\/h2>\n<p>Joaqu\u00edn peinado, pintor espa\u00f1ol nacido en ronda (m\u00e1laga) en 1898 y fallecido en par\u00eds en 1975, fue uno de los m\u00e1s destacados representantes de su generaci\u00f3n, artista que, hasta la fecha, no ha sido estudiado con el detenimiento y capacidad de an\u00e1lisis que su obra, por significaci\u00f3n, merecimiento y calidad est\u00e9tica, merec\u00eda. De ese modo, la tesis se propone desvelar, contextualizar y valorar su aportaci\u00f3n a la renovaci\u00f3n pl\u00e1stica espa\u00f1ola del pasado siglo xx, aportando para ello, adem\u00e1s de una detallada biograf\u00eda y un completo estudio art\u00edstico, un primer acercamiento a la catalogaci\u00f3n de su obra.     su trayectoria estuvo jalonada por varios hitos comunes a los pintores de la generaci\u00f3n del 27. Form\u00e1ndose en la madrile\u00f1a escuela de la real academia de san fernando, inici\u00f3 su faceta pict\u00f3rica en el entorno paisaj\u00edstico del paular bajo el influjo de daniel v\u00e1zquez d\u00edaz, sin atender en primera instancia a los requerimientos de la vanguardia m\u00e1s militante. Luego, en 1923, fue de los primeros de su generaci\u00f3n en instalarse en la capital francesa, donde, tras el encuentro con el cubismo, picasso, y la herencia de c\u00e9zanne, practic\u00f3 una pintura que pas\u00f3 por tendencias como los nuevos clasicismos, el neocubismo o la figuraci\u00f3n l\u00edrica, imbric\u00e1ndose, por pleno derecho, en las posturas renovadores del \u00abarte nuevo\u00bb espa\u00f1ol de la d\u00e9cada de los 20.     en los 40, tras un par\u00e9ntesis de casi una d\u00e9cada marcado por singulares condicionantes personales y protagonizado por una relevante acci\u00f3n propagand\u00edstica desde el exilio a favor de la segunda rep\u00fablica espa\u00f1ola, regres\u00f3 a la pintura manifestando una singular y pesonal\u00edsma est\u00e9tica que, partiendo la herencia cubista y las lecciones de depuraci\u00f3n o idealismo, pict\u00f3rico tomadas de c\u00e9zanne, dio a luz una pintura figurativa que encontr\u00f3 en su dimensi\u00f3n \u00abpro-forma\u00bb su justo lugar.  una propuesta que, pese a su aparente car\u00e1cter aislado o independiente, se relacion\u00f3, como la de otr<\/p>\n<p>&nbsp;<\/p>\n<h3>Datos acad\u00e9micos de la tesis doctoral \u00ab<strong>Joaquin peinado: la herencia del cubismo en la renovaci\u00f3n pl\u00e1stica espa\u00f1ola del siglo xx. catalogaci\u00f3n de la obra 1921-1975<\/strong>\u00ab<\/h3>\n<ul>\n<li><strong>T\u00edtulo de la tesis:<\/strong>\u00a0 Joaquin peinado: la herencia del cubismo en la renovaci\u00f3n pl\u00e1stica espa\u00f1ola del siglo xx. catalogaci\u00f3n de la obra 1921-1975 <\/li>\n<li><strong>Autor:<\/strong>\u00a0  L\u00f3pez Flores Rafael Valent\u00edn <\/li>\n<li><strong>Universidad:<\/strong>\u00a0 M\u00e1laga<\/li>\n<li><strong>Fecha de lectura de la tesis:<\/strong>\u00a0 17\/03\/2007<\/li>\n<\/ul>\n<p>&nbsp;<\/p>\n<h3>Direcci\u00f3n y tribunal<\/h3>\n<ul>\n<li><strong>Director de la tesis<\/strong>\n<ul>\n<li>Eugenio Carmona Mato<\/li>\n<\/ul>\n<\/li>\n<li><strong>Tribunal<\/strong>\n<ul>\n<li>Presidente del tribunal: Antonio Ponet correa <\/li>\n<li>rosario Camacho Martinez (vocal)<\/li>\n<li>Mar\u00eda  del mar Lozano bartolozzi (vocal)<\/li>\n<li>carmen Bernardez sanchiz (vocal)<\/li>\n<\/ul>\n<\/li>\n<\/ul>\n<p>&nbsp;<\/p>\n","protected":false},"excerpt":{"rendered":"<p>Tesis doctoral de L\u00f3pez Flores Rafael Valent\u00edn Joaqu\u00edn peinado, pintor espa\u00f1ol nacido en ronda (m\u00e1laga) en 1898 y fallecido en [&hellip;]<\/p>\n","protected":false},"author":1,"featured_media":0,"comment_status":"open","ping_status":"open","sticky":false,"template":"","format":"standard","meta":{"site-sidebar-layout":"default","site-content-layout":"","ast-site-content-layout":"","site-content-style":"default","site-sidebar-style":"default","ast-global-header-display":"","ast-banner-title-visibility":"","ast-main-header-display":"","ast-hfb-above-header-display":"","ast-hfb-below-header-display":"","ast-hfb-mobile-header-display":"","site-post-title":"","ast-breadcrumbs-content":"","ast-featured-img":"","footer-sml-layout":"","theme-transparent-header-meta":"","adv-header-id-meta":"","stick-header-meta":"","header-above-stick-meta":"","header-main-stick-meta":"","header-below-stick-meta":"","astra-migrate-meta-layouts":"default","ast-page-background-enabled":"default","ast-page-background-meta":{"desktop":{"background-color":"var(--ast-global-color-4)","background-image":"","background-repeat":"repeat","background-position":"center center","background-size":"auto","background-attachment":"scroll","background-type":"","background-media":"","overlay-type":"","overlay-color":"","overlay-gradient":""},"tablet":{"background-color":"","background-image":"","background-repeat":"repeat","background-position":"center center","background-size":"auto","background-attachment":"scroll","background-type":"","background-media":"","overlay-type":"","overlay-color":"","overlay-gradient":""},"mobile":{"background-color":"","background-image":"","background-repeat":"repeat","background-position":"center center","background-size":"auto","background-attachment":"scroll","background-type":"","background-media":"","overlay-type":"","overlay-color":"","overlay-gradient":""}},"ast-content-background-meta":{"desktop":{"background-color":"var(--ast-global-color-5)","background-image":"","background-repeat":"repeat","background-position":"center center","background-size":"auto","background-attachment":"scroll","background-type":"","background-media":"","overlay-type":"","overlay-color":"","overlay-gradient":""},"tablet":{"background-color":"var(--ast-global-color-5)","background-image":"","background-repeat":"repeat","background-position":"center center","background-size":"auto","background-attachment":"scroll","background-type":"","background-media":"","overlay-type":"","overlay-color":"","overlay-gradient":""},"mobile":{"background-color":"var(--ast-global-color-5)","background-image":"","background-repeat":"repeat","background-position":"center center","background-size":"auto","background-attachment":"scroll","background-type":"","background-media":"","overlay-type":"","overlay-color":"","overlay-gradient":""}},"footnotes":""},"categories":[222,7834],"tags":[127194,127195,35860,127193,19490,8015],"class_list":["post-57564","post","type-post","status-publish","format-standard","hentry","category-historias-especializadas","category-malaga","tag-antonio-ponet-correa","tag-carmen-bernardez-sanchiz","tag-eugenio-carmona-mato","tag-lopez-flores-rafael-valentin","tag-maria-del-mar-lozano-bartolozzi","tag-rosario-camacho-Martinez"],"_links":{"self":[{"href":"https:\/\/www.deberes.net\/tesis\/wp-json\/wp\/v2\/posts\/57564","targetHints":{"allow":["GET"]}}],"collection":[{"href":"https:\/\/www.deberes.net\/tesis\/wp-json\/wp\/v2\/posts"}],"about":[{"href":"https:\/\/www.deberes.net\/tesis\/wp-json\/wp\/v2\/types\/post"}],"author":[{"embeddable":true,"href":"https:\/\/www.deberes.net\/tesis\/wp-json\/wp\/v2\/users\/1"}],"replies":[{"embeddable":true,"href":"https:\/\/www.deberes.net\/tesis\/wp-json\/wp\/v2\/comments?post=57564"}],"version-history":[{"count":0,"href":"https:\/\/www.deberes.net\/tesis\/wp-json\/wp\/v2\/posts\/57564\/revisions"}],"wp:attachment":[{"href":"https:\/\/www.deberes.net\/tesis\/wp-json\/wp\/v2\/media?parent=57564"}],"wp:term":[{"taxonomy":"category","embeddable":true,"href":"https:\/\/www.deberes.net\/tesis\/wp-json\/wp\/v2\/categories?post=57564"},{"taxonomy":"post_tag","embeddable":true,"href":"https:\/\/www.deberes.net\/tesis\/wp-json\/wp\/v2\/tags?post=57564"}],"curies":[{"name":"wp","href":"https:\/\/api.w.org\/{rel}","templated":true}]}}